{"id":203537,"date":"2019-09-16T11:02:00","date_gmt":"2019-09-16T08:02:00","guid":{"rendered":"http:\/\/www.tvturk.com\/index.php\/tesk-genel-baskani-palandoken-motorine-zammi-kimse-aklindan-gecirmemeli\/"},"modified":"2019-09-16T11:02:00","modified_gmt":"2019-09-16T08:02:00","slug":"tesk-genel-baskani-palandoken-motorine-zammi-kimse-aklindan-gecirmemeli","status":"publish","type":"post","link":"http:\/\/www.tvturk.com\/index.php\/tesk-genel-baskani-palandoken-motorine-zammi-kimse-aklindan-gecirmemeli\/","title":{"rendered":"TESK Genel Ba\u015fkan\u0131 Paland\u00f6ken: \u201cMotorine zamm\u0131 kimse akl\u0131ndan ge\u00e7irmemeli\u201d"},"content":{"rendered":"<p>Motorine zam yap\u0131laca\u011f\u0131 \u015feklinde s\u00f6ylentilerin yo\u011funla\u015ft\u0131\u011f\u0131na dikkat \u00e7eken TESK Genel Ba\u015fkan\u0131 Bendevi Paland\u00f6ken, \u201cMotorine zamm\u0131 kimse akl\u0131ndan ge\u00e7irmemeli\u201d dedi.<\/p>\n<p>Faizlerin d\u00fc\u015fmesi ve dolar kurunun 5.85 TL\u2019nin alt\u0131na d\u00fc\u015ferek 5.70-5.72 dolar seviyesinde seyretti\u011fini ve motorine zam yap\u0131laca\u011f\u0131 \u015feklinde s\u00f6ylentilerin yo\u011funla\u015ft\u0131\u011f\u0131na dikkat \u00e7eken T\u00fcrkiye Esnaf ve Sanatk\u00e2rlar Konfederasyonu (TESK) Genel Ba\u015fkan\u0131 Bendevi Paland\u00f6ken, \u201cBankalar\u0131n ve Merkez Bankas\u0131n\u0131n faizleri d\u00fc\u015f\u00fcrmesi, dolar kuru 5.70\u2019lerde seyrediyor. Yani nerede ise 15 kuru\u015fa yak\u0131n bir d\u00fc\u015f\u00fc\u015f seyretti. Motorine en son zam geldi\u011fi zaman petrol\u00fcn uluslararas\u0131 fiyat\u0131 da 63-64 dolar seviyesinde idi. \u015eu anda zam i\u00e7in bir gerek\u00e7e g\u00f6remiyoruz. Aksine havalar\u0131n so\u011fumas\u0131 ile birlikte \u00f6zellikle do\u011fal gaz ve elektrik fiyatlar\u0131nda indirime gidilmesini bekliyoruz\u201d dedi.<\/p>\n<p>\u00d6nemli kalemlerde indirime gidilmesinin piyasalar\u0131 rahatlataca\u011f\u0131n\u0131 belirten Paland\u00f6ken, \u201cMerkez Bankas\u0131n\u0131n son 2 ayda iki kez faizleri d\u00fc\u015f\u00fcrme karar\u0131n\u0131n piyasalar\u0131 olumlu etkileyece\u011fini belirtmi\u015ftik. Bankalar da ayn\u0131 \u015fekilde faizlerde indirime gitti. Bununla birlikte dolar\u0131n da d\u00fc\u015f\u00fck seviyelerde seyretmesi, Brent petrol\u00fcn varil fiyat\u0131n\u0131n \u015fu anki y\u00fckselmesini ge\u00e7ici olarak g\u00f6rmekteyiz. K\u0131sa s\u00fcre i\u00e7erisinde Brent petrol\u00fcn varil fiyat\u0131n\u0131n yeniden 60 dolar seviyesine d\u00fc\u015fece\u011fini unutmamal\u0131y\u0131z. Bu geli\u015fmeleri lehimize kullanarak biz de baz\u0131 \u00f6nemli kalemlerde indirime gitmeliyiz. 20 A\u011fustos\u2019tan bu yana benzine 22 kuru\u015f, motorine 28 kuru\u015f, LPG\u2019ye ise 8 kuru\u015f zam yap\u0131ld\u0131. Yeni bir zamm\u0131 piyasalar kald\u0131ramaz. Halk\u0131m\u0131z\u0131n ve esnaf\u0131m\u0131z\u0131n bekledi\u011fi faiz indiriminden sonra motorin, benzin, elektrik ve do\u011fal gaza da indirim yap\u0131lmal\u0131. \u00c7\u00fcnk\u00fc zincirleme olarak bir\u00e7ok sekt\u00f6r\u00fc etkileyen akaryak\u0131ta zam gelmesi vatanda\u015f\u0131m\u0131z\u0131 da, piyasalar\u0131 rahatlat\u0131r. En \u00f6nemlisi enflasyonu iyice a\u015fa\u011f\u0131 \u00e7eker\u201d diye konu\u015ftu.<\/p>\n<p>\u201cVatanda\u015flar\u0131m\u0131za indirim haberleri m\u00fcjdesi verilmeli\u201d<\/p>\n<p>K\u0131\u015f aylar\u0131na girildi\u011fi bu d\u00f6nemde vatanda\u015flar\u0131n indirim haberleri bekledi\u011fine dikkati \u00e7eken Paland\u00f6ken, \u201cHavalar\u0131n so\u011fumaya ba\u015flamas\u0131 ve k\u0131\u015f aylar\u0131n\u0131n yakla\u015fmas\u0131yla elektrik ve do\u011fal gaza da indirim gelmesi de \u00f6nemli. Vatanda\u015flar\u0131m\u0131z\u0131n bu kalemlerdeki indirime \u00e7ok ihtiyac\u0131 var. Do\u011fal gaza hem 1 A\u011fustos\u2019ta hem de 31 A\u011fustos\u2019ta y\u00fczde 14,9 zam gelmesiyle 1 ayda toplam gelen zam oran\u0131 y\u00fczde 32 oldu. Bununla birlikte 1 Temmuz\u2019da y\u00fczde 14,9 zam da elektri\u011fe geldi. Maa\u015flar y\u00fczde 4 artarken bu zamlar vatanda\u015flar\u0131n gelirini eriterek ekonomimizi de olumsuz etkiliyor. En \u00e7ok kullan\u0131lan ve \u015fart olan elektrik ile do\u011fal gazda k\u00fcresel piyasalar da d\u00fc\u015f\u00fcn\u00fclerek indirime gidilmeli\u201d dedi.<\/p>\n","protected":false},"excerpt":{"rendered":"<p>MOTOR\u0130NE ZAM YAPILACA\u011eI \u015eEKL\u0130NDE S\u00d6YLENT\u0130LER\u0130N YO\u011eUNLA\u015eTI\u011eINA D\u0130KKAT \u00c7EKEN TESK GENEL BA\u015eKANI BENDEV\u0130 PALAND\u00d6KEN, \u201cMOTOR\u0130NE ZAMMI K\u0130MSE AKLINDAN GE\u00c7\u0130RMEMEL\u0130\u201d DED\u0130.<\/p>\n","protected":false},"author":1,"featured_media":203538,"comment_status":"closed","ping_status":"open","sticky":false,"template":"","format":"standard","meta":{"jetpack_post_was_ever_published":false,"_jetpack_newsletter_access":"","_jetpack_dont_email_post_to_subs":false,"_jetpack_newsletter_tier_id":0,"_jetpack_memberships_contains_paywalled_content":false,"_jetpack_memberships_contains_paid_content":false,"footnotes":"","jetpack_publicize_message":"","jetpack_publicize_feature_enabled":true,"jetpack_social_post_already_shared":true,"jetpack_social_options":{"image_generator_settings":{"template":"highway","default_image_id":0,"font":"","enabled":false},"version":2}},"categories":[19],"tags":[4581,51350,216,51351,869,44107,8073,12357,33052],"class_list":["post-203537","post","type-post","status-publish","format-standard","has-post-thumbnail","hentry","category-ekonomi","tag-kimse","tag-aklindan","tag-baskani","tag-gecirmemeli","tag-genel","tag-motorine","tag-palandoken","tag-tesk","tag-zammi"],"jetpack_publicize_connections":[],"jetpack_featured_media_url":"https:\/\/i0.wp.com\/www.tvturk.com\/wp-content\/uploads\/2019\/09\/tesk-genel-baskani-palandoken-motorine-zammi-kimse-aklindan-gecirmemeli_34a7f98.jpg?fit=1000%2C924","jetpack_sharing_enabled":true,"jetpack_shortlink":"https:\/\/wp.me\/paKIfm-QWR","_links":{"self":[{"href":"http:\/\/www.tvturk.com\/index.php\/wp-json\/wp\/v2\/posts\/203537","targetHints":{"allow":["GET"]}}],"collection":[{"href":"http:\/\/www.tvturk.com\/index.php\/wp-json\/wp\/v2\/posts"}],"about":[{"href":"http:\/\/www.tvturk.com\/index.php\/wp-json\/wp\/v2\/types\/post"}],"author":[{"embeddable":true,"href":"http:\/\/www.tvturk.com\/index.php\/wp-json\/wp\/v2\/users\/1"}],"replies":[{"embeddable":true,"href":"http:\/\/www.tvturk.com\/index.php\/wp-json\/wp\/v2\/comments?post=203537"}],"version-history":[{"count":0,"href":"http:\/\/www.tvturk.com\/index.php\/wp-json\/wp\/v2\/posts\/203537\/revisions"}],"wp:featuredmedia":[{"embeddable":true,"href":"http:\/\/www.tvturk.com\/index.php\/wp-json\/wp\/v2\/media\/203538"}],"wp:attachment":[{"href":"http:\/\/www.tvturk.com\/index.php\/wp-json\/wp\/v2\/media?parent=203537"}],"wp:term":[{"taxonomy":"category","embeddable":true,"href":"http:\/\/www.tvturk.com\/index.php\/wp-json\/wp\/v2\/categories?post=203537"},{"taxonomy":"post_tag","embeddable":true,"href":"http:\/\/www.tvturk.com\/index.php\/wp-json\/wp\/v2\/tags?post=203537"}],"curies":[{"name":"wp","href":"https:\/\/api.w.org\/{rel}","templated":true}]}}