{"id":203549,"date":"2019-09-16T11:16:13","date_gmt":"2019-09-16T08:16:13","guid":{"rendered":"http:\/\/www.tvturk.com\/index.php\/babalarini-kaybettiler-dedeleri-de-artik-yuruyemiyor\/"},"modified":"2019-09-16T11:16:13","modified_gmt":"2019-09-16T08:16:13","slug":"babalarini-kaybettiler-dedeleri-de-artik-yuruyemiyor","status":"publish","type":"post","link":"http:\/\/www.tvturk.com\/index.php\/babalarini-kaybettiler-dedeleri-de-artik-yuruyemiyor\/","title":{"rendered":"Babalar\u0131n\u0131 kaybettiler, dedeleri de art\u0131k y\u00fcr\u00fcyemiyor"},"content":{"rendered":"<p>Suriye i\u00e7 sava\u015f\u0131n\u0131n ma\u011fduru olan \u00e7ocuklara her g\u00fcn bir yenisi ekleniyor. \u0130dlib\u2019de ya\u015fayan 3 \u00e7ocuklu bir ailenin babalar\u0131 hayat\u0131n\u0131 kaybederken, dedeleri de art\u0131k y\u00fcr\u00fcyemiyor ve konu\u015fam\u0131yor.<\/p>\n<p>T\u00fcrkiye s\u0131n\u0131r\u0131na yak\u0131n noktadaki g\u00fcvenli alanlara g\u00f6\u00e7 eden \u0130dlibli aileler aras\u0131nda her g\u00fcn yeni bir aile dram\u0131 ya\u015fan\u0131yor. \u0130dlib\u2019den g\u00f6\u00e7 eden 3 \u00e7ocuklu Mahmud ailesi, \u00f6nce babalar\u0131n\u0131n \u00f6l\u00fcm haberini al\u0131rken ard\u0131ndan da oturduklar\u0131 eve d\u00fc\u015fen u\u00e7ak nedeniyle dedeleri art\u0131k y\u00fcr\u00fcyemiyor ve konu\u015fam\u0131yor. O\u011flu Ahmed El Mahmud\u2019un i\u00e7 sava\u015f nedeniyle hayat\u0131n\u0131 kaybetti\u011fini ifade eden anne Meryem El Mahmud, e\u015fi Mahmud El Hassan\u2019\u0131n da evlerine d\u00fc\u015fen u\u00e7ak sonucu y\u00fcr\u00fcyemedi\u011fini ve konu\u015famad\u0131\u011f\u0131n\u0131 s\u00f6yledi. Anne Mahmud, \u201cG\u00fcvenli b\u00f6lgelere zor da olsa yeni g\u00f6\u00e7 edebildik. E\u015fim evimize d\u00fc\u015fen u\u00e7ak nedeniyle art\u0131k y\u00fcr\u00fcyemiyor ve konu\u015fam\u0131yor. 3 \u00e7ocuk babas\u0131 o\u011flum ise yak\u0131n zamanda hayat\u0131n\u0131 kaybetti. E\u015fim de karn\u0131 yaral\u0131 konu\u015fam\u0131yor ve y\u00fcr\u00fcyemiyor, sadece s\u0131v\u0131 yemek t\u00fcketebiliyor, kat\u0131 yemek yiyemiyor\u201d dedi.<\/p>\n<p>\u00d6te yandan, T\u00fcrkiye s\u0131n\u0131r\u0131na yak\u0131n noktadaki g\u00fcvenli alanlara g\u00f6\u00e7 eden \u0130dliblilere, T\u00fcrk K\u0131z\u0131lay\u0131 ve Afet ve Acil Durum Y\u00f6netimi Ba\u015fkanl\u0131\u011f\u0131 (AFAD) ekipleri erzak yard\u0131m\u0131nda bulunuyor. T\u00fcrk K\u0131z\u0131lay\u0131 ve AFAD ekipleri, g\u00fcvenli b\u00f6lgelerde ya\u015fayan \u0130dliblilerin durumlar\u0131n\u0131 tespit ederek, g\u0131da yard\u0131mlar\u0131n\u0131 ger\u00e7ekle\u015ftiriyor.<\/p>\n","protected":false},"excerpt":{"rendered":"<p>\u0130DL\u0130B\u2019TEN G\u00d6\u00c7 EDEN 3 \u00c7OCUKLU MAHMUD A\u0130LES\u0130, \u00d6NCE BABALARININ \u015eEH\u0130T HABER\u0130N\u0130 ALIRKEN ARDINDAN DA OTURDUKLARI EVE D\u00dc\u015eEN U\u00c7AK NEDEN\u0130YLE DEDELER\u0130 ARTIK Y\u00dcR\u00dcYEM\u0130YOR VE KONU\u015eAMIYOR.<\/p>\n","protected":false},"author":1,"featured_media":203550,"comment_status":"closed","ping_status":"open","sticky":false,"template":"","format":"standard","meta":{"jetpack_post_was_ever_published":false,"_jetpack_newsletter_access":"","_jetpack_dont_email_post_to_subs":false,"_jetpack_newsletter_tier_id":0,"_jetpack_memberships_contains_paywalled_content":false,"_jetpack_memberships_contains_paid_content":false,"footnotes":"","jetpack_publicize_message":"","jetpack_publicize_feature_enabled":true,"jetpack_social_post_already_shared":true,"jetpack_social_options":{"image_generator_settings":{"template":"highway","default_image_id":0,"font":"","enabled":false},"version":2}},"categories":[10],"tags":[2058,51355,26004,51356,51357],"class_list":["post-203549","post","type-post","status-publish","format-standard","has-post-thumbnail","hentry","category-dunya","tag-artik","tag-babalarini","tag-dedeleri","tag-kaybettiler","tag-yuruyemiyor"],"jetpack_publicize_connections":[],"jetpack_featured_media_url":"https:\/\/i0.wp.com\/www.tvturk.com\/wp-content\/uploads\/2019\/09\/babalarini-kaybettiler-dedeleri-de-artik-yuruyemiyor_557f5f6.jpg?fit=1000%2C666","jetpack_sharing_enabled":true,"jetpack_shortlink":"https:\/\/wp.me\/paKIfm-QX3","_links":{"self":[{"href":"http:\/\/www.tvturk.com\/index.php\/wp-json\/wp\/v2\/posts\/203549","targetHints":{"allow":["GET"]}}],"collection":[{"href":"http:\/\/www.tvturk.com\/index.php\/wp-json\/wp\/v2\/posts"}],"about":[{"href":"http:\/\/www.tvturk.com\/index.php\/wp-json\/wp\/v2\/types\/post"}],"author":[{"embeddable":true,"href":"http:\/\/www.tvturk.com\/index.php\/wp-json\/wp\/v2\/users\/1"}],"replies":[{"embeddable":true,"href":"http:\/\/www.tvturk.com\/index.php\/wp-json\/wp\/v2\/comments?post=203549"}],"version-history":[{"count":0,"href":"http:\/\/www.tvturk.com\/index.php\/wp-json\/wp\/v2\/posts\/203549\/revisions"}],"wp:featuredmedia":[{"embeddable":true,"href":"http:\/\/www.tvturk.com\/index.php\/wp-json\/wp\/v2\/media\/203550"}],"wp:attachment":[{"href":"http:\/\/www.tvturk.com\/index.php\/wp-json\/wp\/v2\/media?parent=203549"}],"wp:term":[{"taxonomy":"category","embeddable":true,"href":"http:\/\/www.tvturk.com\/index.php\/wp-json\/wp\/v2\/categories?post=203549"},{"taxonomy":"post_tag","embeddable":true,"href":"http:\/\/www.tvturk.com\/index.php\/wp-json\/wp\/v2\/tags?post=203549"}],"curies":[{"name":"wp","href":"https:\/\/api.w.org\/{rel}","templated":true}]}}