{"id":203563,"date":"2019-09-16T11:46:35","date_gmt":"2019-09-16T08:46:35","guid":{"rendered":"http:\/\/www.tvturk.com\/index.php\/hayali-olan-ucan-arabayi-15-bin-liraya-yapti\/"},"modified":"2019-09-16T11:46:35","modified_gmt":"2019-09-16T08:46:35","slug":"hayali-olan-ucan-arabayi-15-bin-liraya-yapti","status":"publish","type":"post","link":"http:\/\/www.tvturk.com\/index.php\/hayali-olan-ucan-arabayi-15-bin-liraya-yapti\/","title":{"rendered":"Hayali olan u\u00e7an arabay\u0131 15 bin liraya yapt\u0131"},"content":{"rendered":"<p>Siirtli Burhan Canpolat, k\u00fc\u00e7\u00fck ya\u015flarda hayalini kurdu\u011fu u\u00e7an arabay\u0131 15 bin liraya haftada 3 g\u00fcn \u00e7al\u0131\u015farak 2 y\u0131lda tamamlad\u0131\u011f\u0131n\u0131 belirtti. Arabaya Ayy\u0131ld\u0131z ismini veren Canpolat, arac\u0131 havaland\u0131rabilmek i\u00e7in destek bekledi\u011fini s\u00f6yledi.<\/p>\n<p>45 ya\u015f\u0131ndaki Burhan Canpolat, \u00e7ocukluk hayali olan u\u00e7an arabay\u0131 yapmak i\u00e7in sa\u011fdan soldan toplad\u0131\u011f\u0131 par\u00e7alarla iki ki\u015filik araba yapmay\u0131 ba\u015fard\u0131. Canpolat, yapt\u0131\u011f\u0131 iki ki\u015filik arabay\u0131 u\u00e7urmak i\u00e7in yetkililerden destek bekliyor. U\u00e7an arabay\u0131 yapt\u0131\u011f\u0131n\u0131 ancak u\u00e7urmak i\u00e7in maddi deste\u011fe ihtiyac\u0131 oldu\u011funu belirten kep\u00e7e operat\u00f6r\u00fc Burhan Canpolat, y\u0131llarca u\u00e7an araba yapmay\u0131 hayal etti\u011fini ve bu hayalinin ger\u00e7ekle\u015fmesi i\u00e7in maddi deste\u011fe ihtiyac\u0131 oldu\u011funu dile getirdi. Canpolat, &#8220;\u0130ki ki\u015filik u\u00e7an araba yapt\u0131m. U\u00e7an araban\u0131n tamam\u0131n\u0131 kendi imkanlar\u0131mla yapt\u0131m. Motorlar\u0131n\u0131 \u00e7ama\u015f\u0131r makinesinin motorlar\u0131ndan ald\u0131m. Kaynaklar\u0131n tamam\u0131n\u0131 kendim yapt\u0131m. Kep\u00e7e operat\u00f6r\u00fcy\u00fcm. Elektrik, elektronik ve mekanikten de \u00e7ok iyi anl\u0131yorum. \u0130ki ki\u015filik u\u00e7an araba yapt\u0131m. U\u00e7an arabam\u0131z\u0131n u\u00e7mas\u0131 i\u00e7in devlet yetkililerinden destek bekliyorum. Cumhurba\u015fkan\u0131m\u0131z Recep Tayyip Erdo\u011fan\u2019dan destek bekliyorum. Bir Siirtli olarak eni\u015ftemizden destek bekliyorum\u201d dedi.<\/p>\n<p>\u201cU\u00e7an araban\u0131n u\u00e7u\u015f s\u00fcresi 45 dakika\u201d<\/p>\n<p>Araban\u0131n 15 bin liraya mal oldu\u011funu belirten Canpolat, \u201cU\u00e7an araban\u0131n \u015farj\u0131 ortalama 3 saatte doluyor. Ortalama u\u00e7u\u015f s\u00fcresi 45 dakika, saatte 90 kilometre h\u0131z yapabilecek. Y\u00fcksekli\u011fi 4 bin metreye kadar \u00e7\u0131kabilecektir\u201d diye konu\u015ftu.<\/p>\n","protected":false},"excerpt":{"rendered":"<p>S\u0130\u0130RT\u2019TE YA\u015eAYAN 45 YA\u015eINDAK\u0130 BURHAN CANPOLAT, K\u00dc\u00c7\u00dcK YA\u015eLARDA HAYAL\u0130N\u0130 KURDU\u011eU U\u00c7AN ARABAYI KEND\u0130S\u0130 YAPMAYA KARAR VERD\u0130. CANPOLAT, TASARIMINI EV\u0130N\u0130N BODRUMUNDA HAFTADA 3 G\u00dcN \u00c7ALI\u015eARAK 2 YILDA TAMAMLADI\u011eI U\u00c7AN ARABAYA AYYILDIZ \u0130SM\u0130N\u0130 VERD\u0130.<\/p>\n","protected":false},"author":1,"featured_media":203564,"comment_status":"closed","ping_status":"open","sticky":false,"template":"","format":"standard","meta":{"jetpack_post_was_ever_published":false,"_jetpack_newsletter_access":"","_jetpack_dont_email_post_to_subs":false,"_jetpack_newsletter_tier_id":0,"_jetpack_memberships_contains_paywalled_content":false,"_jetpack_memberships_contains_paid_content":false,"footnotes":"","jetpack_publicize_message":"","jetpack_publicize_feature_enabled":true,"jetpack_social_post_already_shared":true,"jetpack_social_options":{"image_generator_settings":{"template":"highway","default_image_id":0,"font":"","enabled":false},"version":2}},"categories":[1],"tags":[25162,213,8368,4540,572,1832,292],"class_list":["post-203563","post","type-post","status-publish","format-standard","has-post-thumbnail","hentry","category-genel","tag-arabayi","tag-bin","tag-hayali","tag-liraya","tag-olan","tag-ucan","tag-yapti"],"jetpack_publicize_connections":[],"jetpack_featured_media_url":"https:\/\/i0.wp.com\/www.tvturk.com\/wp-content\/uploads\/2019\/09\/hayali-olan-ucan-arabayi-15-bin-liraya-yapti_c8838f4.jpg?fit=1000%2C661","jetpack_sharing_enabled":true,"jetpack_shortlink":"https:\/\/wp.me\/paKIfm-QXh","_links":{"self":[{"href":"http:\/\/www.tvturk.com\/index.php\/wp-json\/wp\/v2\/posts\/203563","targetHints":{"allow":["GET"]}}],"collection":[{"href":"http:\/\/www.tvturk.com\/index.php\/wp-json\/wp\/v2\/posts"}],"about":[{"href":"http:\/\/www.tvturk.com\/index.php\/wp-json\/wp\/v2\/types\/post"}],"author":[{"embeddable":true,"href":"http:\/\/www.tvturk.com\/index.php\/wp-json\/wp\/v2\/users\/1"}],"replies":[{"embeddable":true,"href":"http:\/\/www.tvturk.com\/index.php\/wp-json\/wp\/v2\/comments?post=203563"}],"version-history":[{"count":0,"href":"http:\/\/www.tvturk.com\/index.php\/wp-json\/wp\/v2\/posts\/203563\/revisions"}],"wp:featuredmedia":[{"embeddable":true,"href":"http:\/\/www.tvturk.com\/index.php\/wp-json\/wp\/v2\/media\/203564"}],"wp:attachment":[{"href":"http:\/\/www.tvturk.com\/index.php\/wp-json\/wp\/v2\/media?parent=203563"}],"wp:term":[{"taxonomy":"category","embeddable":true,"href":"http:\/\/www.tvturk.com\/index.php\/wp-json\/wp\/v2\/categories?post=203563"},{"taxonomy":"post_tag","embeddable":true,"href":"http:\/\/www.tvturk.com\/index.php\/wp-json\/wp\/v2\/tags?post=203563"}],"curies":[{"name":"wp","href":"https:\/\/api.w.org\/{rel}","templated":true}]}}