{"id":203722,"date":"2019-09-16T15:01:56","date_gmt":"2019-09-16T12:01:56","guid":{"rendered":"http:\/\/www.tvturk.com\/index.php\/diyarbakir-annelerinin-cigligi-ulke-sinirlarini-asti\/"},"modified":"2019-09-16T15:01:56","modified_gmt":"2019-09-16T12:01:56","slug":"diyarbakir-annelerinin-cigligi-ulke-sinirlarini-asti","status":"publish","type":"post","link":"http:\/\/www.tvturk.com\/index.php\/diyarbakir-annelerinin-cigligi-ulke-sinirlarini-asti\/","title":{"rendered":"Diyarbak\u0131r annelerinin \u00e7\u0131\u011fl\u0131\u011f\u0131 \u00fclke s\u0131n\u0131rlar\u0131n\u0131 a\u015ft\u0131"},"content":{"rendered":"<p>\u00c7ocuklar\u0131n\u0131n ter\u00f6r \u00f6rg\u00fct\u00fc PKK taraf\u0131ndan ka\u00e7\u0131r\u0131ld\u0131\u011f\u0131 iddias\u0131 ile HDP il binas\u0131 \u00f6n\u00fcnde oturma eylemi ba\u015flatan ailelerin \u00e7\u0131\u011fl\u0131\u011f\u0131 \u00fclke s\u0131n\u0131rlar\u0131n\u0131 a\u015ft\u0131. Yak\u0131nlar\u0131n\u0131n PKK\u2019n\u0131n uzant\u0131s\u0131 PJAK taraf\u0131ndan ka\u00e7\u0131r\u0131ld\u0131\u011f\u0131n\u0131 savunan 5 \u0130ranl\u0131 aile, Diyarbak\u0131r\u2019daki oturma eylemine kat\u0131ld\u0131.<\/p>\n<p>HDP Diyarbak\u0131r \u0130l Ba\u015fkanl\u0131\u011f\u0131 \u00f6n\u00fcnde oturma eylemini s\u00fcrd\u00fcren ailelerin say\u0131s\u0131 14\u2019\u00fcnc\u00fc g\u00fcn\u00fcnde 35\u2019e y\u00fckseldi. \u00c7\u0131\u011fl\u0131\u011f\u0131 \u00fclke s\u0131n\u0131rlar\u0131n\u0131 a\u015fan anneleri g\u00f6ren \u0130ranl\u0131 5 aile de HDP Diyarbak\u0131r \u0130l Ba\u015fkanl\u0131\u011f\u0131 \u00f6n\u00fcne geldi. Yak\u0131nlar\u0131n\u0131n ter\u00f6r \u00f6rg\u00fct\u00fcn\u00fcn \u0130ran uzant\u0131s\u0131 PJAK taraf\u0131ndan ka\u00e7\u0131r\u0131ld\u0131\u011f\u0131n\u0131 savunan 5 aile, seslerini duyurmak i\u00e7in parti binas\u0131 \u00f6n\u00fcnde bir g\u00fcnl\u00fck oturma eylemi ba\u015flatt\u0131.<\/p>\n<p>\u2019\u2019\u00c7ocuklar\u0131m\u0131zdan ses almak umuduyla buraya geldik\u2019\u2019<\/p>\n<p>Yakla\u015f\u0131k 6 y\u0131l \u00f6nce o\u011flu \u0130lyas\u2019\u0131n ka\u00e7\u0131r\u0131ld\u0131\u011f\u0131n\u0131 belirten Fehim Hekimi, \u00e7ocuklar\u0131n\u0131 istediklerini s\u00f6yledi. Hekimi, \u2019\u2019\u00c7ocu\u011fumuzdan haber alamad\u0131k. Ben \u0130ran\u2019dan geldim. Kimin ka\u00e7\u0131rd\u0131\u011f\u0131n\u0131 bilmiyorum. Ka\u00e7 y\u0131ld\u0131r kendisinden haber alamad\u0131m. Ben \u00e7ocu\u011fumdan haber almak istiyorum. Bizim burada tan\u0131d\u0131klar\u0131m\u0131z vard\u0131, bize s\u00f6ylediler ve televizyondan g\u00f6rd\u00fcm buraya gelip eyleme destek verdik. Buraya geldik, belki \u00e7ocuklar\u0131m\u0131zdan bir haber alabiliriz\u2019\u2019 dedi.<\/p>\n<p>\u2019\u2019Bir g\u00fcn in\u015fallah bulu\u015faca\u011f\u0131z\u2019\u2019<\/p>\n<p>Karde\u015fi \u00dcmit Abduli\u2019nin 9 y\u0131ld\u0131r kay\u0131p oldu\u011funu anlatan R\u00fcstem Abduli de, bunca y\u0131ld\u0131r kendisinden haber alamad\u0131klar\u0131n\u0131 s\u00f6yledi. Abduli, \u2019\u2019Ben, annem ve babam\u0131n onu g\u00f6rmesini istiyorum. Biz bir g\u00fcnl\u00fck buraya geldik sesimizi duyurmak i\u00e7in. Televizyonda g\u00f6rd\u00fck, herkesin buraya geldi\u011fini s\u00f6yl\u00fcyorlard\u0131. Biz de bunu g\u00f6rd\u00fck ve oturma eylemine geldik. Karde\u015fim 25 ya\u015f\u0131nda. Ben ona diyorum ki, \u2019Sen nerede olursan ol Allah\u2019\u0131n eli senin \u00fczerinde olsun.\u2019 Bir g\u00fcn in\u015fallah bulu\u015faca\u011f\u0131z\u2019\u2019 diye konu\u015ftu.<\/p>\n<p>\u0130ran\u2019dan gelen aileler, Diyarbak\u0131r\u2019daki ailelerle birlikte oturma eylemine ba\u015flad\u0131. \u0130ranl\u0131 ailelerin yar\u0131n \u00fclkelerine d\u00f6nmesi bekleniyor.<\/p>\n","protected":false},"excerpt":{"rendered":"<p>\u00c7OCUKLARININ TER\u00d6R \u00d6RG\u00dcT\u00dc PKK TARAFINDAN KA\u00c7IRILDI\u011eI \u0130DD\u0130ASI \u0130LE HDP \u0130L B\u0130NASI \u00d6N\u00dcNDE OTURMA EYLEM\u0130 BA\u015eLATAN A\u0130LELER\u0130N \u00c7I\u011eLI\u011eI \u00dcLKE SINIRLARINI A\u015eTI. YAKINLARININ PKK\u2019NIN UZANTISI PJAK TARAFINDAN KA\u00c7IRILDI\u011eINI SAVUNAN 5 \u0130RANLI A\u0130LE, D\u0130YARBAKIR\u2019DAK\u0130 OTURMA EYLEM\u0130NE KATILDI.<\/p>\n","protected":false},"author":1,"featured_media":203723,"comment_status":"closed","ping_status":"open","sticky":false,"template":"","format":"standard","meta":{"jetpack_post_was_ever_published":false,"_jetpack_newsletter_access":"","_jetpack_dont_email_post_to_subs":false,"_jetpack_newsletter_tier_id":0,"_jetpack_memberships_contains_paywalled_content":false,"_jetpack_memberships_contains_paid_content":false,"footnotes":"","jetpack_publicize_message":"","jetpack_publicize_feature_enabled":true,"jetpack_social_post_already_shared":true,"jetpack_social_options":{"image_generator_settings":{"template":"highway","default_image_id":0,"font":"","enabled":false},"version":2}},"categories":[1],"tags":[20133,3249,18317,2623,3248,7684],"class_list":["post-203722","post","type-post","status-publish","format-standard","has-post-thumbnail","hentry","category-genel","tag-annelerinin","tag-asti","tag-cigligi","tag-diyarbakir","tag-sinirlarini","tag-ulke"],"jetpack_publicize_connections":[],"jetpack_featured_media_url":"https:\/\/i0.wp.com\/www.tvturk.com\/wp-content\/uploads\/2019\/09\/diyarbakir-annelerinin-cigligi-ulke-sinirlarini-asti_222cdb5.jpg?fit=1000%2C666","jetpack_sharing_enabled":true,"jetpack_shortlink":"https:\/\/wp.me\/paKIfm-QZQ","_links":{"self":[{"href":"http:\/\/www.tvturk.com\/index.php\/wp-json\/wp\/v2\/posts\/203722","targetHints":{"allow":["GET"]}}],"collection":[{"href":"http:\/\/www.tvturk.com\/index.php\/wp-json\/wp\/v2\/posts"}],"about":[{"href":"http:\/\/www.tvturk.com\/index.php\/wp-json\/wp\/v2\/types\/post"}],"author":[{"embeddable":true,"href":"http:\/\/www.tvturk.com\/index.php\/wp-json\/wp\/v2\/users\/1"}],"replies":[{"embeddable":true,"href":"http:\/\/www.tvturk.com\/index.php\/wp-json\/wp\/v2\/comments?post=203722"}],"version-history":[{"count":0,"href":"http:\/\/www.tvturk.com\/index.php\/wp-json\/wp\/v2\/posts\/203722\/revisions"}],"wp:featuredmedia":[{"embeddable":true,"href":"http:\/\/www.tvturk.com\/index.php\/wp-json\/wp\/v2\/media\/203723"}],"wp:attachment":[{"href":"http:\/\/www.tvturk.com\/index.php\/wp-json\/wp\/v2\/media?parent=203722"}],"wp:term":[{"taxonomy":"category","embeddable":true,"href":"http:\/\/www.tvturk.com\/index.php\/wp-json\/wp\/v2\/categories?post=203722"},{"taxonomy":"post_tag","embeddable":true,"href":"http:\/\/www.tvturk.com\/index.php\/wp-json\/wp\/v2\/tags?post=203722"}],"curies":[{"name":"wp","href":"https:\/\/api.w.org\/{rel}","templated":true}]}}