{"id":203740,"date":"2019-09-16T15:31:51","date_gmt":"2019-09-16T12:31:51","guid":{"rendered":"http:\/\/www.tvturk.com\/index.php\/faizsiz-elbirligi-sistemi-is-sahibi-yapiyor\/"},"modified":"2019-09-16T15:31:51","modified_gmt":"2019-09-16T12:31:51","slug":"faizsiz-elbirligi-sistemi-is-sahibi-yapiyor","status":"publish","type":"post","link":"http:\/\/www.tvturk.com\/index.php\/faizsiz-elbirligi-sistemi-is-sahibi-yapiyor\/","title":{"rendered":"Faizsiz Elbirli\u011fi Sistemi i\u015f sahibi yap\u0131yor"},"content":{"rendered":"<p>T\u00fcrkiye\u2019de Faizsiz Elbirli\u011fi Sistemi\u2019ni kuran ve ba\u015far\u0131yla uygulayan Eminevim, sekt\u00f6re yapt\u0131\u011f\u0131 katk\u0131larla y\u0131l\u0131n en ba\u015far\u0131l\u0131 firmas\u0131 se\u00e7ildi. Emin Grup \u0130leti\u015fim ve Pazarlama Direkt\u00f6r\u00fc Mustafa Kemal Daldal, 500 ki\u015filik istihdam projesi ile 300\u2019e yak\u0131n ki\u015fiyi i\u015f sahibi yapt\u0131klar\u0131n\u0131 s\u00f6yledi.<\/p>\n<p>Bu y\u0131l d\u00f6rd\u00fcnc\u00fcs\u00fc d\u00fczenlenen BY Protokol Dergisi \u00d6d\u00fcl T\u00f6reni, Bera Ankara Otel\u2019de ger\u00e7ekle\u015fti. Farkl\u0131 sekt\u00f6rlerden y\u0131l\u0131n \u201cen\u201dlerinin se\u00e7ildi\u011fi \u00f6d\u00fcl t\u00f6reninde finans kategorisinde Eminevim \u00f6d\u00fcle lay\u0131k bulundu. T\u00f6rende \u201c\u0130stihdam ve \u00dclke Ekonomisine Katk\u0131\u201d \u00f6d\u00fcl\u00fcn\u00fc Emin Grup Y\u00f6netim Kurulu Ba\u015fkan\u0131 Emin \u00dcst\u00fcn ad\u0131na Kurumsal \u0130leti\u015fim ve Pazarlama Direkt\u00f6r\u00fc Mustafa Kemal Daldal ald\u0131.<\/p>\n<p>\u201c\u0130stihdam projesi i\u015f sahibi yap\u0131yor\u201d<\/p>\n<p>Kendi sekt\u00f6r\u00fcnde en iyileri bulu\u015fturan bu anlaml\u0131 t\u00f6rende \u00f6d\u00fcl almaktan duydu\u011fu mutlulu\u011fu dile getiren Daldal, istihdam ve ekonomiye katk\u0131 sunmaya devam edeceklerini belirtti. S\u00fcrekli b\u00fcy\u00fcyen bir yap\u0131ya sahip olduklar\u0131n\u0131 ifade eden Mustafa Kemal Daldal, \u201cEmin Grup olarak istihdama katk\u0131 sunmak i\u00e7in ba\u015flatt\u0131\u011f\u0131m\u0131z 500 ki\u015filik istihdam projesi ile 300\u2019e yak\u0131n ki\u015fiyi i\u015f sahibi yapt\u0131k. Ayn\u0131 zamanda Gen\u00e7 \u0130stihdam Projesi\u2019ni de ba\u015flatarak \u00fcniversite \u00f6\u011frencilerine b\u00fcnyemizde yer a\u00e7t\u0131k. Onlar\u0131 da i\u015f d\u00fcnyas\u0131yla tan\u0131\u015ft\u0131rmak ve ilk ad\u0131m\u0131 atmalar\u0131n\u0131 sa\u011flamak i\u00e7in yeni f\u0131rsatlar sunduk. \u00dclke ekonomisine katk\u0131 sa\u011flamak i\u00e7in Elbirli\u011fi Sistemi ile ayl\u0131k 250 milyon TL nakit ak\u0131\u015f sa\u011flayarak durgunlu\u011funu koruyan piyasaya cansuyu oluyoruz. Her anlamda \u00fclkesinin yan\u0131nda, milli ve yerli bir finansman modelinin kurucusu olarak art\u0131k T\u00fcrkiye\u2019deki liderli\u011fimizi s\u00fcrd\u00fcrmek ve inovatif bir bak\u0131\u015f a\u00e7\u0131s\u0131yla kurdu\u011fumuz Elbirli\u011fi Sistemi\u2019ni global alana ta\u015f\u0131yarak, d\u00fcnyada kabul edilen bir finansal \u00e7\u00f6z\u00fcm modeli olmay\u0131 hedefliyoruz\u201d dedi.<\/p>\n","protected":false},"excerpt":{"rendered":"<p>FA\u0130ZS\u0130Z ELB\u0130RL\u0130\u011e\u0130 S\u0130STEM\u0130\u2019N\u0130 T\u00dcRK\u0130YE\u2019DE KURAN VE BA\u015eARIYLA UYGULAYAN EM\u0130NEV\u0130M, SEKT\u00d6RE YAPTI\u011eI KATKILARLA YILIN EN BA\u015eARILI F\u0130RMASI SE\u00c7\u0130LD\u0130.<\/p>\n","protected":false},"author":1,"featured_media":203741,"comment_status":"closed","ping_status":"open","sticky":false,"template":"","format":"standard","meta":{"jetpack_post_was_ever_published":false,"_jetpack_newsletter_access":"","_jetpack_dont_email_post_to_subs":false,"_jetpack_newsletter_tier_id":0,"_jetpack_memberships_contains_paywalled_content":false,"_jetpack_memberships_contains_paid_content":false,"footnotes":"","jetpack_publicize_message":"","jetpack_publicize_feature_enabled":true,"jetpack_social_post_already_shared":true,"jetpack_social_options":{"image_generator_settings":{"template":"highway","default_image_id":0,"font":"","enabled":false},"version":2}},"categories":[19],"tags":[23095,38877,432,5966,6233,1685],"class_list":["post-203740","post","type-post","status-publish","format-standard","has-post-thumbnail","hentry","category-ekonomi","tag-faizsiz","tag-elbirligi","tag-is","tag-sahibi","tag-sistemi","tag-yapiyor"],"jetpack_publicize_connections":[],"jetpack_featured_media_url":"https:\/\/i0.wp.com\/www.tvturk.com\/wp-content\/uploads\/2019\/09\/faizsiz-elbirligi-sistemi-is-sahibi-yapiyor_d495052.jpg?fit=1000%2C670","jetpack_sharing_enabled":true,"jetpack_shortlink":"https:\/\/wp.me\/paKIfm-R08","_links":{"self":[{"href":"http:\/\/www.tvturk.com\/index.php\/wp-json\/wp\/v2\/posts\/203740","targetHints":{"allow":["GET"]}}],"collection":[{"href":"http:\/\/www.tvturk.com\/index.php\/wp-json\/wp\/v2\/posts"}],"about":[{"href":"http:\/\/www.tvturk.com\/index.php\/wp-json\/wp\/v2\/types\/post"}],"author":[{"embeddable":true,"href":"http:\/\/www.tvturk.com\/index.php\/wp-json\/wp\/v2\/users\/1"}],"replies":[{"embeddable":true,"href":"http:\/\/www.tvturk.com\/index.php\/wp-json\/wp\/v2\/comments?post=203740"}],"version-history":[{"count":0,"href":"http:\/\/www.tvturk.com\/index.php\/wp-json\/wp\/v2\/posts\/203740\/revisions"}],"wp:featuredmedia":[{"embeddable":true,"href":"http:\/\/www.tvturk.com\/index.php\/wp-json\/wp\/v2\/media\/203741"}],"wp:attachment":[{"href":"http:\/\/www.tvturk.com\/index.php\/wp-json\/wp\/v2\/media?parent=203740"}],"wp:term":[{"taxonomy":"category","embeddable":true,"href":"http:\/\/www.tvturk.com\/index.php\/wp-json\/wp\/v2\/categories?post=203740"},{"taxonomy":"post_tag","embeddable":true,"href":"http:\/\/www.tvturk.com\/index.php\/wp-json\/wp\/v2\/tags?post=203740"}],"curies":[{"name":"wp","href":"https:\/\/api.w.org\/{rel}","templated":true}]}}