{"id":203789,"date":"2019-09-16T17:02:46","date_gmt":"2019-09-16T14:02:46","guid":{"rendered":"http:\/\/www.tvturk.com\/index.php\/yelkende-engelleri-asti-en-genc-sporcu-secildi\/"},"modified":"2019-09-16T17:02:46","modified_gmt":"2019-09-16T14:02:46","slug":"yelkende-engelleri-asti-en-genc-sporcu-secildi","status":"publish","type":"post","link":"http:\/\/www.tvturk.com\/index.php\/yelkende-engelleri-asti-en-genc-sporcu-secildi\/","title":{"rendered":"Yelken\u2019de engelleri a\u015ft\u0131, en gen\u00e7 sporcu se\u00e7ildi"},"content":{"rendered":"<p>Zonguldak\u2019\u0131n Ere\u011fli il\u00e7esinde engelli sporcu B\u00fc\u015fra Nur \u00c7elik, Mersin\u2019de yap\u0131lan Bedensel Engelliler Paralimpik Yelken T\u00fcrkiye \u015eampiyonas\u0131\u2019nda \u00fc\u00e7\u00fcnc\u00fc olma ba\u015far\u0131s\u0131 g\u00f6stererek en gen\u00e7 yelken sporcusu se\u00e7ildi.<\/p>\n<p>T\u00fcrkiye Bedensel Engeliler Federasyonu taraf\u0131ndan 8-14 Nisan tarihleri aras\u0131nda Mersin\u2019de Bedensel Engelliler Paralimpik Yelken T\u00fcrkiye \u015eampiyonas\u0131 yap\u0131ld\u0131. Ere\u011flili sporcu B\u00fc\u015fra Nur \u00c7elik, \u015fampiyonada \u00fc\u00e7\u00fcnc\u00fc olma ba\u015far\u0131s\u0131 g\u00f6stererek, en gen\u00e7 yelken sporcusu se\u00e7ildi. \u015eampiyonan\u0131n ard\u0131ndan \u00c7elik, desteklerinden dolay\u0131 Ere\u011fli Belediye Ba\u015fkan\u0131 Halil Posb\u0131y\u0131k ve Kaymakam \u0130smail \u00c7orumluo\u011flu\u2019nu ziyaret etti. Ba\u015fkan Posb\u0131y\u0131k ve Kaymakam \u00c7orumluo\u011flu ziyaretlerinden dolay\u0131 engelli sporcu B\u00fc\u015fra Nur \u00c7elik\u2019e te\u015fekk\u00fcr ederek, her zaman yanlar\u0131nda olacaklar\u0131n\u0131n s\u00f6z\u00fcn\u00fc verdi.<\/p>\n","protected":false},"excerpt":{"rendered":"<p>ERE\u011eL\u0130L\u0130 ENGELL\u0130 SPORCU B\u00dc\u015eRA NUR \u00c7EL\u0130K, MERS\u0130N&#8217;DE YAPILAN BEDENSEL ENGELL\u0130LER PARAL\u0130MP\u0130K YELKEN T\u00dcRK\u0130YE \u015eAMP\u0130YONASIN&#8217;DA \u00dc\u00c7\u00dcNC\u00dc OLMA BA\u015eARISI G\u00d6STERD\u0130<\/p>\n","protected":false},"author":1,"featured_media":203790,"comment_status":"closed","ping_status":"open","sticky":false,"template":"","format":"standard","meta":{"jetpack_post_was_ever_published":false,"_jetpack_newsletter_access":"","_jetpack_dont_email_post_to_subs":false,"_jetpack_newsletter_tier_id":0,"_jetpack_memberships_contains_paywalled_content":false,"_jetpack_memberships_contains_paid_content":false,"footnotes":"","jetpack_publicize_message":"","jetpack_publicize_feature_enabled":true,"jetpack_social_post_already_shared":true,"jetpack_social_options":{"image_generator_settings":{"template":"highway","default_image_id":0,"font":"","enabled":false},"version":2}},"categories":[657],"tags":[3249,1044,803,910,3895,51423],"class_list":["post-203789","post","type-post","status-publish","format-standard","has-post-thumbnail","hentry","category-spor","tag-asti","tag-engelleri","tag-genc","tag-secildi","tag-sporcu","tag-yelkende"],"jetpack_publicize_connections":[],"jetpack_featured_media_url":"https:\/\/i0.wp.com\/www.tvturk.com\/wp-content\/uploads\/2019\/09\/yelkende-engelleri-asti-en-genc-sporcu-secildi_5fbbbb6.jpg?fit=960%2C735","jetpack_sharing_enabled":true,"jetpack_shortlink":"https:\/\/wp.me\/paKIfm-R0V","_links":{"self":[{"href":"http:\/\/www.tvturk.com\/index.php\/wp-json\/wp\/v2\/posts\/203789","targetHints":{"allow":["GET"]}}],"collection":[{"href":"http:\/\/www.tvturk.com\/index.php\/wp-json\/wp\/v2\/posts"}],"about":[{"href":"http:\/\/www.tvturk.com\/index.php\/wp-json\/wp\/v2\/types\/post"}],"author":[{"embeddable":true,"href":"http:\/\/www.tvturk.com\/index.php\/wp-json\/wp\/v2\/users\/1"}],"replies":[{"embeddable":true,"href":"http:\/\/www.tvturk.com\/index.php\/wp-json\/wp\/v2\/comments?post=203789"}],"version-history":[{"count":0,"href":"http:\/\/www.tvturk.com\/index.php\/wp-json\/wp\/v2\/posts\/203789\/revisions"}],"wp:featuredmedia":[{"embeddable":true,"href":"http:\/\/www.tvturk.com\/index.php\/wp-json\/wp\/v2\/media\/203790"}],"wp:attachment":[{"href":"http:\/\/www.tvturk.com\/index.php\/wp-json\/wp\/v2\/media?parent=203789"}],"wp:term":[{"taxonomy":"category","embeddable":true,"href":"http:\/\/www.tvturk.com\/index.php\/wp-json\/wp\/v2\/categories?post=203789"},{"taxonomy":"post_tag","embeddable":true,"href":"http:\/\/www.tvturk.com\/index.php\/wp-json\/wp\/v2\/tags?post=203789"}],"curies":[{"name":"wp","href":"https:\/\/api.w.org\/{rel}","templated":true}]}}