{"id":203831,"date":"2019-09-16T19:33:06","date_gmt":"2019-09-16T16:33:06","guid":{"rendered":"http:\/\/www.tvturk.com\/index.php\/eskisehirsporda-kara-bulutlar-dagilmiyor\/"},"modified":"2019-09-16T19:33:06","modified_gmt":"2019-09-16T16:33:06","slug":"eskisehirsporda-kara-bulutlar-dagilmiyor","status":"publish","type":"post","link":"http:\/\/www.tvturk.com\/index.php\/eskisehirsporda-kara-bulutlar-dagilmiyor\/","title":{"rendered":"Eski\u015fehirspor\u2019da kara bulutlar da\u011f\u0131lm\u0131yor"},"content":{"rendered":"<p>Maddi krizler ile bo\u011fu\u015farak yoluna devam etmeye \u00e7al\u0131\u015fan Eski\u015fehirspor\u2019da y\u00f6netim kurulu \u00fcyeleri ve Ba\u015fkan Osman Ta\u015f bir araya gelerek bas\u0131n toplant\u0131s\u0131 d\u00fczenledi. Fuat \u00c7apa ile ya\u015fanan krizden gelebilecek puan silme cezalar\u0131na ve kongre s\u00fcrecine kadar bir\u00e7ok konuda a\u00e7\u0131klama yapan Ba\u015fkan Ta\u015f \u015fehrin onay\u0131n\u0131 alm\u0131\u015f kongre \u00fcyesi olan yeni y\u00f6netimin olmas\u0131 durumunda g\u00f6revi b\u0131rakacaklar\u0131n\u0131 belirtti.<\/p>\n<p>Spor Toto 1. Lig ekiplerinden Eski\u015fehirspor, ya\u015fanan krizler ile m\u00fccadele etmeye devam ediyor. Ge\u00e7mi\u015f d\u00f6nem bor\u00e7lar nedeniyle sezona eksi 6 puan ile ba\u015flayan k\u0131rm\u0131z\u0131-siyahl\u0131larda yeni puan silme cezalar\u0131 ise kap\u0131da bekliyor. G\u00fcndemdeki problemleri kamuoyuyla payla\u015fmak i\u00e7in Vali Hanefi Demirkol Tesisleri\u2019nde antrenman \u00f6ncesi bas\u0131n toplant\u0131s\u0131 ger\u00e7ekle\u015ftirildi. D\u00fczenlenen toplant\u0131da, gelecek d\u00f6nemlerde gelebilecek olan puan silme cezalar\u0131ndan Fuat \u00c7apa ile y\u00f6netim aras\u0131nda ya\u015fanan gerilim gibi bir\u00e7ok konuya de\u011finilirken toplant\u0131ya Eski\u015fehirspor Ba\u015fkan\u0131 Osman Ta\u015f\u2019\u0131n yan\u0131 s\u0131ra Ba\u015fkan Vekili Mehmet \u015eim\u015fek, Ba\u015fkan Yard\u0131mc\u0131s\u0131 Mustafa Topkaya ve di\u011fer y\u00f6neticiler kat\u0131ld\u0131.<\/p>\n<p>\u201cHocam\u0131z \u00e7al\u0131\u015fmak istemedi\u011fini belirtti\u201d<\/p>\n<p>Teknik Direkt\u00f6r Fuat \u00c7apa ile y\u00f6netim aras\u0131nda ya\u015fanan s\u0131k\u0131nt\u0131lar\u0131n arka plan\u0131n\u0131 ve koltu\u011fu deneyimli teknik adam Co\u015fkun Demirbakan\u2019\u0131n g\u00f6reve gelmesi hakk\u0131nda a\u00e7\u0131klamalarda bulunan Mustafa Topkaya, \u201cFuat \u00c7apa konusunda y\u00f6netim kurulunun \u00e7o\u011funlu\u011fu kendisi ile \u00e7al\u0131\u015fman\u0131n do\u011fru olaca\u011f\u0131n\u0131 d\u00fc\u015f\u00fcnm\u00fc\u015ft\u00fc. Yapt\u0131\u011f\u0131m\u0131z g\u00f6r\u00fc\u015fmelerde bunu da iletmi\u015ftik. Fakat hocam\u0131z \u00e7al\u0131\u015fmak istemedi\u011fini belirtti. Gelinen noktada durumlar ve sorunlar belli. \u00c7al\u0131\u015fman\u0131n do\u011fru olmayaca\u011f\u0131n\u0131 s\u00f6yledi ve s\u00f6zle\u015fmeyi fesih ettik. Co\u015fkun Demirbakan ile bir s\u00f6zle\u015fme imzalad\u0131k. Camiay\u0131 yak\u0131ndan tan\u0131yan ve kul\u00fcb\u00fcn i\u00e7inde bulundu\u011fu s\u0131k\u0131nt\u0131lar\u0131 da bilen bir hocayd\u0131. Ekonomik durumu da g\u00f6z \u00f6n\u00fcnde bulundurdu\u011fumuzda fedakarl\u0131ktan ka\u00e7\u0131nmayaca\u011f\u0131n\u0131 d\u00fc\u015f\u00fcnd\u00fc\u011f\u00fcm\u00fcz bir hocam\u0131zd\u0131. Kendisinin yard\u0131mc\u0131lar\u0131 da camian\u0131n tan\u0131d\u0131\u011f\u0131 isimlerden olu\u015ftu\u201d ifadelerini kulland\u0131.<\/p>\n<p>\u201cNeyin ne oldu\u011funu bilmeyen insanlara bu kul\u00fcb\u00fc teslim etmem\u201d<\/p>\n<p>Kul\u00fcp Ba\u015fkan\u0131 Osman Ta\u015f ise y\u00f6netim olarak bir koltuk sevdalar\u0131n\u0131n olmad\u0131\u011f\u0131n\u0131 belirtirken e\u011fer bilinen bir isim olursa kongreye gitmeye haz\u0131r olduklar\u0131n\u0131 ifade etti. Fakat kul\u00fcpte kongre \u00fcyeli\u011fi bulunmayan camia d\u0131\u015f\u0131ndan bir isme koltu\u011fu b\u0131rakmayaca\u011f\u0131n\u0131 vurgulayan Osman Ta\u015f, \u201cEn \u00f6nemli konu kongre. Herkes bizim kongreye gitmemiz i\u00e7in \u00e7a\u011fr\u0131 yap\u0131yor. Bizim y\u00f6netim olarak kesinlikle burada koltuk sevdam\u0131z yok. Ba\u015ftan beri s\u00f6yl\u00fcyoruz. Birisi varsa gelsin buyursun yaps\u0131n diyoruz. Bunun \u00fcst\u00fcne bug\u00fcn tekrar y\u00f6netimi toplad\u0131m. Y\u00f6netimi toplamadan \u00f6nce Sinan \u00d6ze\u00e7o\u011flu\u2019nu arad\u0131m. \u2018Sosyal medyada isminiz ge\u00e7iyor. B\u00f6yle bir niyetiniz varsa otural\u0131m konu\u015fal\u0131m. Biz kongreye gitmeye bug\u00fcn haz\u0131r\u0131z\u2019 dedim. Bildi\u011fimiz bir isim olursa kongreye gitmeye haz\u0131r\u0131z dedim. Ben Eski\u015fehirspor taraftar\u0131 olarak bu kul\u00fcpte kongre \u00fcyeli\u011fi olmayan ve neyin ne oldu\u011funu bilmeyen insanlara bu kul\u00fcb\u00fc teslim etmem. Bizim kongreyi iptal etmemizin en b\u00fcy\u00fck nedeni zaten budur. Biz e\u011fer 20 g\u00fcn \u00f6nce kongreyi kabul etseydik bug\u00fcn eksi 6 puan ceza yemi\u015ftik. Mevcut \u00f6denen paralar \u00f6denmemi\u015fti. Kimse \u015fu anda lisanslarla u\u011fra\u015fmayacakt\u0131. Eski\u015fehirspor zarar g\u00f6rmesin diye biz eski ba\u015fkanlardan ya da \u015fehrin tan\u0131d\u0131\u011f\u0131 ve kongre \u00fcyesi olan insanlardan birisi varsa devrederiz dedik. Bu da olmad\u0131\u011f\u0131 i\u00e7in biz de kongreyi iptal ettik. E\u011fer bu Eski\u015fehirspor\u2019a zararsa \u00f6z\u00fcr dileriz. Bizim g\u00f6r\u00fc\u015f\u00fcm\u00fcz bu bir zarar de\u011fil. Hatta Eski\u015fehirspor\u2019un gelece\u011fi i\u00e7in biz bu kongre karar\u0131n\u0131 iptal ettik\u201d \u015feklinde konu\u015ftu.<\/p>\n<p>\u201cPrim paras\u0131n\u0131 buradan \u0130zmir\u2019e yan\u0131mda g\u00f6t\u00fcrd\u00fcm\u201d<\/p>\n<p>Oyuncular\u0131n para almad\u0131klar\u0131 i\u00e7in oynamad\u0131klar\u0131 iddialar\u0131na ise sert \u00e7\u0131kan Ba\u015fkan Ta\u015f, Alt\u0131nordu ma\u00e7\u0131 \u00f6ncesi galibiyet primini \u0130zmir\u2019e kadar yan\u0131nda g\u00f6t\u00fcrd\u00fc\u011f\u00fcn\u00fc ve oyunculara g\u00f6sterdi\u011fini belirterek iddialara sitem etti. Ta\u015f \u015fu \u015fekilde a\u00e7\u0131klamalar\u0131na son verdi:<\/p>\n<p>\u201cMa\u00e7tan \u00f6nce \u2018\u00c7ocuklar para alm\u0131yor. Almad\u0131klar\u0131 i\u00e7in oynam\u0131yorlar\u2019 dediler. Ben bunu a\u00e7\u0131klamak istemedim ama \u00fczerimizde \u00e7ok bask\u0131 var. Ben Alt\u0131nordu ma\u00e7\u0131n\u0131n prim paras\u0131n\u0131 buradan \u0130zmir\u2019e yan\u0131mda g\u00f6t\u00fcrd\u00fcm. Bunu da oyunculara g\u00f6sterdim. Daha ne kadar bir \u015feyler yapabilece\u011fimizi bilmiyorum. Elimizden geldi\u011fi kadar bir \u015feyleri halletmeye \u00e7al\u0131\u015f\u0131yoruz.\u201d<\/p>\n<p>Bas\u0131n toplant\u0131s\u0131n\u0131n ard\u0131ndan k\u0131rm\u0131z\u0131-siyahl\u0131 tak\u0131m, g\u00f6revine yeni ba\u015flayan Co\u015fkun Demirbakan \u00f6nderli\u011finde \u00e7al\u0131\u015fmalar\u0131na tesislerde devam etti.<\/p>\n","protected":false},"excerpt":{"rendered":"<p>ESK\u0130\u015eEH\u0130RSPOR BA\u015eKANI OSMAN TA\u015e, \u201c Y\u00d6NET\u0130M OLARAK KES\u0130NL\u0130KLE BURADA KOLTUK SEVDAMIZ YOK\u201d<\/p>\n","protected":false},"author":1,"featured_media":203832,"comment_status":"closed","ping_status":"open","sticky":false,"template":"","format":"standard","meta":{"jetpack_post_was_ever_published":false,"_jetpack_newsletter_access":"","_jetpack_dont_email_post_to_subs":false,"_jetpack_newsletter_tier_id":0,"_jetpack_memberships_contains_paywalled_content":false,"_jetpack_memberships_contains_paid_content":false,"footnotes":"","jetpack_publicize_message":"","jetpack_publicize_feature_enabled":true,"jetpack_social_post_already_shared":true,"jetpack_social_options":{"image_generator_settings":{"template":"highway","default_image_id":0,"font":"","enabled":false},"version":2}},"categories":[657],"tags":[10182,51440,2066,2053],"class_list":["post-203831","post","type-post","status-publish","format-standard","has-post-thumbnail","hentry","category-spor","tag-bulutlar","tag-dagilmiyor","tag-eskisehirsporda","tag-kara"],"jetpack_publicize_connections":[],"jetpack_featured_media_url":"https:\/\/i0.wp.com\/www.tvturk.com\/wp-content\/uploads\/2019\/09\/eskisehirsporda-kara-bulutlar-dagilmiyor_ea18f00.jpg?fit=1000%2C666","jetpack_sharing_enabled":true,"jetpack_shortlink":"https:\/\/wp.me\/paKIfm-R1B","_links":{"self":[{"href":"http:\/\/www.tvturk.com\/index.php\/wp-json\/wp\/v2\/posts\/203831","targetHints":{"allow":["GET"]}}],"collection":[{"href":"http:\/\/www.tvturk.com\/index.php\/wp-json\/wp\/v2\/posts"}],"about":[{"href":"http:\/\/www.tvturk.com\/index.php\/wp-json\/wp\/v2\/types\/post"}],"author":[{"embeddable":true,"href":"http:\/\/www.tvturk.com\/index.php\/wp-json\/wp\/v2\/users\/1"}],"replies":[{"embeddable":true,"href":"http:\/\/www.tvturk.com\/index.php\/wp-json\/wp\/v2\/comments?post=203831"}],"version-history":[{"count":0,"href":"http:\/\/www.tvturk.com\/index.php\/wp-json\/wp\/v2\/posts\/203831\/revisions"}],"wp:featuredmedia":[{"embeddable":true,"href":"http:\/\/www.tvturk.com\/index.php\/wp-json\/wp\/v2\/media\/203832"}],"wp:attachment":[{"href":"http:\/\/www.tvturk.com\/index.php\/wp-json\/wp\/v2\/media?parent=203831"}],"wp:term":[{"taxonomy":"category","embeddable":true,"href":"http:\/\/www.tvturk.com\/index.php\/wp-json\/wp\/v2\/categories?post=203831"},{"taxonomy":"post_tag","embeddable":true,"href":"http:\/\/www.tvturk.com\/index.php\/wp-json\/wp\/v2\/tags?post=203831"}],"curies":[{"name":"wp","href":"https:\/\/api.w.org\/{rel}","templated":true}]}}