{"id":203835,"date":"2019-09-16T20:02:46","date_gmt":"2019-09-16T17:02:46","guid":{"rendered":"http:\/\/www.tvturk.com\/index.php\/vekil-devreye-girdi-jet-ucak-turk-hastalar-icin-havalandi\/"},"modified":"2019-09-16T20:02:46","modified_gmt":"2019-09-16T17:02:46","slug":"vekil-devreye-girdi-jet-ucak-turk-hastalar-icin-havalandi","status":"publish","type":"post","link":"http:\/\/www.tvturk.com\/index.php\/vekil-devreye-girdi-jet-ucak-turk-hastalar-icin-havalandi\/","title":{"rendered":"Vekil devreye girdi, jet u\u00e7ak T\u00fcrk hastalar i\u00e7in havaland\u0131"},"content":{"rendered":"<p>AK Parti Bursa Milletvekili ve TBMM Bosna Hersek Dostluk Grubu Ba\u015fkan\u0131 Refik \u00d6zen\u2019in devreye girmesiyle jet u\u00e7aklar yurt d\u0131\u015f\u0131nda rahats\u0131zlanan 2 hasta i\u00e7in havaland\u0131.<\/p>\n<p>Turist olarak gitti\u011fi Saraybosna\u2019da beyin kanamas\u0131 ge\u00e7iren 51 ya\u015f\u0131ndaki Halise Zerrin \u00d6ztekin ile Mostar\u2019da \u00e7al\u0131\u015fan ve mide kanamas\u0131 ge\u00e7iren 36 ya\u015f\u0131ndaki Yunus Dilber\u2019in i\u00e7in yak\u0131nlar\u0131 hastalar\u0131n\u0131n T\u00fcrkiye\u2019ye transferi i\u00e7in acil ambulans talebinde bulundu. T\u00fcrkiye\u2019nin Saraybosna B\u00fcy\u00fckel\u00e7isi Haldun Ko\u00e7, konuyu AK Parti Bursa Milletvekili ve TBMM Bosna Hersek Dostluk Grubu Baskani Refik \u00d6zen\u2019e iletti. Devreye giren \u00d6zen, d\u00fcnyada sadece T\u00fcrkiye\u2019de bulunan d\u00f6rt sedyeli yo\u011fun bak\u0131m donan\u0131ml\u0131 u\u00e7ak ambulansla hastalar\u0131n T\u00fcrkiye\u2019ye getirilmesi i\u00e7in Sa\u011fl\u0131k Bakan\u0131 Yard\u0131mc\u0131s\u0131 Halil Eldemir ile g\u00f6r\u00fc\u015ft\u00fc. Talep Sa\u011fl\u0131k Bakanl\u0131\u011f\u0131nca onaylan\u0131nca vakit kaybetmeden gece 02.30 sular\u0131nda Saraybosna havaliman\u0131na ini\u015f yapt\u0131. Hastalar\u0131 alan ambulans u\u00e7ak T\u00fcrkiye\u2019ye geldi.<\/p>\n<p>G\u00f6r\u00fc\u015fmeler neticesinde hastalar\u0131n\u0131 havaalan\u0131nda kar\u015f\u0131layan yak\u0131nlar\u0131 basta Sa\u011fl\u0131k Bakan\u0131 Fahrettin Koca, Saraybosna B\u00fcy\u00fckel\u00e7isi Haldun Ko\u00e7, Bosna-Hersek Dostluk Grubu Ba\u015fkan\u0131 Refik \u00d6zen ve Sa\u011fl\u0131k Bakan\u0131 Yard\u0131mc\u0131s\u0131 Halil Erdemir\u2019e te\u015fekk\u00fcrlerini iletti. Refik \u00d6zen yapt\u0131\u011f\u0131 a\u00e7\u0131klamada, \u201cDevletimizle ne kadar gurur duysak azd\u0131r. K\u0131s\u0131tl\u0131 imkanlarla hastalara hizmet vermekte zorlan\u0131lan zamanlardan, u\u00e7u\u015f personelinin yan\u0131 s\u0131ra doktor, acil t\u0131p ve anestezi teknisyeni ile sa\u011fl\u0131k memurunun bulundu\u011fu ambulans u\u00e7ak ekibiyle hastalar\u0131m\u0131z\u0131 d\u00fcnyan\u0131n d\u00f6rt bir yan\u0131ndan teknolojiyle dolu hastanelerimize getirir g\u00fcnlere geldik. Devletimizin g\u00fcc\u00fcne bir kez daha \u015fahit olman\u0131n gururunu ya\u015f\u0131yoruz\u201d dedi.<\/p>\n","protected":false},"excerpt":{"rendered":"<p>AK PART\u0130 BURSA M\u0130LLETVEK\u0130L\u0130 VE TBMM BOSNA HERSEK DOSTLUK GRUBU BA\u015eKANI REF\u0130K \u00d6ZEN&#8217;\u0130N DEVREYE G\u0130RMES\u0130YLE JET U\u00c7AKLAR YURT DI\u015eINDA RAHATSIZLANAN 2 HASTA \u0130\u00c7\u0130N HAVALANDI.<\/p>\n","protected":false},"author":1,"featured_media":203836,"comment_status":"closed","ping_status":"open","sticky":false,"template":"","format":"standard","meta":{"jetpack_post_was_ever_published":false,"_jetpack_newsletter_access":"","_jetpack_dont_email_post_to_subs":false,"_jetpack_newsletter_tier_id":0,"_jetpack_memberships_contains_paywalled_content":false,"_jetpack_memberships_contains_paid_content":false,"footnotes":"","jetpack_publicize_message":"","jetpack_publicize_feature_enabled":true,"jetpack_social_post_already_shared":true,"jetpack_social_options":{"image_generator_settings":{"template":"highway","default_image_id":0,"font":"","enabled":false},"version":2}},"categories":[1],"tags":[18971,3896,9420,13736,44,13656,957,1911,8290],"class_list":["post-203835","post","type-post","status-publish","format-standard","has-post-thumbnail","hentry","category-genel","tag-devreye","tag-girdi","tag-hastalar","tag-havalandi","tag-icin","tag-jet","tag-turk","tag-ucak","tag-vekil"],"jetpack_publicize_connections":[],"jetpack_featured_media_url":"https:\/\/i0.wp.com\/www.tvturk.com\/wp-content\/uploads\/2019\/09\/vekil-devreye-girdi-jet-ucak-turk-hastalar-icin-havalandi_7062e9a.jpg?fit=1000%2C750","jetpack_sharing_enabled":true,"jetpack_shortlink":"https:\/\/wp.me\/paKIfm-R1F","_links":{"self":[{"href":"http:\/\/www.tvturk.com\/index.php\/wp-json\/wp\/v2\/posts\/203835","targetHints":{"allow":["GET"]}}],"collection":[{"href":"http:\/\/www.tvturk.com\/index.php\/wp-json\/wp\/v2\/posts"}],"about":[{"href":"http:\/\/www.tvturk.com\/index.php\/wp-json\/wp\/v2\/types\/post"}],"author":[{"embeddable":true,"href":"http:\/\/www.tvturk.com\/index.php\/wp-json\/wp\/v2\/users\/1"}],"replies":[{"embeddable":true,"href":"http:\/\/www.tvturk.com\/index.php\/wp-json\/wp\/v2\/comments?post=203835"}],"version-history":[{"count":0,"href":"http:\/\/www.tvturk.com\/index.php\/wp-json\/wp\/v2\/posts\/203835\/revisions"}],"wp:featuredmedia":[{"embeddable":true,"href":"http:\/\/www.tvturk.com\/index.php\/wp-json\/wp\/v2\/media\/203836"}],"wp:attachment":[{"href":"http:\/\/www.tvturk.com\/index.php\/wp-json\/wp\/v2\/media?parent=203835"}],"wp:term":[{"taxonomy":"category","embeddable":true,"href":"http:\/\/www.tvturk.com\/index.php\/wp-json\/wp\/v2\/categories?post=203835"},{"taxonomy":"post_tag","embeddable":true,"href":"http:\/\/www.tvturk.com\/index.php\/wp-json\/wp\/v2\/tags?post=203835"}],"curies":[{"name":"wp","href":"https:\/\/api.w.org\/{rel}","templated":true}]}}