{"id":20394,"date":"2019-02-11T10:51:49","date_gmt":"2019-02-11T07:51:49","guid":{"rendered":"http:\/\/www.tvturk.com\/index.php\/il-ozel-idarespor-sampiyonlugunu-ilan-etti\/"},"modified":"2019-02-11T10:51:51","modified_gmt":"2019-02-11T07:51:51","slug":"il-ozel-idarespor-sampiyonlugunu-ilan-etti","status":"publish","type":"post","link":"http:\/\/www.tvturk.com\/index.php\/il-ozel-idarespor-sampiyonlugunu-ilan-etti\/","title":{"rendered":"\u0130l \u00d6zel \u0130darespor \u015fampiyonlu\u011funu ilan etti"},"content":{"rendered":"<p>Yozgat Kamil K\u0131l\u0131\u00e7arslan Amat\u00f6r K\u00fcme Futbol Ligi B grubunda m\u00fccadele veren Yozgat \u0130l \u00d6zel \u0130darespor liglerin tamamlanmas\u0131na bir hafta kala gurubunda \u015fampiyonlu\u011fa ula\u015ft\u0131.<\/p>\n<p>Ligde oynad\u0131\u011f\u0131 13 ma\u00e7ta 11 galibiyet 1 beraberlik ve 1 ma\u011flubiyet alan att\u0131\u011f\u0131 50 golle ligin en \u00e7ok gol atan,  kalesinde g\u00f6rd\u00fc\u011f\u00fc 7 golle ligin en az gol yiyen tak\u0131m\u0131 olan \u0130l \u00d6zel \u0130dare Spor  liglerin tamamlanmas\u0131na bir hafta kala toplad\u0131\u011f\u0131  34 puanla gurubunda \u015fampiyonlu\u011funu ilan ederek play off m\u00fcsabakalar\u0131na kat\u0131lmaya hak kazand\u0131.<\/p>\n<p>Sar\u0131 lacivertli  ekip ligin 13. haftas\u0131nda  kendi sahas\u0131nda oynad\u0131\u011f\u0131 \u00c7ay\u0131ralan Esnaf Spor ma\u00e7\u0131ndan da Hamit \u00c7ertinkaya\u2019n\u0131n 3, Muhammet Akt\u00fcrk\u2019\u00fcn 1, Murat Ersin\u2019in 1, Hasan H\u00fcseyin Okhan\u2019\u0131n 1 ve Necdet Can Y\u00fccel\u2019in 1 att\u0131\u011f\u0131 gollerle  7-0 gibi farkl\u0131 bir skorla galip ayr\u0131ld\u0131.<\/p>\n<p>2018-2019 futbol sezon haz\u0131klar\u0131na Teknik Direkt\u00f6r Abdurrahman Do\u011fan y\u00f6netiminde ba\u015flayan sar\u0131 lacivertli ekip sezon ba\u015f\u0131nda belirledi\u011fi hedefine ula\u015ft\u0131.  Sar\u0131 lacivertli tak\u0131m\u0131n Teknik Direkt\u00f6r\u00fc Abdurrahman Do\u011fan, sezon ba\u015f\u0131 ortaya koyduklar\u0131 hedefe ula\u015fman\u0131n mutlulu\u011funu ya\u015fad\u0131klar\u0131n\u0131 s\u00f6yledi. Tak\u0131m\u0131n\u0131n \u015fampiyonlu\u011fa ula\u015fmas\u0131n\u0131n hakl\u0131 gururunu ya\u015fad\u0131klar\u0131n\u0131 belirten ba\u015far\u0131l\u0131 teknik adam Do\u011fan, \u201cSezon ba\u015f\u0131ndan bug\u00fcne \u00e7ok \u00e7al\u0131\u015ft\u0131k, \u00e7ok emek verdik inand\u0131k ve hayalimiz olan \u015fampiyonlu\u011fa ula\u015ft\u0131k\u201d dedi.<\/p>\n<p>Elde edilen ba\u015far\u0131n\u0131n kolay gelmedi\u011fini ve ba\u015far\u0131n\u0131n tak\u0131mdaki birlik beraberlik, karde\u015flik sayesinde oldu\u011funa dikkat \u00e7eken Do\u011fan, \u201cKar k\u0131\u015f, ya\u011fmur \u00e7amur demeden belirledi\u011fimiz antrenman programlar\u0131 ile m\u00fcsabakalara haz\u0131rland\u0131k.  \u0130yi futbolumuzun kar\u015f\u0131l\u0131\u011f\u0131n\u0131 att\u0131\u011f\u0131m\u0131z goller ve ald\u0131\u011f\u0131m\u0131z puanlarla ta\u00e7land\u0131rd\u0131k. Ligde 50 gol ile en \u00e7ok gol atan kalemizde g\u00f6rd\u00fc\u011f\u00fcm\u00fcz 7 gol ile de ligde en az gol yiyen tak\u0131m olduk. Oynad\u0131\u011f\u0131m\u0131z 13 ma\u00e7ta 34 puan toplayarak liglerin tamamlanmas\u0131na bir hafta kala \u015fampiyonlu\u011fumuzu ilan ettik.  T\u00fcm m\u00fcsabakalarda centilmence fair play kurallar\u0131 i\u00e7erisinde m\u00fccadele ettik.  Her ma\u00e7ta y\u00fcre\u011fini ortaya koyan 90 dakika boyunca m\u00fccadelesini b\u0131rakmayan ve kendileri ile \u00e7al\u0131\u015fmaktan mutluluk duydu\u011fum ve her birini \u00e7ok sevdi\u011fim sporcu karde\u015flerimi g\u00f6stermi\u015f olduklar\u0131 performans ve m\u00fccadeleden dolay\u0131 ayr\u0131 ayr\u0131 tebrik ediyorum. Her zaman tak\u0131m\u0131z\u0131n yan\u0131nda olan \u0130l \u00d6zel \u0130dare eski Genel Sekreteri Muammer Yan\u0131k ba\u015fta olmak \u00fczere kul\u00fcp Ba\u015fkan\u0131m\u0131z Erol Toraman, Genel Kaptan\u0131m\u0131z Mehmet Seyfi, Korhan Yan\u0131k, Kul\u00fcp mas\u00f6r\u00fcm\u00fcz \u0130brahim \u00d6zel ve bizlere de\u011fer verip haber yapan ulusal ve yerel bas\u0131n mensuplar\u0131na te\u015fekk\u00fcr ediyorum\u201d dedi.<\/p>\n<p>Bundan sonraki hedeflerinin Play-Off m\u00fcsabakalar\u0131na haz\u0131rlanmak oldu\u011funu ifade eden Do\u011fan, \u201cPlay Off\u2019ta m\u00fccadele edecek ve gruplar\u0131n\u0131n ilk iki s\u0131ras\u0131n\u0131 alan 4 tak\u0131m k\u0131yas\u0131ya \u015fampiyonluk m\u00fccadelesi verecek.  Grubumuzda oldu\u011fu gibi burada da hedefimiz \u015fampiyon olmak \u201cdiye konu\u015ftu.<div class=\"tiled-gallery type-rectangular tiled-gallery-unresized\" data-original-width=\"500\" data-carousel-extra='null' itemscope itemtype=\"http:\/\/schema.org\/ImageGallery\" > <div class=\"gallery-row\" style=\"width: 500px; height: 168px;\" data-original-width=\"500\" data-original-height=\"168\" > <div class=\"gallery-group images-1\" style=\"width: 250px; height: 168px;\" data-original-width=\"250\" data-original-height=\"168\" > <div class=\"tiled-gallery-item tiled-gallery-item-small\" itemprop=\"associatedMedia\" itemscope itemtype=\"http:\/\/schema.org\/ImageObject\"> <a href=\"http:\/\/www.tvturk.com\/index.php\/il-ozel-idarespor-sampiyonlugunu-ilan-etti\/il-ozel-idarespor-sampiyonlugunu-ilan-etti-3\/\" border=\"0\" itemprop=\"url\"> <meta itemprop=\"width\" content=\"246\"> <meta itemprop=\"height\" content=\"164\"> <img decoding=\"async\" class=\"\" data-attachment-id=\"20396\" data-orig-file=\"http:\/\/www.tvturk.com\/wp-content\/uploads\/2019\/02\/il-ozel-idarespor-sampiyonlugunu-ilan-etti_30b6420.jpg\" data-orig-size=\"1000,666\" data-comments-opened=\"\" data-image-meta=\"{&quot;aperture&quot;:&quot;0&quot;,&quot;credit&quot;:&quot;IHA&quot;,&quot;camera&quot;:&quot;&quot;,&quot;caption&quot;:&quot;YOZGAT KAM\\u0130L KILI\\u00c7ARSLAN AMAT\\u00d6R K\\u00dcME FUTBOL L\\u0130G\\u0130 B GRUBUNDA M\\u00dcCADELE VEREN YOZGAT \\u0130L \\u00d6ZEL \\u0130DARESPOR L\\u0130GLER\\u0130N TAMAMLANMASINA B\\u0130R HAFTA KALA GURUBUNDA \\u015eAMP\\u0130YONLU\\u011eA ULA\\u015eTI (BAHADIR MUHL\\u0130S G\\u00d6KG\\u00dcL\\\/YOZGAT-\\u0130HA)&quot;,&quot;created_timestamp&quot;:&quot;0&quot;,&quot;copyright&quot;:&quot;\\u0130HLAS HABER AJANSI, www.iha.com.tr&quot;,&quot;focal_length&quot;:&quot;0&quot;,&quot;iso&quot;:&quot;0&quot;,&quot;shutter_speed&quot;:&quot;0&quot;,&quot;title&quot;:&quot;\\u0130L \\u00d6ZEL \\u0130DARESPOR \\u015eAMP\\u0130YONLU\\u011eUNU \\u0130LAN ETT\\u0130&quot;,&quot;orientation&quot;:&quot;0&quot;}\" data-image-title=\"\u0130l \u00d6zel \u0130darespor \u015fampiyonlu\u011funu ilan etti\" data-image-description=\"&lt;p&gt;\u0130l \u00d6zel \u0130darespor \u015fampiyonlu\u011funu ilan etti&lt;\/p&gt; \" data-medium-file=\"https:\/\/i0.wp.com\/www.tvturk.com\/wp-content\/uploads\/2019\/02\/il-ozel-idarespor-sampiyonlugunu-ilan-etti_30b6420.jpg?fit=300%2C200\" data-large-file=\"https:\/\/i0.wp.com\/www.tvturk.com\/wp-content\/uploads\/2019\/02\/il-ozel-idarespor-sampiyonlugunu-ilan-etti_30b6420.jpg?fit=1000%2C666\" src=\"https:\/\/i0.wp.com\/www.tvturk.com\/wp-content\/uploads\/2019\/02\/il-ozel-idarespor-sampiyonlugunu-ilan-etti_30b6420.jpg?w=246&#038;h=164\" srcset=\"https:\/\/i0.wp.com\/www.tvturk.com\/wp-content\/uploads\/2019\/02\/il-ozel-idarespor-sampiyonlugunu-ilan-etti_30b6420.jpg?w=1000 1000w, https:\/\/i0.wp.com\/www.tvturk.com\/wp-content\/uploads\/2019\/02\/il-ozel-idarespor-sampiyonlugunu-ilan-etti_30b6420.jpg?resize=150%2C100 150w, https:\/\/i0.wp.com\/www.tvturk.com\/wp-content\/uploads\/2019\/02\/il-ozel-idarespor-sampiyonlugunu-ilan-etti_30b6420.jpg?resize=300%2C200 300w, https:\/\/i0.wp.com\/www.tvturk.com\/wp-content\/uploads\/2019\/02\/il-ozel-idarespor-sampiyonlugunu-ilan-etti_30b6420.jpg?resize=768%2C511 768w, https:\/\/i0.wp.com\/www.tvturk.com\/wp-content\/uploads\/2019\/02\/il-ozel-idarespor-sampiyonlugunu-ilan-etti_30b6420.jpg?resize=170%2C113 170w, https:\/\/i0.wp.com\/www.tvturk.com\/wp-content\/uploads\/2019\/02\/il-ozel-idarespor-sampiyonlugunu-ilan-etti_30b6420.jpg?resize=120%2C80 120w\" width=\"246\" height=\"164\" loading=\"lazy\" data-original-width=\"246\" data-original-height=\"164\" itemprop=\"http:\/\/schema.org\/image\" title=\"\u0130l \u00d6zel \u0130darespor \u015fampiyonlu\u011funu ilan etti\" alt=\"\u0130l \u00d6zel \u0130darespor \u015fampiyonlu\u011funu ilan etti\" style=\"width: 246px; height: 164px;\" \/> <\/a> <\/div> <\/div> <!-- close group --> <div class=\"gallery-group images-1\" style=\"width: 250px; height: 168px;\" data-original-width=\"250\" data-original-height=\"168\" > <div class=\"tiled-gallery-item tiled-gallery-item-small\" itemprop=\"associatedMedia\" itemscope itemtype=\"http:\/\/schema.org\/ImageObject\"> <a href=\"http:\/\/www.tvturk.com\/index.php\/il-ozel-idarespor-sampiyonlugunu-ilan-etti\/il-ozel-idarespor-sampiyonlugunu-ilan-etti-4\/\" border=\"0\" itemprop=\"url\"> <meta itemprop=\"width\" content=\"246\"> <meta itemprop=\"height\" content=\"164\"> <img decoding=\"async\" class=\"\" data-attachment-id=\"20397\" data-orig-file=\"http:\/\/www.tvturk.com\/wp-content\/uploads\/2019\/02\/il-ozel-idarespor-sampiyonlugunu-ilan-etti_ebc056e.jpg\" data-orig-size=\"1000,666\" data-comments-opened=\"\" data-image-meta=\"{&quot;aperture&quot;:&quot;0&quot;,&quot;credit&quot;:&quot;IHA&quot;,&quot;camera&quot;:&quot;&quot;,&quot;caption&quot;:&quot;YOZGAT \\u0130L \\u00d6ZEL \\u0130DARESPOR TEKN\\u0130K D\\u0130REKT\\u00d6R\\u00dc ABDURRAHMAN DO\\u011eAN (BAHADIR MUHL\\u0130S G\\u00d6KG\\u00dcL\\\/YOZGAT-\\u0130HA)&quot;,&quot;created_timestamp&quot;:&quot;0&quot;,&quot;copyright&quot;:&quot;\\u0130HLAS HABER AJANSI, www.iha.com.tr&quot;,&quot;focal_length&quot;:&quot;0&quot;,&quot;iso&quot;:&quot;0&quot;,&quot;shutter_speed&quot;:&quot;0&quot;,&quot;title&quot;:&quot;\\u0130L \\u00d6ZEL \\u0130DARESPOR \\u015eAMP\\u0130YONLU\\u011eUNU \\u0130LAN ETT\\u0130&quot;,&quot;orientation&quot;:&quot;0&quot;}\" data-image-title=\"\u0130l \u00d6zel \u0130darespor \u015fampiyonlu\u011funu ilan etti\" data-image-description=\"&lt;p&gt;\u0130l \u00d6zel \u0130darespor \u015fampiyonlu\u011funu ilan etti&lt;\/p&gt; \" data-medium-file=\"https:\/\/i0.wp.com\/www.tvturk.com\/wp-content\/uploads\/2019\/02\/il-ozel-idarespor-sampiyonlugunu-ilan-etti_ebc056e.jpg?fit=300%2C200\" data-large-file=\"https:\/\/i0.wp.com\/www.tvturk.com\/wp-content\/uploads\/2019\/02\/il-ozel-idarespor-sampiyonlugunu-ilan-etti_ebc056e.jpg?fit=1000%2C666\" src=\"https:\/\/i0.wp.com\/www.tvturk.com\/wp-content\/uploads\/2019\/02\/il-ozel-idarespor-sampiyonlugunu-ilan-etti_ebc056e.jpg?w=246&#038;h=164\" srcset=\"https:\/\/i0.wp.com\/www.tvturk.com\/wp-content\/uploads\/2019\/02\/il-ozel-idarespor-sampiyonlugunu-ilan-etti_ebc056e.jpg?w=1000 1000w, https:\/\/i0.wp.com\/www.tvturk.com\/wp-content\/uploads\/2019\/02\/il-ozel-idarespor-sampiyonlugunu-ilan-etti_ebc056e.jpg?resize=150%2C100 150w, https:\/\/i0.wp.com\/www.tvturk.com\/wp-content\/uploads\/2019\/02\/il-ozel-idarespor-sampiyonlugunu-ilan-etti_ebc056e.jpg?resize=300%2C200 300w, https:\/\/i0.wp.com\/www.tvturk.com\/wp-content\/uploads\/2019\/02\/il-ozel-idarespor-sampiyonlugunu-ilan-etti_ebc056e.jpg?resize=768%2C511 768w, https:\/\/i0.wp.com\/www.tvturk.com\/wp-content\/uploads\/2019\/02\/il-ozel-idarespor-sampiyonlugunu-ilan-etti_ebc056e.jpg?resize=170%2C113 170w, https:\/\/i0.wp.com\/www.tvturk.com\/wp-content\/uploads\/2019\/02\/il-ozel-idarespor-sampiyonlugunu-ilan-etti_ebc056e.jpg?resize=120%2C80 120w\" width=\"246\" height=\"164\" loading=\"lazy\" data-original-width=\"246\" data-original-height=\"164\" itemprop=\"http:\/\/schema.org\/image\" title=\"\u0130l \u00d6zel \u0130darespor \u015fampiyonlu\u011funu ilan etti\" alt=\"\u0130l \u00d6zel \u0130darespor \u015fampiyonlu\u011funu ilan etti\" style=\"width: 246px; height: 164px;\" \/> <\/a> <\/div> <\/div> <!-- close group --> <\/div> <!-- close row --> <\/div><\/p>\n","protected":false},"excerpt":{"rendered":"<p>YOZGAT \u0130L \u00d6ZEL \u0130DARESPOR \u015eAMP\u0130YONLU\u011eUNU \u0130LAN ETT\u0130<\/p>\n","protected":false},"author":1,"featured_media":20395,"comment_status":"closed","ping_status":"open","sticky":false,"template":"","format":"standard","meta":{"jetpack_post_was_ever_published":false,"_jetpack_newsletter_access":"","_jetpack_dont_email_post_to_subs":false,"_jetpack_newsletter_tier_id":0,"_jetpack_memberships_contains_paywalled_content":false,"_jetpack_memberships_contains_paid_content":false,"footnotes":"","jetpack_publicize_message":"","jetpack_publicize_feature_enabled":true,"jetpack_social_post_already_shared":false,"jetpack_social_options":{"image_generator_settings":{"template":"highway","default_image_id":0,"font":"","enabled":false},"version":2}},"categories":[657],"tags":[1073,207,8927,424,904,8928],"class_list":["post-20394","post","type-post","status-publish","format-standard","has-post-thumbnail","hentry","category-spor","tag-ozel","tag-etti","tag-idarespor","tag-il","tag-ilan","tag-sampiyonlugunu"],"jetpack_publicize_connections":[],"jetpack_featured_media_url":"https:\/\/i0.wp.com\/www.tvturk.com\/wp-content\/uploads\/2019\/02\/il-ozel-idarespor-sampiyonlugunu-ilan-etti_fc0e570.jpg?fit=1000%2C666","jetpack_sharing_enabled":true,"jetpack_shortlink":"https:\/\/wp.me\/paKIfm-5iW","_links":{"self":[{"href":"http:\/\/www.tvturk.com\/index.php\/wp-json\/wp\/v2\/posts\/20394","targetHints":{"allow":["GET"]}}],"collection":[{"href":"http:\/\/www.tvturk.com\/index.php\/wp-json\/wp\/v2\/posts"}],"about":[{"href":"http:\/\/www.tvturk.com\/index.php\/wp-json\/wp\/v2\/types\/post"}],"author":[{"embeddable":true,"href":"http:\/\/www.tvturk.com\/index.php\/wp-json\/wp\/v2\/users\/1"}],"replies":[{"embeddable":true,"href":"http:\/\/www.tvturk.com\/index.php\/wp-json\/wp\/v2\/comments?post=20394"}],"version-history":[{"count":1,"href":"http:\/\/www.tvturk.com\/index.php\/wp-json\/wp\/v2\/posts\/20394\/revisions"}],"predecessor-version":[{"id":20398,"href":"http:\/\/www.tvturk.com\/index.php\/wp-json\/wp\/v2\/posts\/20394\/revisions\/20398"}],"wp:featuredmedia":[{"embeddable":true,"href":"http:\/\/www.tvturk.com\/index.php\/wp-json\/wp\/v2\/media\/20395"}],"wp:attachment":[{"href":"http:\/\/www.tvturk.com\/index.php\/wp-json\/wp\/v2\/media?parent=20394"}],"wp:term":[{"taxonomy":"category","embeddable":true,"href":"http:\/\/www.tvturk.com\/index.php\/wp-json\/wp\/v2\/categories?post=20394"},{"taxonomy":"post_tag","embeddable":true,"href":"http:\/\/www.tvturk.com\/index.php\/wp-json\/wp\/v2\/tags?post=20394"}],"curies":[{"name":"wp","href":"https:\/\/api.w.org\/{rel}","templated":true}]}}