{"id":203952,"date":"2019-09-17T11:02:32","date_gmt":"2019-09-17T08:02:32","guid":{"rendered":"http:\/\/www.tvturk.com\/index.php\/hdp-onunde-eylem-yapan-ailelerin-sesi-cig-gibi-buyumeye-devam-ediyor\/"},"modified":"2019-09-17T11:02:32","modified_gmt":"2019-09-17T08:02:32","slug":"hdp-onunde-eylem-yapan-ailelerin-sesi-cig-gibi-buyumeye-devam-ediyor","status":"publish","type":"post","link":"http:\/\/www.tvturk.com\/index.php\/hdp-onunde-eylem-yapan-ailelerin-sesi-cig-gibi-buyumeye-devam-ediyor\/","title":{"rendered":"HDP \u00f6n\u00fcnde eylem yapan ailelerin sesi \u00e7\u0131\u011f gibi b\u00fcy\u00fcmeye devam ediyor"},"content":{"rendered":"<p>\u00c7ocuklar\u0131n\u0131n da\u011fa ka\u00e7\u0131r\u0131ld\u0131\u011f\u0131 iddias\u0131 ile HDP Diyarbak\u0131r il binas\u0131 \u00f6n\u00fcnde oturma eylemi yapan aile say\u0131s\u0131, 15\u2019inci g\u00fcn\u00fcnde 36\u2019ya y\u00fckseldi.<\/p>\n<p>Diyarbak\u0131r\u2019da Hacire Akar ile ba\u015flayan eylem, her ge\u00e7en g\u00fcn b\u00fcy\u00fcyerek devam ediyor. Eyleme yakla\u015f\u0131k 4 y\u0131l \u00f6nce 19 ya\u015f\u0131nda \u00e7al\u0131\u015fmak i\u00e7in \u0130stanbul\u2019a giden ve askere gitmek i\u00e7in haz\u0131rl\u0131k yaparken ter\u00f6r \u00f6rg\u00fct\u00fc PKK mensuplar\u0131 taraf\u0131ndan da\u011fa ka\u00e7\u0131r\u0131lan Mehmet G\u00f6k\u00e7e\u2019nin ailesi de kat\u0131ld\u0131. A\u011fr\u0131\u2019da televizyon izlerken \u00e7ocu\u011fu da\u011fa ka\u00e7\u0131r\u0131lan ailelerin eylemini g\u00f6rd\u00fc\u011f\u00fcn\u00fc ve A\u011fr\u0131\u2019dan Diyarbak\u0131r\u2019a gelerek eyleme kat\u0131ld\u0131\u011f\u0131n\u0131 belirten baba Salih G\u00f6k\u00e7e, \u00e7ocu\u011funun d\u00f6nmesini bekledi\u011fini s\u00f6yledi. Ac\u0131l\u0131 baba G\u00f6k\u00e7e, \u201c\u00c7ocu\u011fumun ad\u0131 Mehmet, 4 y\u0131l \u00f6nce ka\u00e7\u0131r\u0131ld\u0131. \u0130stanbul\u2019da \u00e7al\u0131\u015f\u0131yordu, 20 g\u00fcn sonra askere gidecekti. Kurbanl\u0131\u011f\u0131n\u0131 haz\u0131rlad\u0131m gelip askere gidecek dedim. Beni arad\u0131 \u2019baba gelece\u011fim\u2019 dedi. Ondan sonra telefonu kesildi. Aramama ra\u011fmen ula\u015famad\u0131m. \u0130stanbul Yenido\u011fan\u2019dan g\u00f6t\u00fcrm\u00fc\u015fler. O zamandan sonra kendisine ula\u015famad\u0131m. Ak\u00e7akale\u2019ye kadar gittim. Orada sava\u015f vard\u0131 gidemedim, geri d\u00f6nd\u00fcm. Buraya \u00e7ocu\u011fumu aramaya geldim. Bu kadar \u00e7ocuk geliyor \u00e7ocu\u011funu aramaya, ben neden gelmeyeyim? Madem \u00f6yleyse kendi \u00e7ocuklar\u0131n\u0131 g\u00f6ndersinler. Buradakilerin hi\u00e7birinin \u00e7ocu\u011fu gidiyor mu? Bizim orada HDP\u2019li milletvekili ve belediye ba\u015fkanlar\u0131 var, \u00e7ocuklar\u0131 neden gitmiyor? Hep gidenler fakir fukaran\u0131n \u00e7ocuklar\u0131d\u0131r. Ben HDP ile g\u00f6r\u00fc\u015fmem, \u0130stanbul\u2019da k\u0131z\u0131m g\u00f6r\u00fc\u015ft\u00fc. O\u011flumun Suriye\u2019de oldu\u011funa eminim. Ara\u015ft\u0131rd\u0131m, biliyorum Suriye\u2019de oldu\u011funu. O\u011flum da\u011fda ve Suriye\u2019de olmam\u0131\u015f olsayd\u0131 ben buraya gelmezdim. Televizyon ve internette hi\u00e7 foto\u011fraf\u0131na denk gelmedim. O\u011fluma devletin \u015fefkatli kollar\u0131na gelmesi \u00e7a\u011fr\u0131s\u0131nda bulunuyorum. T\u00fcrk adaletine gel, s\u0131\u011f\u0131n. T\u00fcrk adaleti her zaman i\u00e7in arkan\u0131zdad\u0131r. Her tarafta asker, polis ve herkes bizim arkam\u0131zdad\u0131r. Ben o\u011fluma sesleniyor ve rica ediyorum. Her ne olduysa oldu gel. Ben her zaman o\u011flumun arkas\u0131nday\u0131m. 2015\u2019te 19 ya\u015f\u0131ndayken gitti, gittikten sonra ise hi\u00e7 g\u00f6r\u00fc\u015femedim. Bazen \u00f6zel numaradan telefonlar geliyor. Yaln\u0131z kimse konu\u015fmuyor&#8221; dedi.<\/p>\n","protected":false},"excerpt":{"rendered":"<p>D\u0130YARBAKIR&#8217;DA HAC\u0130RE AKAR \u0130LE BA\u015eLAYAN EYLEM, HER GE\u00c7EN G\u00dcN B\u00dcY\u00dcYEREK DEVAM ED\u0130YOR. YAKLA\u015eIK 4 YIL \u00d6NCE 19 YA\u015eINDA \u0130STANBUL\u2019A \u00c7ALI\u015eMAK \u0130\u00c7\u0130N G\u0130DEN MEHMET G\u00d6K\u00c7E, 20 G\u00dcN SONRA ASKERE G\u0130DECE\u011e\u0130 \u0130\u00c7\u0130N HAZIRLIK YAPARKEN TER\u00d6R \u00d6RG\u00dcT\u00dc PKK MENSUPLARI TARAFINDAN DA\u011eA KA\u00c7IRILDI. A\u011eRI\u2019DA TELEV\u0130ZYON \u0130ZLERKEN \u00c7OCU\u011eU DA\u011eA KA\u00c7IRILAN A\u0130LELER\u0130N EYLEM\u0130N\u0130 G\u00d6RD\u00dc\u011e\u00dcN\u00dc VE A\u011eRI\u2019DAN D\u0130YARBAKIR\u2019A GELEREK EYLEME KATILDI\u011eINI BEL\u0130RTEN BABA SAL\u0130H G\u00d6K\u00c7E, \u00c7OCU\u011eUNUN D\u00d6NMES\u0130N\u0130 BEKLED\u0130\u011e\u0130N\u0130 S\u00d6YLED\u0130.<\/p>\n","protected":false},"author":1,"featured_media":203953,"comment_status":"closed","ping_status":"open","sticky":false,"template":"","format":"standard","meta":{"jetpack_post_was_ever_published":false,"_jetpack_newsletter_access":"","_jetpack_dont_email_post_to_subs":false,"_jetpack_newsletter_tier_id":0,"_jetpack_memberships_contains_paywalled_content":false,"_jetpack_memberships_contains_paid_content":false,"footnotes":"","jetpack_publicize_message":"","jetpack_publicize_feature_enabled":true,"jetpack_social_post_already_shared":true,"jetpack_social_options":{"image_generator_settings":{"template":"highway","default_image_id":0,"font":"","enabled":false},"version":2}},"categories":[1],"tags":[25221,19008,5654,522,523,2198,981,3328,3565,7616,1420],"class_list":["post-203952","post","type-post","status-publish","format-standard","has-post-thumbnail","hentry","category-genel","tag-ailelerin","tag-buyumeye","tag-cig","tag-devam","tag-ediyor","tag-eylem","tag-gibi","tag-hdp","tag-onunde","tag-sesi","tag-yapan"],"jetpack_publicize_connections":[],"jetpack_featured_media_url":"https:\/\/i0.wp.com\/www.tvturk.com\/wp-content\/uploads\/2019\/09\/hdp-onunde-eylem-yapan-ailelerin-sesi-cig-gibi-buyumeye-devam-ediyor_0e6127f.jpg?fit=1000%2C666","jetpack_sharing_enabled":true,"jetpack_shortlink":"https:\/\/wp.me\/paKIfm-R3y","_links":{"self":[{"href":"http:\/\/www.tvturk.com\/index.php\/wp-json\/wp\/v2\/posts\/203952","targetHints":{"allow":["GET"]}}],"collection":[{"href":"http:\/\/www.tvturk.com\/index.php\/wp-json\/wp\/v2\/posts"}],"about":[{"href":"http:\/\/www.tvturk.com\/index.php\/wp-json\/wp\/v2\/types\/post"}],"author":[{"embeddable":true,"href":"http:\/\/www.tvturk.com\/index.php\/wp-json\/wp\/v2\/users\/1"}],"replies":[{"embeddable":true,"href":"http:\/\/www.tvturk.com\/index.php\/wp-json\/wp\/v2\/comments?post=203952"}],"version-history":[{"count":0,"href":"http:\/\/www.tvturk.com\/index.php\/wp-json\/wp\/v2\/posts\/203952\/revisions"}],"wp:featuredmedia":[{"embeddable":true,"href":"http:\/\/www.tvturk.com\/index.php\/wp-json\/wp\/v2\/media\/203953"}],"wp:attachment":[{"href":"http:\/\/www.tvturk.com\/index.php\/wp-json\/wp\/v2\/media?parent=203952"}],"wp:term":[{"taxonomy":"category","embeddable":true,"href":"http:\/\/www.tvturk.com\/index.php\/wp-json\/wp\/v2\/categories?post=203952"},{"taxonomy":"post_tag","embeddable":true,"href":"http:\/\/www.tvturk.com\/index.php\/wp-json\/wp\/v2\/tags?post=203952"}],"curies":[{"name":"wp","href":"https:\/\/api.w.org\/{rel}","templated":true}]}}