{"id":203962,"date":"2019-09-17T11:16:48","date_gmt":"2019-09-17T08:16:48","guid":{"rendered":"http:\/\/www.tvturk.com\/index.php\/koy-okullarinin-fedakar-ogretmenleri\/"},"modified":"2019-09-17T11:16:48","modified_gmt":"2019-09-17T08:16:48","slug":"koy-okullarinin-fedakar-ogretmenleri","status":"publish","type":"post","link":"http:\/\/www.tvturk.com\/index.php\/koy-okullarinin-fedakar-ogretmenleri\/","title":{"rendered":"K\u00f6y okullar\u0131n\u0131n fedakar \u00f6\u011fretmenleri"},"content":{"rendered":"<p>Elaz\u0131\u011f\u2019\u0131n Ar\u0131cak il\u00e7esine ba\u011fl\u0131 k\u00f6ylerin fedakar \u00f6\u011fretmenleri, istedikleri zamanlarda usta bulmay\u0131nca, kendileri kollar\u0131 s\u0131vad\u0131, g\u00f6rev yapt\u0131klar\u0131 okullar\u0131n duvarlar\u0131n\u0131 onar\u0131p boya yaparak, e\u011fitime haz\u0131r hale getirdi.<\/p>\n<p>Elaz\u0131\u011f\u2019a 110 kilometre  uzakl\u0131kta bulunan 3 belde ve 26  k\u00f6y\u00fcn ba\u011fl\u0131 bulundu\u011fu Ar\u0131cak il\u00e7esinde 12 k\u00f6yde okul bulunuyor.  K\u00f6ylerdeki okullar\u0131n tadilat\u0131 i\u00e7in her zaman usta bulamayan \u00f6\u011fretmenler,  okulun \u00e7o\u011fu i\u015fini kendileri yap\u0131yor. \u00d6\u011frencilerinin daha iyi ko\u015fullarda e\u011fitim g\u00f6rmesi i\u00e7in b\u00fcy\u00fck bir fedakarl\u0131k g\u00f6steren \u00f6\u011fretmenlerin baz\u0131lar\u0131  yaz tatillerinde okullar\u0131n\u0131 tamirat\u0131n\u0131 ger\u00e7ekle\u015ftirdi. Okullar\u0131n\u0131 g\u00fczelle\u015ftirmek i\u00e7in \u00e7abalayan \u00f6\u011fretmenler, eksik kalan k\u0131sm\u0131 ise \u00f6\u011flen aralar\u0131nda ve hafta sonlar\u0131nda i\u015f\u00e7i gibi \u00e7al\u0131\u015farak tamamlamaya \u00e7al\u0131\u015f\u0131yor. 61 \u00f6\u011frencisi olan K\u00fcpl\u00fcce \u0130lkokulu  \u00f6\u011fretmenleri  har\u00e7 kararak merdivenlerin tadilat\u0131n\u0131 s\u00fcrd\u00fcr\u00fcrken, 248 \u00f6\u011frencisi bulunan  Yaylaba\u015f\u0131  \u0130lk ve Ortaokulu \u00f6\u011fretmenleri ise duvarlar\u0131n boyamas\u0131n\u0131 tamamlaya \u00e7al\u0131\u015f\u0131yor.<\/p>\n<p>&#8220;\u00d6\u011fretmenlerimizin b\u00fcy\u00fck gayreti ve fedakarl\u0131klar\u0131 var&#8221;<\/p>\n<p>\u00d6\u011fretmenlerin Ar\u0131cak\u2019\u0131n farkl\u0131  yerlerinde kendi \u00e7abalar\u0131yla okullar\u0131 g\u00fczelle\u015ftirdiklerini belirten \u0130l\u00e7e Milli E\u011fitim M\u00fcd\u00fcr\u00fc Fethi K\u0131l\u0131n\u00e7, \u201cBir tane \u00f6\u011fretmenimiz s\u0131vas\u0131n\u0131 yapt\u0131,  birisi boyas\u0131n\u0131 yapt\u0131. Bir \u015fekilde okullar\u0131m\u0131z\u0131 e\u011fitim \u00f6\u011fretime haz\u0131rlaman\u0131n gayreti i\u00e7erisinde girdik. Bu \u00e7abadan dolay\u0131 ben \u00f6\u011fretmenlerimizi kutluyorum. \u00d6\u011fretmenlerimizin b\u00fcy\u00fck gayreti ve fedakarl\u0131klar\u0131 var. Ar\u0131cak konumu itibari ile Elaz\u0131\u011f\u2019\u0131n en \u00fccra ve dezavantajl\u0131 il\u00e7esi ama  buna ra\u011fmen \u00f6\u011fretmenlerimiz can siper \u015fekilde gelip burada g\u00f6revlerini yapmaya \u00e7al\u0131\u015f\u0131yorlar.  Bunun d\u0131\u015f\u0131nda da de\u011fi\u015fik sosyal sorumluluklarla Ar\u0131cak\u2019\u0131n geli\u015fimine katk\u0131da bulunuyorlar\u201d dedi.<\/p>\n<p>\u201cBazen usta bulam\u0131yoruz, biz yap\u0131yoruz\u201d<\/p>\n<p>K\u00fcpl\u00fcce \u0130lk\u00f6\u011fretim okulunun 2014 y\u0131l\u0131nda e\u011fitim \u00f6\u011fretime a\u00e7\u0131ld\u0131\u011f\u0131n\u0131 aktaran M\u00fcd\u00fcr Vekili \u0130lyas Demir ise , \u201cBinam\u0131z 5 y\u0131ll\u0131k bir  binad\u0131r. Binam\u0131z\u0131n mini onar\u0131mlara ihtiyac\u0131 var. Milli E\u011fitim M\u00fcd\u00fcrl\u00fc\u011f\u00fcm\u00fcz bize gerekli malzemeleri temin etmektedir. Malzemeler geldikten sonra bu malzemelerin in\u015faat\u0131 s\u0131ras\u0131nda gerekli i\u015f\u00e7ili\u011fi ben ve \u00f6\u011fretmen arkada\u015flar\u0131m\u0131z yap\u0131yoruz. Buras\u0131 k\u00f6y okulu oldu\u011fu i\u00e7in biz bazen usta bulam\u0131yoruz. Usta bulamad\u0131\u011f\u0131m\u0131z zamanlarda \u00f6\u011fretmen arkada\u015flar\u0131m\u0131zla birlikte tadilatlar\u0131 gidermeye \u00e7al\u0131\u015f\u0131yoruz. Genellikle i\u015flerimizi teneff\u00fcs aralar\u0131nda, \u00f6\u011fle aras\u0131nda, okul bitiminde ya da hafta sonlar\u0131 oluyor.  Bazen kendi imkanlar\u0131m\u0131zla i\u015flerimizi halletmeye \u00e7al\u0131\u015f\u0131yoruz. Baz\u0131 zaman biz yapt\u0131\u011f\u0131m\u0131zda \u00f6\u011frencilerin ilgisini \u00e7ekti\u011fi i\u00e7in onlarda gelip bizleri izliyorlar. Belki bunlar\u0131 yapmak zorunda de\u011filiz ama \u00f6\u011frencilerimizin daha iyi \u015fartlarda e\u011fitim \u00f6\u011fretim g\u00f6rebilmeleri ve sa\u011fl\u0131kl\u0131 bir ortamda ders i\u015flemeleri i\u00e7in biz bunlar\u0131 yapmak zorunda hissediyoruz\u2019diye konu\u015ftu.<\/p>\n<p>\u201c\u00d6\u011fretmenlik bir fedakarl\u0131k i\u015fidir\u201d<\/p>\n<p>Okulun \u00e7ok y\u0131pranm\u0131\u015f oldu\u011funu fark ettiklerini dile getiren Yaylaba\u015f\u0131  \u0130lk ve Ortaokul M\u00fcd\u00fcr\u00fc Metin \u015eent\u00fcrk ise, \u201cD\u0131\u015f cephe boyas\u0131 8\u2019inci senesine girdi. \u00c7ok y\u0131pranm\u0131\u015ft\u0131 ve alt taraflarda \u00e7ok tadilat istiyordu. Harc\u0131m\u0131z\u0131 ve s\u0131vam\u0131z\u0131 yapt\u0131k. Yara berelerini kapatt\u0131k ve  ondan sonra boyamas\u0131na ba\u015flad\u0131k. \u0130lk etapta alt k\u0131s\u0131mlar\u0131 boyad\u0131k daha sonra uzun \u00e7ubuklarla \u00fcst taraflar\u0131 boyad\u0131k. \u0130\u00e7 cephe boyas\u0131 da y\u0131pranm\u0131\u015ft\u0131,  i\u00e7 taraf\u0131n\u0131 da temiz hale getirdik. Sadece boya ile de bitmedi musluklar\u0131, lavabo ta\u015flar\u0131n\u0131, fayanslar\u0131n\u0131 ve mermerlerini de okulun eksik hangi ihtiya\u00e7lar\u0131 varsa giderip fiziki olarak uygun hale getirmeye \u00e7al\u0131\u015ft\u0131k. Bunu yaparken hi\u00e7 gocunmad\u0131k severek ve isteyerek yapt\u0131k. \u00c7\u00fcnk\u00fc \u00f6\u011fretmenlik bir fedakarl\u0131k i\u015fidir. \u00d6\u011fretmenlik sadece g\u00fcn i\u00e7erisindeki mesai ile bitmiyor 7\/24 devam ediyor\u201ddiyerek s\u00f6zlerini tamamlad\u0131.<\/p>\n","protected":false},"excerpt":{"rendered":"<p>ELAZI\u011e\u2019IN ARICAK \u0130L\u00c7ES\u0130NDEK\u0130 FEDAKAR K\u00d6Y \u00d6\u011eRETMENLER\u0130, \u00d6\u011eRENC\u0130LER\u0130N\u0130N DAHA \u0130Y\u0130 KO\u015eULLARDAN E\u011e\u0130T\u0130M ALMASI \u0130\u00c7\u0130N  G\u00d6REV YAPTIKLARI OKULLARIN DUVARLARINI ONARIP BOYA YAPARAK, E\u011e\u0130T\u0130ME HAZIR HALE GET\u0130RD\u0130<\/p>\n","protected":false},"author":1,"featured_media":203963,"comment_status":"closed","ping_status":"open","sticky":false,"template":"","format":"standard","meta":{"jetpack_post_was_ever_published":false,"_jetpack_newsletter_access":"","_jetpack_dont_email_post_to_subs":false,"_jetpack_newsletter_tier_id":0,"_jetpack_memberships_contains_paywalled_content":false,"_jetpack_memberships_contains_paid_content":false,"footnotes":"","jetpack_publicize_message":"","jetpack_publicize_feature_enabled":true,"jetpack_social_post_already_shared":true,"jetpack_social_options":{"image_generator_settings":{"template":"highway","default_image_id":0,"font":"","enabled":false},"version":2}},"categories":[1],"tags":[7652,1703,923,11998],"class_list":["post-203962","post","type-post","status-publish","format-standard","has-post-thumbnail","hentry","category-genel","tag-fedakar","tag-koy","tag-ogretmenleri","tag-okullarinin"],"jetpack_publicize_connections":[],"jetpack_featured_media_url":"https:\/\/i0.wp.com\/www.tvturk.com\/wp-content\/uploads\/2019\/09\/koy-okullarinin-fedakar-ogretmenleri_761a28b.jpg?fit=1000%2C666","jetpack_sharing_enabled":true,"jetpack_shortlink":"https:\/\/wp.me\/paKIfm-R3I","_links":{"self":[{"href":"http:\/\/www.tvturk.com\/index.php\/wp-json\/wp\/v2\/posts\/203962","targetHints":{"allow":["GET"]}}],"collection":[{"href":"http:\/\/www.tvturk.com\/index.php\/wp-json\/wp\/v2\/posts"}],"about":[{"href":"http:\/\/www.tvturk.com\/index.php\/wp-json\/wp\/v2\/types\/post"}],"author":[{"embeddable":true,"href":"http:\/\/www.tvturk.com\/index.php\/wp-json\/wp\/v2\/users\/1"}],"replies":[{"embeddable":true,"href":"http:\/\/www.tvturk.com\/index.php\/wp-json\/wp\/v2\/comments?post=203962"}],"version-history":[{"count":0,"href":"http:\/\/www.tvturk.com\/index.php\/wp-json\/wp\/v2\/posts\/203962\/revisions"}],"wp:featuredmedia":[{"embeddable":true,"href":"http:\/\/www.tvturk.com\/index.php\/wp-json\/wp\/v2\/media\/203963"}],"wp:attachment":[{"href":"http:\/\/www.tvturk.com\/index.php\/wp-json\/wp\/v2\/media?parent=203962"}],"wp:term":[{"taxonomy":"category","embeddable":true,"href":"http:\/\/www.tvturk.com\/index.php\/wp-json\/wp\/v2\/categories?post=203962"},{"taxonomy":"post_tag","embeddable":true,"href":"http:\/\/www.tvturk.com\/index.php\/wp-json\/wp\/v2\/tags?post=203962"}],"curies":[{"name":"wp","href":"https:\/\/api.w.org\/{rel}","templated":true}]}}