{"id":204059,"date":"2019-09-17T13:31:39","date_gmt":"2019-09-17T10:31:39","guid":{"rendered":"http:\/\/www.tvturk.com\/index.php\/eskisehirde-87nci-pancar-alim-donemi-basladi\/"},"modified":"2019-09-17T13:31:39","modified_gmt":"2019-09-17T10:31:39","slug":"eskisehirde-87nci-pancar-alim-donemi-basladi","status":"publish","type":"post","link":"http:\/\/www.tvturk.com\/index.php\/eskisehirde-87nci-pancar-alim-donemi-basladi\/","title":{"rendered":"Eski\u015fehir\u2019de 87\u2019nci pancar al\u0131m d\u00f6nemi ba\u015flad\u0131"},"content":{"rendered":"<p>Kaz\u0131m Ta\u015fkent Eski\u015fehir \u015eeker Fabrikas\u0131\u2019n\u0131n 2019-2020 y\u0131l\u0131 pancar al\u0131m ve \u015feker \u00fcretim i\u015fleme d\u00f6neminin a\u00e7\u0131l\u0131\u015f\u0131 d\u00fczenlenen t\u00f6renle yap\u0131ld\u0131.<\/p>\n<p>Kurban kesimi ve sonras\u0131nda edilen duan\u0131n ard\u0131ndan protokol \u00fcyeleri, yeni d\u00f6nemin a\u00e7\u0131l\u0131\u015f kurdelesini keserek, ilk gelen pancar\u0131n al\u0131m\u0131n\u0131 yapt\u0131. Pancar\u0131n\u0131 ilk getiren \u00e7ift\u00e7ilere de protokol \u00fcyeleri taraf\u0131ndan \u00e7e\u015fitli hediyeler verildi. T\u00f6rene Eski\u015fehir Valisi \u00d6zdemir \u00c7akacak, CHP Eski\u015fehir Milletvekili Utku \u00c7ak\u0131r\u00f6zer, AK Parti Eski\u015fehir \u0130l Ba\u015fkan\u0131 Zihni \u00c7al\u0131\u015fkan, Kaz\u0131m Ta\u015fkent Eski\u015fehir \u015eeker Fabrikas\u0131 M\u00fcd\u00fcr\u00fc Ekrem Meydanl\u0131\u2019n\u0131n yan\u0131 s\u0131ra sendika ba\u015fkanlar\u0131 ve \u00e7ok say\u0131da \u00e7al\u0131\u015fan kat\u0131ld\u0131.<\/p>\n<p>\u201c1 milyar 300 milyon lira \u00e7e\u015fitli kademelerde \u00e7ift\u00e7imize tar\u0131msal destekte bulunulmu\u015f\u201d<\/p>\n<p>A\u00e7\u0131l\u0131\u015f t\u00f6reninde konu\u015fan Eski\u015fehir Valisi \u00d6zdemir \u00c7akacak, \u015feker fabrikalar\u0131n\u0131n T\u00fcrk tar\u0131m\u0131 ve T\u00fcrk sanayisi \u00fczerinde ayr\u0131 bir \u00f6neminin oldu\u011funu belirtti. 87\u2019inci \u015feker pancar\u0131 al\u0131m\u0131 ve \u015feker \u00fcretimi kampanyas\u0131n\u0131n da hay\u0131rlara vesile olmas\u0131n\u0131 dileyen \u00c7akacak, \u201c2019-2020 sezonu \u015feker fabrikam\u0131z\u0131n 87\u2019nci \u015feker pancar\u0131 al\u0131m\u0131 ve \u015feker \u00fcretimi kampanyas\u0131n\u0131n a\u00e7\u0131l\u0131\u015f t\u00f6reninde emek\u00e7ilerimizle olmaktan son derece mutluluk duydu\u011fumu ifade etmek istiyorum. Kampanyam\u0131z\u0131n i\u015f\u00e7ilerimize, \u00e7ift\u00e7ilerimize, Eski\u015fehirimize, \u00fclkemize hay\u0131rl\u0131 ve verimli olmas\u0131n\u0131 temenni ediyorum. \u015eeker fabrikalar\u0131m\u0131z\u0131n T\u00fcrk tar\u0131m\u0131 \u00fczerinde ve T\u00fcrk sanayisi \u00fczerinde ayr\u0131 bir \u00f6nemi vard\u0131r. Tar\u0131mla sanayinin birle\u015fti\u011fi \u00f6nc\u00fc kurulu\u015flar\u0131m\u0131zdan biridir \u015feker fabrikalar\u0131m\u0131z. Sertifikal\u0131 tohumlarla, tohumculuk \u0131slah\u0131yla, ileri teknolojiyle ancak \u00f6yle \u00fcretimimizi artt\u0131rabiliriz. \u0130hracat\u0131m\u0131za bakt\u0131\u011f\u0131m\u0131zda tar\u0131msal ihracat\u0131m\u0131z 22,5 milyar dolara \u00e7\u0131km\u0131\u015f. Ayn\u0131 tar\u0131msal sahalar i\u00e7erisinde oluyor. Bu 22,5 milyar dolar\u0131 ise ileri teknoloji \u00fcretimle, sertifikal\u0131 tohumlarla bu rakam\u0131 birka\u00e7 katlar bizim toplar\u0131m\u0131z ve \u00e7al\u0131\u015fkan \u00e7ift\u00e7imiz. \u00c7ift\u00e7imize devletimiz taraf\u0131ndan gereken her t\u00fcrl\u00fc destek verilmektedir. Tabii ki sadece \u015feker fiyat\u0131nda de\u011fil bu memnuniyet. Bak\u0131n\u0131z tar\u0131msal desteklere sadece Eski\u015fehir \u00fczerinden bakt\u0131\u011f\u0131n\u0131zda 1 milyar 300 milyon lira \u00e7e\u015fitli kademelerde \u00e7ift\u00e7imize tar\u0131msal destekte bulunulmu\u015f ve her y\u0131l bu destek verilmeye devam ediyor ve devam edecektir\u201d \u015feklinde konu\u015ftu.<\/p>\n<p>Program\u0131n sonunda fabrika sahas\u0131n\u0131 gezen Vali \u00c7akacak, yap\u0131lan \u00e7al\u0131\u015fmalar hakk\u0131nda M\u00fcd\u00fcr Meydanl\u0131\u2019dan bilgi ald\u0131.<\/p>\n","protected":false},"excerpt":{"rendered":"<p>KAZIM TA\u015eKENT ESK\u0130\u015eEH\u0130R \u015eEKER FABR\u0130KASI\u2019NIN 2019-2020 YILI PANCAR ALIM VE \u015eEKER \u00dcRET\u0130M \u0130\u015eLEME D\u00d6NEM\u0130N\u0130N A\u00c7ILI\u015eI D\u00dcZENLENEN T\u00d6RENLE YAPILDI.<\/p>\n","protected":false},"author":1,"featured_media":204060,"comment_status":"closed","ping_status":"open","sticky":false,"template":"","format":"standard","meta":{"jetpack_post_was_ever_published":false,"_jetpack_newsletter_access":"","_jetpack_dont_email_post_to_subs":false,"_jetpack_newsletter_tier_id":0,"_jetpack_memberships_contains_paywalled_content":false,"_jetpack_memberships_contains_paid_content":false,"footnotes":"","jetpack_publicize_message":"","jetpack_publicize_feature_enabled":true,"jetpack_social_post_already_shared":true,"jetpack_social_options":{"image_generator_settings":{"template":"highway","default_image_id":0,"font":"","enabled":false},"version":2}},"categories":[19],"tags":[51511,7112,55,2088,5963,6416],"class_list":["post-204059","post","type-post","status-publish","format-standard","has-post-thumbnail","hentry","category-ekonomi","tag-87nci","tag-alim","tag-basladi","tag-donemi","tag-eskisehirde","tag-pancar"],"jetpack_publicize_connections":[],"jetpack_featured_media_url":"https:\/\/i0.wp.com\/www.tvturk.com\/wp-content\/uploads\/2019\/09\/eskisehirde-87nci-pancar-alim-donemi-basladi_f19176d.jpg?fit=1000%2C666","jetpack_sharing_enabled":true,"jetpack_shortlink":"https:\/\/wp.me\/paKIfm-R5h","_links":{"self":[{"href":"http:\/\/www.tvturk.com\/index.php\/wp-json\/wp\/v2\/posts\/204059","targetHints":{"allow":["GET"]}}],"collection":[{"href":"http:\/\/www.tvturk.com\/index.php\/wp-json\/wp\/v2\/posts"}],"about":[{"href":"http:\/\/www.tvturk.com\/index.php\/wp-json\/wp\/v2\/types\/post"}],"author":[{"embeddable":true,"href":"http:\/\/www.tvturk.com\/index.php\/wp-json\/wp\/v2\/users\/1"}],"replies":[{"embeddable":true,"href":"http:\/\/www.tvturk.com\/index.php\/wp-json\/wp\/v2\/comments?post=204059"}],"version-history":[{"count":0,"href":"http:\/\/www.tvturk.com\/index.php\/wp-json\/wp\/v2\/posts\/204059\/revisions"}],"wp:featuredmedia":[{"embeddable":true,"href":"http:\/\/www.tvturk.com\/index.php\/wp-json\/wp\/v2\/media\/204060"}],"wp:attachment":[{"href":"http:\/\/www.tvturk.com\/index.php\/wp-json\/wp\/v2\/media?parent=204059"}],"wp:term":[{"taxonomy":"category","embeddable":true,"href":"http:\/\/www.tvturk.com\/index.php\/wp-json\/wp\/v2\/categories?post=204059"},{"taxonomy":"post_tag","embeddable":true,"href":"http:\/\/www.tvturk.com\/index.php\/wp-json\/wp\/v2\/tags?post=204059"}],"curies":[{"name":"wp","href":"https:\/\/api.w.org\/{rel}","templated":true}]}}