{"id":204093,"date":"2019-09-17T14:01:47","date_gmt":"2019-09-17T11:01:47","guid":{"rendered":"http:\/\/www.tvturk.com\/index.php\/berna-oztinaz-avrupa-insan-yonetimi-dernegi-yonetim-kurulu-uyesi-oldu\/"},"modified":"2019-09-17T14:01:47","modified_gmt":"2019-09-17T11:01:47","slug":"berna-oztinaz-avrupa-insan-yonetimi-dernegi-yonetim-kurulu-uyesi-oldu","status":"publish","type":"post","link":"http:\/\/www.tvturk.com\/index.php\/berna-oztinaz-avrupa-insan-yonetimi-dernegi-yonetim-kurulu-uyesi-oldu\/","title":{"rendered":"Berna \u00d6zt\u0131naz, Avrupa \u0130nsan Y\u00f6netimi Derne\u011fi Y\u00f6netim Kurulu \u00dcyesi oldu"},"content":{"rendered":"<p>DeFacto\u2019nun \u0130nsan Kaynaklar\u0131ndan Sorumlu Genel M\u00fcd\u00fcr Yard\u0131mc\u0131s\u0131 (CHRO) Berna \u00d6zt\u0131naz, Avrupa \u0130nsan Y\u00f6netimi Derne\u011fi\u2019nin Y\u00f6netim Kurulu \u00fcyeli\u011fine se\u00e7ildi.<\/p>\n<p>Avrupa \u0130nsan Y\u00f6netimi Derne\u011fi\u2019nin (European Association for People Management- EAPM) 1 Ocak 2020-31 Aral\u0131k 2021 d\u00f6nemi aras\u0131nda g\u00f6rev yapacak y\u00f6netim kurulu \u00fcyeleri a\u00e7\u0131kland\u0131. T\u00fcrkiye haz\u0131r giyim sekt\u00f6r\u00fcn\u00fcn markalar\u0131ndan DeFacto\u2019nun \u0130nsan Kaynaklar\u0131ndan Sorumlu Genel M\u00fcd\u00fcr Yard\u0131mc\u0131s\u0131 (CHRO) Berna \u00d6zt\u0131naz, Avrupa \u0130nsan Y\u00f6netimi Derne\u011fi\u2019nin yeni y\u00f6netim kurulu \u00fcyeli\u011fine se\u00e7ildi. B\u00f6ylece 33 \u00fclkeyi temsil eden Avrupa \u0130nsan Y\u00f6netimi Derne\u011fi\u2019nin alt\u0131 ki\u015fiden olu\u015fan y\u00f6netim kuruluna ilk defa T\u00fcrkiye\u2019den bir \u00fcye se\u00e7ilmi\u015f oldu.<\/p>\n<p>T\u00fcrkiye \u0130nsan Y\u00f6netimi Derne\u011fi\u2019nin (PERY\u00d6N) insan y\u00f6netimi alan\u0131nda d\u00fcnyadaki en \u00f6nemli iki otoriteden biri olarak kabul edilen Avrupa \u0130nsan Y\u00f6netimi Derne\u011fi\u2019ne 1979 y\u0131l\u0131ndan bu yana \u00fcyeli\u011fi bulundu\u011fu belirtildi.<\/p>\n<p>DeFacto\u2019da CHRO g\u00f6reviyle global b\u00fcy\u00fcme ve d\u00f6n\u00fc\u015f\u00fcm yolculu\u011funda insan y\u00f6netimi s\u00fcre\u00e7lerini y\u00f6neten \u00d6zt\u0131naz, iki d\u00f6nemdir PERY\u00d6N Y\u00f6netim Kurulu Ba\u015fkan\u0131 g\u00f6revini de s\u00fcrd\u00fcr\u00fcyor.<\/p>\n","protected":false},"excerpt":{"rendered":"<p>DEFACTO\u2019NUN \u0130NSAN KAYNAKLARINDAN SORUMLU GENEL M\u00dcD\u00dcR YARDIMCISI (CHRO) BERNA \u00d6ZTINAZ, AVRUPA \u0130NSAN Y\u00d6NET\u0130M\u0130 DERNE\u011e\u0130\u2019N\u0130N Y\u00d6NET\u0130M KURULU \u00dcYEL\u0130\u011e\u0130NE SE\u00c7\u0130LD\u0130<\/p>\n","protected":false},"author":1,"featured_media":204094,"comment_status":"closed","ping_status":"open","sticky":false,"template":"","format":"standard","meta":{"jetpack_post_was_ever_published":false,"_jetpack_newsletter_access":"","_jetpack_dont_email_post_to_subs":false,"_jetpack_newsletter_tier_id":0,"_jetpack_memberships_contains_paywalled_content":false,"_jetpack_memberships_contains_paid_content":false,"footnotes":"","jetpack_publicize_message":"","jetpack_publicize_feature_enabled":true,"jetpack_social_post_already_shared":true,"jetpack_social_options":{"image_generator_settings":{"template":"highway","default_image_id":0,"font":"","enabled":false},"version":2}},"categories":[19],"tags":[392,31416,6333,1381,247,77,31417,1941,246,1543],"class_list":["post-204093","post","type-post","status-publish","format-standard","has-post-thumbnail","hentry","category-ekonomi","tag-avrupa","tag-berna","tag-dernegi","tag-insan","tag-kurulu","tag-oldu","tag-oztinaz","tag-uyesi","tag-yonetim","tag-yonetimi"],"jetpack_publicize_connections":[],"jetpack_featured_media_url":"https:\/\/i0.wp.com\/www.tvturk.com\/wp-content\/uploads\/2019\/09\/berna-oztinaz-avrupa-insan-yonetimi-dernegi-yonetim-kurulu-uyesi-oldu_c545a9d.jpg?fit=1000%2C666","jetpack_sharing_enabled":true,"jetpack_shortlink":"https:\/\/wp.me\/paKIfm-R5P","_links":{"self":[{"href":"http:\/\/www.tvturk.com\/index.php\/wp-json\/wp\/v2\/posts\/204093","targetHints":{"allow":["GET"]}}],"collection":[{"href":"http:\/\/www.tvturk.com\/index.php\/wp-json\/wp\/v2\/posts"}],"about":[{"href":"http:\/\/www.tvturk.com\/index.php\/wp-json\/wp\/v2\/types\/post"}],"author":[{"embeddable":true,"href":"http:\/\/www.tvturk.com\/index.php\/wp-json\/wp\/v2\/users\/1"}],"replies":[{"embeddable":true,"href":"http:\/\/www.tvturk.com\/index.php\/wp-json\/wp\/v2\/comments?post=204093"}],"version-history":[{"count":0,"href":"http:\/\/www.tvturk.com\/index.php\/wp-json\/wp\/v2\/posts\/204093\/revisions"}],"wp:featuredmedia":[{"embeddable":true,"href":"http:\/\/www.tvturk.com\/index.php\/wp-json\/wp\/v2\/media\/204094"}],"wp:attachment":[{"href":"http:\/\/www.tvturk.com\/index.php\/wp-json\/wp\/v2\/media?parent=204093"}],"wp:term":[{"taxonomy":"category","embeddable":true,"href":"http:\/\/www.tvturk.com\/index.php\/wp-json\/wp\/v2\/categories?post=204093"},{"taxonomy":"post_tag","embeddable":true,"href":"http:\/\/www.tvturk.com\/index.php\/wp-json\/wp\/v2\/tags?post=204093"}],"curies":[{"name":"wp","href":"https:\/\/api.w.org\/{rel}","templated":true}]}}