{"id":204190,"date":"2019-09-17T16:16:24","date_gmt":"2019-09-17T13:16:24","guid":{"rendered":"http:\/\/www.tvturk.com\/index.php\/marmara-bolgesi-ziraat-odalari-baskanlarindan-ortak-celtik-aciklamasi\/"},"modified":"2019-09-17T16:16:24","modified_gmt":"2019-09-17T13:16:24","slug":"marmara-bolgesi-ziraat-odalari-baskanlarindan-ortak-celtik-aciklamasi","status":"publish","type":"post","link":"http:\/\/www.tvturk.com\/index.php\/marmara-bolgesi-ziraat-odalari-baskanlarindan-ortak-celtik-aciklamasi\/","title":{"rendered":"Marmara B\u00f6lgesi Ziraat Odalar\u0131 ba\u015fkanlar\u0131ndan ortak \u2018\u00e7eltik\u2019 a\u00e7\u0131klamas\u0131"},"content":{"rendered":"<p>Edirne\u2019de, bir araya gelen Marmara B\u00f6lgesi\u2019ndeki Ziraat Odalar\u0131 Ba\u015fkanlar\u0131, a\u00e7\u0131klanan \u00c7eltik taban fiyatlar\u0131 ile ilgili ortak bildiri yay\u0131mlad\u0131. Marmara B\u00f6lgesi ad\u0131na a\u00e7\u0131klamalarda bulunan T\u00fcrkiye Ziraat Odalar\u0131 Birli\u011fi Y\u00f6netim Kurulu \u00dcyesi H\u00fcseyin Darcan, \u00e7eltik i\u00e7in a\u00e7\u0131klanan 3 lira 05 kuru\u015f rakam\u0131n\u0131n \u00fcreticilerin ancak girdi maliyetlerini kar\u015f\u0131layabilece\u011fini s\u00f6yledi.<\/p>\n<p>Edirne\u2019de, bir otelin toplant\u0131 salonunda d\u00fczenlenen bas\u0131n toplant\u0131s\u0131nda Edirne, Tekirda\u011f, K\u0131rklareli, Bursa, Bilecek ve Marmara B\u00f6lgesi\u2019ndeki il\u00e7e Ziraat Odalar\u0131 Ba\u015fkanlar\u0131, \u00fcreticilerin genel durumu ve a\u00e7\u0131klanan \u00e7eltik fiyatlar\u0131 ile ilgili de\u011ferlendirmelerde bulundu.<\/p>\n<p>Marmara B\u00f6lgesi\u2019ni temsilen a\u00e7\u0131klamalarda bulunan T\u00fcrkiye Ziraat Odalar\u0131 Birli\u011fi Y\u00f6netim Kurulu \u00dcyesi H\u00fcseyin Darcan, \u00e7eltik de a\u00e7\u0131klanan taban fiyatlar\u0131n\u0131n dip fiyatlar oldu\u011funu ancak ve ancak girdi maliyetlerini kar\u015f\u0131layaca\u011f\u0131 i\u00e7in \u00fcreticinin kar etmesinin m\u00fcmk\u00fcn olamayaca\u011f\u0131n\u0131 s\u00f6yledi.<\/p>\n<p>\u201c\u00c7eltikte bu rakamlar \u00e7ok dip rakamlard\u0131r\u201d<\/p>\n<p>T\u00fcrkiye Ziraat Odalar\u0131 Birli\u011fi Y\u00f6netim Kurulu \u00dcyesi ve \u0130psala Ziraat Odas\u0131 Ba\u015fkan\u0131 H\u00fcseyin Darcan, \u201cBiz daha \u00f6nce de Edirne Ziraat Odalar\u0131 olarak di\u011fer b\u00f6lgelerde de \u00c7anakkale\u2019de de \u00e7eltik ekimi var, Bal\u0131kesir\u2019de var. \u00c7eltik de Marmara B\u00f6lgesi\u2019nin \u00f6nemli ana \u00fcr\u00fcnlerinden bir tanesi. \u00d6zellikle de Edirne\u2019nin. \u00c7eltik maliyetlerimizi ge\u00e7mi\u015f d\u00f6nemde sizlerle payla\u015fm\u0131\u015ft\u0131k. 2 lira 30 kuru\u015f gibi bir d\u00f6n\u00fcm maliyetimiz var. Bu dane maliyetini tabi ki de\u011fi\u015ftiriyor. \u015eimdi bir Osmanc\u0131k verimi, bir Baldo verimi farkl\u0131 farkl\u0131 tonajlara sahip, dane verimine gelince yani 3 liran\u0131n \u00fczerinde bizim dane maliyetimiz var. Yani 3 TL \u00fczerinde. Yani bug\u00fcn a\u00e7\u0131klanan 3 lira 05 kuru\u015f Osmanc\u0131k ancak \u015fu anda bizim maliyetimizi kar\u015f\u0131lamaktad\u0131r. Ben bu y\u0131l \u00fcreticilerin \u00e7ok kar edece\u011fini d\u00fc\u015f\u00fcnm\u00fcyorum. Yani bu rakamlar \u00e7ok dip rakamlard\u0131r. Ben tekrar Tar\u0131m Bakan\u0131m\u0131zdan bu fiyatlar\u0131n g\u00f6zden ge\u00e7irilmesini istiyoruz. Bu fiyatlar ger\u00e7ekten \u00fcreticimizin \u00fcretim maliyetleridir\u201d dedi.<\/p>\n<p>\u201cBor\u00e7lar\u0131n, h\u00fck\u00fcmetimizden 5 y\u0131l faizsiz ertelenmesini talep ediyoruz\u201d<\/p>\n<p>\u00d6te yandan, \u00fclke genelinde ya\u015fanan ekonomik dalgalanmalar nedeniyle \u00fcreticinin zor g\u00fcnler ya\u015fad\u0131\u011f\u0131na de\u011finen Darcan, \u201cGe\u00e7en y\u0131l ya\u015fanan ekonomik kriz nedeniyle \u00fcreticimiz y\u00fcksek girdi maliyetleriyle ekim yapm\u0131\u015ft\u0131r. Piyasada bu y\u0131l fiyatlar\u0131n \u00e7ok iyi gitmemesi sebebiyle bankalara olan bor\u00e7lar\u0131n\u0131n, h\u00fck\u00fcmetimizden 5 y\u0131l faizsiz ertelenmesini talep ediyoruz. Lisansl\u0131 depoculuk bu faaliyete ge\u00e7ti ama baz\u0131 s\u0131k\u0131nt\u0131lar\u0131m\u0131z var bu konuda. Lisansl\u0131 depoya \u00fcr\u00fcn teslim eden \u00fcreticilerimiz y\u00fczde 75\u2019ini Ziraat Bankas\u0131\u2019ndan kredi \u015feklinde geri alabiliyordu. \u00dcr\u00fcn\u00fcn\u00fc teminat g\u00f6sterip y\u00fczde 75 alabiliyordu. Yaln\u0131z kredi borcu olanlar bunun d\u0131\u015f\u0131nda tutuluyor. Bu y\u00fczde 75\u2019i alabilmeleri i\u00e7in kredi bor\u00e7lar\u0131n\u0131 kapamalar\u0131 isteniyor banka taraf\u0131ndan. \u00dcreticimiz gidip kredi bor\u00e7lar\u0131n\u0131 kapat\u0131yor, \u00fcretti\u011fi \u00fcr\u00fcn\u00fcn y\u00fczde 75\u2019ini tekrar kredi olarak al\u0131yor, yaln\u0131z piyasaya satmaya geldi\u011finde ilk \u00f6nce \u015fu sorunla kar\u015f\u0131la\u015f\u0131yor; banka diyor ki; \u2018bu borcunuzu kapat\u0131n, ondan sonra \u00fcr\u00fcn\u00fcn\u00fcz\u00fc sat\u0131n\u2019. \u00dcreticimiz zaten zor durumda, bu \u00fcr\u00fcn\u00fcn\u00fc satmadan bu borcu nas\u0131l kapatacak? H\u00fck\u00fcmetimizin bunu da bilmesini, bu konuda da tedbir almas\u0131n\u0131 istiyoruz. Ziraat Bankas\u0131\u2019na borcu olmayan \u00e7ift\u00e7imiz yok. Genelde bor\u00e7 ertelemesi yap\u0131l\u0131yor y\u00fczde 23 faiz \u00fczerinden. \u015eimdi \u00fcreticimiz bu y\u0131l borcunu erteletti, \u00fczerinde y\u00fczde 23 faiz konuldu. Zaten bir daha ki y\u0131la \u00e7\u0131karaca\u011f\u0131 ayn\u0131 \u00fcr\u00fcn. Bir daha ki y\u0131la girebilmek i\u00e7in tekrar kredi kullan\u0131yor. \u00dcreticimizin borcu 5 y\u0131l faizsiz olarak e\u015fit taksitlere b\u00f6l\u00fcns\u00fcn, b\u00f6yle bir \u00f6deme kolayl\u0131\u011f\u0131 yap\u0131ls\u0131n. Yoksa yeni bir kredi al\u0131rsa \u00fcretici, bor\u00e7 \u00fcst\u00fcne bor\u00e7 koymu\u015f olacak. Bu \u00fcreticimizi \u00e7ok zor durumda b\u0131rak\u0131yor\u201d dedi.<\/p>\n","protected":false},"excerpt":{"rendered":"<p>ED\u0130RNE\u2019DE B\u0130R ARAYA GELEN MARMARA B\u00d6LGES\u0130\u2019NDEK\u0130 Z\u0130RAAT ODALARI BA\u015eKANLARI, A\u00c7IKLANAN \u00c7ELT\u0130K TABAN F\u0130YATLARI \u0130LE \u0130LG\u0130L\u0130 ORTAK B\u0130LD\u0130R\u0130 YAYIMLADI.<\/p>\n","protected":false},"author":1,"featured_media":204191,"comment_status":"closed","ping_status":"open","sticky":false,"template":"","format":"standard","meta":{"jetpack_post_was_ever_published":false,"_jetpack_newsletter_access":"","_jetpack_dont_email_post_to_subs":false,"_jetpack_newsletter_tier_id":0,"_jetpack_memberships_contains_paywalled_content":false,"_jetpack_memberships_contains_paid_content":false,"footnotes":"","jetpack_publicize_message":"","jetpack_publicize_feature_enabled":true,"jetpack_social_post_already_shared":true,"jetpack_social_options":{"image_generator_settings":{"template":"highway","default_image_id":0,"font":"","enabled":false},"version":2}},"categories":[19],"tags":[1072,2000,10633,19267,6952,43273,947,166],"class_list":["post-204190","post","type-post","status-publish","format-standard","has-post-thumbnail","hentry","category-ekonomi","tag-aciklamasi","tag-baskanlarindan","tag-bolgesi","tag-celtik","tag-marmara","tag-odalari","tag-ortak","tag-ziraat"],"jetpack_publicize_connections":[],"jetpack_featured_media_url":"https:\/\/i0.wp.com\/www.tvturk.com\/wp-content\/uploads\/2019\/09\/marmara-bolgesi-ziraat-odalari-baskanlarindan-ortak-celtik-aciklamasi_093bb30.jpg?fit=1000%2C666","jetpack_sharing_enabled":true,"jetpack_shortlink":"https:\/\/wp.me\/paKIfm-R7o","_links":{"self":[{"href":"http:\/\/www.tvturk.com\/index.php\/wp-json\/wp\/v2\/posts\/204190","targetHints":{"allow":["GET"]}}],"collection":[{"href":"http:\/\/www.tvturk.com\/index.php\/wp-json\/wp\/v2\/posts"}],"about":[{"href":"http:\/\/www.tvturk.com\/index.php\/wp-json\/wp\/v2\/types\/post"}],"author":[{"embeddable":true,"href":"http:\/\/www.tvturk.com\/index.php\/wp-json\/wp\/v2\/users\/1"}],"replies":[{"embeddable":true,"href":"http:\/\/www.tvturk.com\/index.php\/wp-json\/wp\/v2\/comments?post=204190"}],"version-history":[{"count":0,"href":"http:\/\/www.tvturk.com\/index.php\/wp-json\/wp\/v2\/posts\/204190\/revisions"}],"wp:featuredmedia":[{"embeddable":true,"href":"http:\/\/www.tvturk.com\/index.php\/wp-json\/wp\/v2\/media\/204191"}],"wp:attachment":[{"href":"http:\/\/www.tvturk.com\/index.php\/wp-json\/wp\/v2\/media?parent=204190"}],"wp:term":[{"taxonomy":"category","embeddable":true,"href":"http:\/\/www.tvturk.com\/index.php\/wp-json\/wp\/v2\/categories?post=204190"},{"taxonomy":"post_tag","embeddable":true,"href":"http:\/\/www.tvturk.com\/index.php\/wp-json\/wp\/v2\/tags?post=204190"}],"curies":[{"name":"wp","href":"https:\/\/api.w.org\/{rel}","templated":true}]}}