{"id":204200,"date":"2019-09-17T16:32:17","date_gmt":"2019-09-17T13:32:17","guid":{"rendered":"http:\/\/www.tvturk.com\/index.php\/bursada-orman-yangini-cam-agaclari-yaniyor\/"},"modified":"2019-09-17T16:32:17","modified_gmt":"2019-09-17T13:32:17","slug":"bursada-orman-yangini-cam-agaclari-yaniyor","status":"publish","type":"post","link":"http:\/\/www.tvturk.com\/index.php\/bursada-orman-yangini-cam-agaclari-yaniyor\/","title":{"rendered":"Bursa\u2019da orman yang\u0131n\u0131&#8230;\u00c7am a\u011fa\u00e7lar\u0131 yan\u0131yor"},"content":{"rendered":"<p>Bursa\u2019n\u0131n Orhaneli il\u00e7esinde orman yang\u0131n\u0131 \u00e7\u0131kt\u0131. Ekipler alevlere m\u00fcdahale ediyor<\/p>\n<p>Al\u0131nan bilgiye g\u00f6re, saat 15.45 s\u0131ralar\u0131nda Ak\u00e7ab\u00fck K\u00f6y\u00fc top sahas\u0131 yak\u0131nlar\u0131ndaki \u00e7aml\u0131k alanda yang\u0131n \u00e7\u0131kt\u0131. Yang\u0131n k\u0131sa s\u00fcrede b\u00fcy\u00fcd\u00fc. Orhaneli Orman \u0130\u015fletme M\u00fcd\u00fcrl\u00fc\u011f\u00fc ekipleri ve vatanda\u015flar alevleri s\u00f6nd\u00fcrmek i\u00e7in m\u00fcdahale ederken, b\u00f6lgeye helikopter de sevk edildi.<\/p>\n<p>Bursa Orman B\u00f6lge M\u00fcd\u00fcrl\u00fc\u011f\u00fc\u2019n\u00fcn de b\u00f6lgeye takviye ekipler g\u00f6nderdi\u011fi \u00f6\u011frenildi.<\/p>\n<p>Yang\u0131n\u0131n \u00e7\u0131k\u0131\u015f sebebiyle ilgili soru\u015fturma ba\u015flat\u0131ld\u0131.<\/p>\n","protected":false},"excerpt":{"rendered":"<p>ORHANEL\u0130 \u0130L\u00c7ES\u0130\u0130NDE ORMAN YANGINI \u00c7IKTI<\/p>\n","protected":false},"author":1,"featured_media":204201,"comment_status":"closed","ping_status":"open","sticky":false,"template":"","format":"standard","meta":{"jetpack_post_was_ever_published":false,"_jetpack_newsletter_access":"","_jetpack_dont_email_post_to_subs":false,"_jetpack_newsletter_tier_id":0,"_jetpack_memberships_contains_paywalled_content":false,"_jetpack_memberships_contains_paid_content":false,"footnotes":"","jetpack_publicize_message":"","jetpack_publicize_feature_enabled":true,"jetpack_social_post_already_shared":true,"jetpack_social_options":{"image_generator_settings":{"template":"highway","default_image_id":0,"font":"","enabled":false},"version":2}},"categories":[1],"tags":[973,1032,2404,51550,32063],"class_list":["post-204200","post","type-post","status-publish","format-standard","has-post-thumbnail","hentry","category-genel","tag-agaclari","tag-bursada","tag-orman","tag-yangini-cam","tag-yaniyor"],"jetpack_publicize_connections":[],"jetpack_featured_media_url":"https:\/\/i0.wp.com\/www.tvturk.com\/wp-content\/uploads\/2019\/09\/bursada-orman-yanginicam-agaclari-yaniyor_b864598.jpg?fit=1000%2C562","jetpack_sharing_enabled":true,"jetpack_shortlink":"https:\/\/wp.me\/paKIfm-R7y","_links":{"self":[{"href":"http:\/\/www.tvturk.com\/index.php\/wp-json\/wp\/v2\/posts\/204200","targetHints":{"allow":["GET"]}}],"collection":[{"href":"http:\/\/www.tvturk.com\/index.php\/wp-json\/wp\/v2\/posts"}],"about":[{"href":"http:\/\/www.tvturk.com\/index.php\/wp-json\/wp\/v2\/types\/post"}],"author":[{"embeddable":true,"href":"http:\/\/www.tvturk.com\/index.php\/wp-json\/wp\/v2\/users\/1"}],"replies":[{"embeddable":true,"href":"http:\/\/www.tvturk.com\/index.php\/wp-json\/wp\/v2\/comments?post=204200"}],"version-history":[{"count":0,"href":"http:\/\/www.tvturk.com\/index.php\/wp-json\/wp\/v2\/posts\/204200\/revisions"}],"wp:featuredmedia":[{"embeddable":true,"href":"http:\/\/www.tvturk.com\/index.php\/wp-json\/wp\/v2\/media\/204201"}],"wp:attachment":[{"href":"http:\/\/www.tvturk.com\/index.php\/wp-json\/wp\/v2\/media?parent=204200"}],"wp:term":[{"taxonomy":"category","embeddable":true,"href":"http:\/\/www.tvturk.com\/index.php\/wp-json\/wp\/v2\/categories?post=204200"},{"taxonomy":"post_tag","embeddable":true,"href":"http:\/\/www.tvturk.com\/index.php\/wp-json\/wp\/v2\/tags?post=204200"}],"curies":[{"name":"wp","href":"https:\/\/api.w.org\/{rel}","templated":true}]}}