{"id":204202,"date":"2019-09-17T16:46:38","date_gmt":"2019-09-17T13:46:38","guid":{"rendered":"http:\/\/www.tvturk.com\/index.php\/acik-kapi-vatandaslari-agirlamaya-devam-ediyor\/"},"modified":"2019-09-17T16:46:38","modified_gmt":"2019-09-17T13:46:38","slug":"acik-kapi-vatandaslari-agirlamaya-devam-ediyor","status":"publish","type":"post","link":"http:\/\/www.tvturk.com\/index.php\/acik-kapi-vatandaslari-agirlamaya-devam-ediyor\/","title":{"rendered":"\u2019A\u00e7\u0131k Kap\u0131\u2019, vatanda\u015flar\u0131 a\u011f\u0131rlamaya devam ediyor"},"content":{"rendered":"<p>Sivas Valili\u011fi b\u00fcnyesinde hizmet veren ve vatanda\u015fla en \u00fcst d\u00fczeyde ileti\u015fimin kurulmas\u0131, taleplerinin etkin ve h\u0131zl\u0131 bir \u015fekilde al\u0131narak takip edilmesinin hedeflendi\u011fi \u2019A\u00e7\u0131k Kap\u0131\u2019 vatanda\u015flar\u0131 a\u011f\u0131rlamaya devam ediyor.<\/p>\n<p>Sivas Valisi Salih Ayhan, \u2019A\u00e7\u0131k Kap\u0131\u2019y\u0131 ziyaret ederek halk g\u00fcnleri kapsam\u0131nda sorunlar\u0131n\u0131 iletmeye gelen vatanda\u015flarla tek tek g\u00f6r\u00fc\u015f\u00fcp taleplerini not ald\u0131.<\/p>\n<p>\u0130\u00e7i\u015fleri Bakanl\u0131\u011f\u0131 Strateji Geli\u015ftirme Ba\u015fkanl\u0131\u011f\u0131 taraf\u0131ndan; 2 y\u0131l \u00f6nce bir\u00e7ok ilde uygulamaya konulan A\u00e7\u0131k Kap\u0131 Projesi\u2019nin Sivas\u2019ta da ba\u015far\u0131yla uyguland\u0131\u011f\u0131n\u0131 anlatan Vali Ayhan, A\u00e7\u0131k Kap\u0131\u2019da her m\u00fcracaat\u0131n ve talebin kay\u0131t alt\u0131na al\u0131nd\u0131\u011f\u0131n\u0131,ilgili kurumlara iletilerek 7 i\u015f g\u00fcn\u00fcnde olumlu veya olumsuz d\u00f6n\u00fc\u015f yap\u0131lmas\u0131 gerekti\u011fini, \u0130\u00e7i\u015fleri Bakanl\u0131\u011f\u0131n\u0131n da do\u011frudan bu sistemi takip etti\u011fini s\u00f6yledi. Vatanda\u015f odakl\u0131 kamu hizmeti anlay\u0131\u015fla; haftada iki g\u00fcn olmak \u00fczere halk g\u00fcnleri yap\u0131ld\u0131\u011f\u0131n\u0131, di\u011fer yandan da A\u00e7\u0131k Kap\u0131 hizmetlerinin devam etti\u011fini dile getiren Vali Ayhan, &#8220;Tarihi valilik binam\u0131z ile yeni ek hizmet binam\u0131zda a\u00e7\u0131k kap\u0131 b\u00fcrolar\u0131 var. Burada g\u00f6revli arkada\u015flar\u0131m\u0131z, vatanda\u015flar\u0131m\u0131zla ilgilenerek yard\u0131mc\u0131 olmaya \u00e7al\u0131\u015f\u0131yor. Son bir y\u0131l i\u00e7erisinde 3 binin \u00fczerinde vatanda\u015f\u0131m\u0131z a\u00e7\u0131k kap\u0131y\u0131 ziyaret etti&#8221; dedi.<\/p>\n<p>Vali Ayhan, &#8220;Vatanda\u015f odakl\u0131 kamu hizmeti anlay\u0131\u015f\u0131ndan hareketle A\u00e7\u0131k Kap\u0131, vatanda\u015f\u0131n kamu hizmetinde aksayan ya da ileti\u015fime ihtiya\u00e7 duyulan meseleleri i\u00e7in \u00f6nemli bir merkez olmu\u015f durumda. Kuruma gitmeden vatanda\u015f\u0131m\u0131z\u0131n sorunlar\u0131n\u0131 do\u011frudan A\u00e7\u0131k Kap\u0131\u2019ya iletmi\u015f olmas\u0131 son derece \u00f6nemli&#8221; diye konu\u015ftu.<\/p>\n","protected":false},"excerpt":{"rendered":"<p>S\u0130VAS VAL\u0130L\u0130\u011e\u0130 B\u00dcNYES\u0130NDE H\u0130ZMET VEREN VE VATANDA\u015eLA EN \u00dcST D\u00dcZEYDE \u0130LET\u0130\u015e\u0130M\u0130N KURULMASI, TALEPLER\u0130N\u0130N ETK\u0130N VE HIZLI B\u0130R \u015eEK\u0130LDE ALINARAK TAK\u0130P ED\u0130LMES\u0130N\u0130N HEDEFLEND\u0130\u011e\u0130 &#8216;A\u00c7IK KAPI&#8217; VATANDA\u015eLARI A\u011eIRLAMAYA DEVAM ED\u0130YOR.<\/p>\n","protected":false},"author":1,"featured_media":204203,"comment_status":"closed","ping_status":"open","sticky":false,"template":"","format":"standard","meta":{"jetpack_post_was_ever_published":false,"_jetpack_newsletter_access":"","_jetpack_dont_email_post_to_subs":false,"_jetpack_newsletter_tier_id":0,"_jetpack_memberships_contains_paywalled_content":false,"_jetpack_memberships_contains_paid_content":false,"footnotes":"","jetpack_publicize_message":"","jetpack_publicize_feature_enabled":true,"jetpack_social_post_already_shared":true,"jetpack_social_options":{"image_generator_settings":{"template":"highway","default_image_id":0,"font":"","enabled":false},"version":2}},"categories":[1],"tags":[9804,44639,522,523,3110,922],"class_list":["post-204202","post","type-post","status-publish","format-standard","has-post-thumbnail","hentry","category-genel","tag-acik","tag-agirlamaya","tag-devam","tag-ediyor","tag-kapi","tag-vatandaslari"],"jetpack_publicize_connections":[],"jetpack_featured_media_url":"https:\/\/i0.wp.com\/www.tvturk.com\/wp-content\/uploads\/2019\/09\/acik-kapi-vatandaslari-agirlamaya-devam-ediyor_7c9349c.jpg?fit=1000%2C836","jetpack_sharing_enabled":true,"jetpack_shortlink":"https:\/\/wp.me\/paKIfm-R7A","_links":{"self":[{"href":"http:\/\/www.tvturk.com\/index.php\/wp-json\/wp\/v2\/posts\/204202","targetHints":{"allow":["GET"]}}],"collection":[{"href":"http:\/\/www.tvturk.com\/index.php\/wp-json\/wp\/v2\/posts"}],"about":[{"href":"http:\/\/www.tvturk.com\/index.php\/wp-json\/wp\/v2\/types\/post"}],"author":[{"embeddable":true,"href":"http:\/\/www.tvturk.com\/index.php\/wp-json\/wp\/v2\/users\/1"}],"replies":[{"embeddable":true,"href":"http:\/\/www.tvturk.com\/index.php\/wp-json\/wp\/v2\/comments?post=204202"}],"version-history":[{"count":0,"href":"http:\/\/www.tvturk.com\/index.php\/wp-json\/wp\/v2\/posts\/204202\/revisions"}],"wp:featuredmedia":[{"embeddable":true,"href":"http:\/\/www.tvturk.com\/index.php\/wp-json\/wp\/v2\/media\/204203"}],"wp:attachment":[{"href":"http:\/\/www.tvturk.com\/index.php\/wp-json\/wp\/v2\/media?parent=204202"}],"wp:term":[{"taxonomy":"category","embeddable":true,"href":"http:\/\/www.tvturk.com\/index.php\/wp-json\/wp\/v2\/categories?post=204202"},{"taxonomy":"post_tag","embeddable":true,"href":"http:\/\/www.tvturk.com\/index.php\/wp-json\/wp\/v2\/tags?post=204202"}],"curies":[{"name":"wp","href":"https:\/\/api.w.org\/{rel}","templated":true}]}}