{"id":204236,"date":"2019-09-17T17:46:40","date_gmt":"2019-09-17T14:46:40","guid":{"rendered":"http:\/\/www.tvturk.com\/index.php\/baskan-taban-miniklerle-oyun-oynadi\/"},"modified":"2019-09-17T17:46:40","modified_gmt":"2019-09-17T14:46:40","slug":"baskan-taban-miniklerle-oyun-oynadi","status":"publish","type":"post","link":"http:\/\/www.tvturk.com\/index.php\/baskan-taban-miniklerle-oyun-oynadi\/","title":{"rendered":"Ba\u015fkan Taban miniklerle oyun oynad\u0131"},"content":{"rendered":"<p>Bursa\u2019n\u0131n \u0130neg\u00f6l Belediyesi\u2019ne ait Be\u015finci Mevsim Kre\u015fi\u2019nde 2019-2020 e\u011fitim ve \u00f6\u011fretim y\u0131l\u0131 47 \u00f6\u011frenci ile ba\u015flad\u0131.<\/p>\n<p>Yeni e\u011fitim ve \u00f6\u011fretim d\u00f6nemiyle birlikte Be\u015finci Mevsim\u2019de de e\u011fitim ba\u015flad\u0131. \u0130htiya\u00e7 sahibi aileler, belediye personeli ve \u015fehit-g\u00e2zi yak\u0131nlar\u0131na sembolik \u00fccretlerle hizmet veren kre\u015fte bu d\u00f6nem 47 \u00f6\u011frenci bulunuyor.<\/p>\n<p>Belediye Ba\u015fkan\u0131 Alper Taban, kre\u015fi ziyaret etti. Taban, oyun odas\u0131ndaki \u00f6\u011frenciler ve s\u0131n\u0131fta e\u011fitim g\u00f6rev \u00f6\u011frencilerle bir araya geldi. Miniklerle oyun oynay\u0131p kre\u015fle ilgili d\u00fc\u015f\u00fcncelerini soran Ba\u015fkan Taban, binadaki tiyatro odas\u0131 ve benzeri faaliyet odalar\u0131n\u0131 da gezerek inceledi.<\/p>\n<p>Belediyenin g\u00fcc\u00fcn\u00fcn her alanda hissedildi\u011fini dile getiren Alper Taban, \u201cBu anlay\u0131\u015fla hayata ge\u00e7irdi\u011fimiz Be\u015finci Mevsim Kre\u015fi, bu y\u0131l 3\u2019\u00fcnc\u00fc y\u0131l\u0131na ba\u015flad\u0131. Yeni e\u011fitim \u00f6\u011fretim y\u0131l\u0131n\u0131n hay\u0131rl\u0131 olmas\u0131n\u0131 diliyorum. Bu d\u00f6nem 3 s\u0131n\u0131f\u0131m\u0131zda toplam 47 \u00f6\u011frencimiz var. \u00d6\u011frencilerimize 3 \u00f6\u011fretmen ve 2 g\u00f6revlimizle hizmet veriyoruz. \u00d6\u011frencilerimiz sosyal belediyecilik anlay\u0131\u015f\u0131na uygun olarak se\u00e7iliyor. Burada sadece ihtiya\u00e7 sahibi \u00e2ilelerin \u00e7ocuklar\u0131, belediye personelimizin \u00e7ocuklar\u0131, \u015fehit ve g\u00e2zi yak\u0131nlar\u0131m\u0131za hizmet veriyoruz. Kre\u015f \u00fccreti olarak da sembolik \u00fccretler al\u0131n\u0131yor. Kre\u015fimizde sabah 08.00-12.00 \u00f6\u011fleden sonra ise 13.00-17.00 saatleri aras\u0131nda e\u011fitim veriliyor\u201d dedi.<\/p>\n","protected":false},"excerpt":{"rendered":"<p>\u0130NEG\u00d6L BELED\u0130YES\u0130\u2019NE A\u0130T BE\u015e\u0130NC\u0130 MEVS\u0130M KRE\u015e\u0130\u2019NDE 2019-2020 E\u011e\u0130T\u0130M VE \u00d6\u011eRET\u0130M YILI 47 \u00d6\u011eRENC\u0130 \u0130LE BA\u015eLADI.<\/p>\n","protected":false},"author":1,"featured_media":204237,"comment_status":"closed","ping_status":"open","sticky":false,"template":"","format":"standard","meta":{"jetpack_post_was_ever_published":false,"_jetpack_newsletter_access":"","_jetpack_dont_email_post_to_subs":false,"_jetpack_newsletter_tier_id":0,"_jetpack_memberships_contains_paywalled_content":false,"_jetpack_memberships_contains_paid_content":false,"footnotes":"","jetpack_publicize_message":"","jetpack_publicize_feature_enabled":true,"jetpack_social_post_already_shared":true,"jetpack_social_options":{"image_generator_settings":{"template":"highway","default_image_id":0,"font":"","enabled":false},"version":2}},"categories":[1],"tags":[100,6405,5931,1625,16383],"class_list":["post-204236","post","type-post","status-publish","format-standard","has-post-thumbnail","hentry","category-genel","tag-baskan","tag-miniklerle","tag-oynadi","tag-oyun","tag-taban"],"jetpack_publicize_connections":[],"jetpack_featured_media_url":"https:\/\/i0.wp.com\/www.tvturk.com\/wp-content\/uploads\/2019\/09\/baskan-taban-miniklerle-oyun-oynadi_59b7ef8.jpg?fit=1000%2C666","jetpack_sharing_enabled":true,"jetpack_shortlink":"https:\/\/wp.me\/paKIfm-R88","_links":{"self":[{"href":"http:\/\/www.tvturk.com\/index.php\/wp-json\/wp\/v2\/posts\/204236","targetHints":{"allow":["GET"]}}],"collection":[{"href":"http:\/\/www.tvturk.com\/index.php\/wp-json\/wp\/v2\/posts"}],"about":[{"href":"http:\/\/www.tvturk.com\/index.php\/wp-json\/wp\/v2\/types\/post"}],"author":[{"embeddable":true,"href":"http:\/\/www.tvturk.com\/index.php\/wp-json\/wp\/v2\/users\/1"}],"replies":[{"embeddable":true,"href":"http:\/\/www.tvturk.com\/index.php\/wp-json\/wp\/v2\/comments?post=204236"}],"version-history":[{"count":0,"href":"http:\/\/www.tvturk.com\/index.php\/wp-json\/wp\/v2\/posts\/204236\/revisions"}],"wp:featuredmedia":[{"embeddable":true,"href":"http:\/\/www.tvturk.com\/index.php\/wp-json\/wp\/v2\/media\/204237"}],"wp:attachment":[{"href":"http:\/\/www.tvturk.com\/index.php\/wp-json\/wp\/v2\/media?parent=204236"}],"wp:term":[{"taxonomy":"category","embeddable":true,"href":"http:\/\/www.tvturk.com\/index.php\/wp-json\/wp\/v2\/categories?post=204236"},{"taxonomy":"post_tag","embeddable":true,"href":"http:\/\/www.tvturk.com\/index.php\/wp-json\/wp\/v2\/tags?post=204236"}],"curies":[{"name":"wp","href":"https:\/\/api.w.org\/{rel}","templated":true}]}}