{"id":204242,"date":"2019-09-17T18:02:00","date_gmt":"2019-09-17T15:02:00","guid":{"rendered":"http:\/\/www.tvturk.com\/index.php\/usak-universitesi-spora-tesvik-amaciyla-bin-ogrenciyi-agirladi\/"},"modified":"2019-09-17T18:02:00","modified_gmt":"2019-09-17T15:02:00","slug":"usak-universitesi-spora-tesvik-amaciyla-bin-ogrenciyi-agirladi","status":"publish","type":"post","link":"http:\/\/www.tvturk.com\/index.php\/usak-universitesi-spora-tesvik-amaciyla-bin-ogrenciyi-agirladi\/","title":{"rendered":"U\u015fak \u00dcniversitesi spora te\u015fvik amac\u0131yla bin \u00f6\u011frenciyi a\u011f\u0131rlad\u0131"},"content":{"rendered":"<p>U\u015fak \u00dcniversitesi ve T\u00fcrkiye Milli Olimpiyat Komitesi i\u015fbirli\u011fiyle \u2018Spor K\u00fclt\u00fcr\u00fc ve Olimpik E\u011fitim Projesi\u2019nin a\u00e7\u0131l\u0131\u015f program\u0131 ger\u00e7ekle\u015ftirildi. Sporu tan\u0131tmak ve sevdirmek amac\u0131yla d\u00fczenlenen programa yakla\u015f\u0131k bin \u00f6\u011frenci kat\u0131l\u0131m sa\u011flad\u0131.<\/p>\n<p>U\u015fak \u00dcniversitesi Recep Tayyip Erdo\u011fan Kongre ve K\u00fclt\u00fcr Merkezi\u2019nde \u2018Spor K\u00fclt\u00fcr\u00fc ve Olimpik E\u011fitim Projesi\u2019nin a\u00e7\u0131l\u0131\u015f program\u0131 ger\u00e7ekle\u015ftirildi. Programa U\u015fak Vali Yard\u0131mc\u0131s\u0131 Ay\u015fe \u015eeyda \u00c7a\u011flar, U\u015fak \u00dcniversitesi Rekt\u00f6r\u00fc Prof. Dr. Ekrem Sava\u015f, U\u015fak \u0130l Milli E\u011fitim M\u00fcd\u00fcr\u00fc B\u00fclent \u015eahin, U\u015fak \u0130l Gen\u00e7lik ve Spor \u0130l M\u00fcd\u00fcr\u00fc Tahir Emre Can ve yakla\u015f\u0131k bin \u00f6\u011frenci kat\u0131l\u0131m sa\u011flad\u0131. Gen\u00e7lere ve \u00e7ocuklara spor ile olimpiyat k\u00fclt\u00fcr\u00fcn\u00fc tan\u0131tmak ve sevdirmek amac\u0131yla ger\u00e7ekle\u015ftirilen e\u011fitim program\u0131na kat\u0131lan \u00f6\u011frencilerin anlat\u0131lanlar\u0131 ilgiyle dinledi\u011fi g\u00f6zlendi.<\/p>\n<p>\u201cYakla\u015f\u0131k bin \u00f6\u011frencimize faydal\u0131 bir e\u011fitim verdik\u201d<\/p>\n<p>Yap\u0131lan t\u00fcm faydal\u0131 etkinlik ve e\u011fitimlere \u00fcniversite b\u00fcnyesinde ev sahipli\u011fi yapacaklar\u0131n\u0131n alt\u0131n\u0131 \u00e7izen Rekt\u00f6r Ekrem Sava\u015f, \u201cBug\u00fcn de T\u00fcrkiye Milli Olimpiyat Komitesi taraf\u0131ndan d\u00fczenlenen b\u00f6yle g\u00fczel ve faydal\u0131 bir etkinli\u011fe ev sahipli\u011fi yapm\u0131\u015f olduk. Yakla\u015f\u0131k bin \u00f6\u011frencimiz vard\u0131. Amac\u0131m\u0131z onlara olimpiyatlar\u0131, sporu, \u00e7evreyi sevdirmek. Eme\u011fi ge\u00e7en t\u00fcm arkada\u015flara te\u015fekk\u00fcrlerimi sunuyorum. U\u015fak \u00dcniversitesi olarak bundan sonraki t\u00fcm etkinliklerde destek\u00e7isi olaca\u011f\u0131m\u0131z\u0131 belirtmek isterim\u201d \u015feklinde konu\u015ftu.<\/p>\n<p>\u201cGen\u00e7lerimizin ve \u00e7ocuklar\u0131m\u0131z\u0131n spora y\u00f6nelmesini istiyoruz\u201d<\/p>\n<p>Ger\u00e7ekle\u015ftirilen e\u011fitim program\u0131n\u0131n ev sahiplerinden Gen\u00e7lik ve Spor \u0130l M\u00fcd\u00fcr\u00fc Tahir Emre Can, \u201cBug\u00fcn U\u015fak\u2019ta T\u00fcrkiye olimpiyat merkezi vas\u0131tas\u0131yla U\u015fak \u00dcniversitesi, U\u015fak Valili\u011fi, \u0130l Milli E\u011fitim M\u00fcd\u00fcrl\u00fc\u011f\u00fc ile beraber gelece\u011fimiz olan gen\u00e7lerimizin ve \u00e7ocuklar\u0131m\u0131z\u0131n spora y\u00f6nelmesi, olimpiyat sporlar\u0131na olan katk\u0131lar\u0131 ve fark\u0131ndal\u0131k olu\u015fmas\u0131 i\u00e7in bir proje sunumu ger\u00e7ekle\u015ftirildi. Burada yakla\u015f\u0131k bin tane gencimiz olimpiyat sporlar\u0131n\u0131n nas\u0131l oldu\u011funu, madalyalar\u0131n nas\u0131l al\u0131nabilece\u011fini, bu s\u00fcrecin nas\u0131l oldu\u011funu ve olimpiyatlar\u0131n ge\u00e7mi\u015fiyle alakal\u0131 bilgi sahibi oldular. Umar\u0131m bir nebze katk\u0131s\u0131 olabilmi\u015ftir. Tabi ki bunu bir vesile olarak kabul ediyoruz. Bundan sonra gen\u00e7lerimizi spor salonlar\u0131m\u0131za bekliyoruz. T\u00fcm gen\u00e7lerimizin bir spor dal\u0131yla ilgilenmesini \u00e7ok istiyoruz\u201d ifadelerini kulland\u0131.<\/p>\n","protected":false},"excerpt":{"rendered":"<p>U\u015eAK \u00dcN\u0130VERS\u0130TES\u0130 VE T\u00dcRK\u0130YE M\u0130LL\u0130 OL\u0130MP\u0130YAT KOM\u0130TES\u0130 \u0130\u015eB\u0130RL\u0130\u011e\u0130YLE \u2018SPOR K\u00dcLT\u00dcR\u00dc VE OL\u0130MP\u0130K E\u011e\u0130T\u0130M PROJES\u0130\u2019 ADLI A\u00c7ILI\u015e PROGRAMI GER\u00c7EKLE\u015eT\u0130R\u0130LD\u0130. SPORU TANITMAK VE SEVD\u0130RMEK AMACIYLA D\u00dcZENLENEN PROGRAMA YAKLA\u015eIK B\u0130N \u00d6\u011eRENC\u0130 KATILIM SA\u011eLADI.<\/p>\n","protected":false},"author":1,"featured_media":204243,"comment_status":"closed","ping_status":"open","sticky":false,"template":"","format":"standard","meta":{"jetpack_post_was_ever_published":false,"_jetpack_newsletter_access":"","_jetpack_dont_email_post_to_subs":false,"_jetpack_newsletter_tier_id":0,"_jetpack_memberships_contains_paywalled_content":false,"_jetpack_memberships_contains_paid_content":false,"footnotes":"","jetpack_publicize_message":"","jetpack_publicize_feature_enabled":true,"jetpack_social_post_already_shared":true,"jetpack_social_options":{"image_generator_settings":{"template":"highway","default_image_id":0,"font":"","enabled":false},"version":2}},"categories":[1],"tags":[277,26408,213,4340,250,5385,382,911],"class_list":["post-204242","post","type-post","status-publish","format-standard","has-post-thumbnail","hentry","category-genel","tag-agirladi","tag-amaciyla","tag-bin","tag-ogrenciyi","tag-spora","tag-tesvik","tag-universitesi","tag-usak"],"jetpack_publicize_connections":[],"jetpack_featured_media_url":"https:\/\/i0.wp.com\/www.tvturk.com\/wp-content\/uploads\/2019\/09\/usak-universitesi-spora-tesvik-amaciyla-bin-ogrenciyi-agirladi_97005c6.jpg?fit=1000%2C666","jetpack_sharing_enabled":true,"jetpack_shortlink":"https:\/\/wp.me\/paKIfm-R8e","_links":{"self":[{"href":"http:\/\/www.tvturk.com\/index.php\/wp-json\/wp\/v2\/posts\/204242","targetHints":{"allow":["GET"]}}],"collection":[{"href":"http:\/\/www.tvturk.com\/index.php\/wp-json\/wp\/v2\/posts"}],"about":[{"href":"http:\/\/www.tvturk.com\/index.php\/wp-json\/wp\/v2\/types\/post"}],"author":[{"embeddable":true,"href":"http:\/\/www.tvturk.com\/index.php\/wp-json\/wp\/v2\/users\/1"}],"replies":[{"embeddable":true,"href":"http:\/\/www.tvturk.com\/index.php\/wp-json\/wp\/v2\/comments?post=204242"}],"version-history":[{"count":0,"href":"http:\/\/www.tvturk.com\/index.php\/wp-json\/wp\/v2\/posts\/204242\/revisions"}],"wp:featuredmedia":[{"embeddable":true,"href":"http:\/\/www.tvturk.com\/index.php\/wp-json\/wp\/v2\/media\/204243"}],"wp:attachment":[{"href":"http:\/\/www.tvturk.com\/index.php\/wp-json\/wp\/v2\/media?parent=204242"}],"wp:term":[{"taxonomy":"category","embeddable":true,"href":"http:\/\/www.tvturk.com\/index.php\/wp-json\/wp\/v2\/categories?post=204242"},{"taxonomy":"post_tag","embeddable":true,"href":"http:\/\/www.tvturk.com\/index.php\/wp-json\/wp\/v2\/tags?post=204242"}],"curies":[{"name":"wp","href":"https:\/\/api.w.org\/{rel}","templated":true}]}}