{"id":204304,"date":"2019-09-17T23:47:20","date_gmt":"2019-09-17T20:47:20","guid":{"rendered":"http:\/\/www.tvturk.com\/index.php\/baris-telli-avrupa-spor-haftasina-katildi\/"},"modified":"2019-09-17T23:47:20","modified_gmt":"2019-09-17T20:47:20","slug":"baris-telli-avrupa-spor-haftasina-katildi","status":"publish","type":"post","link":"http:\/\/www.tvturk.com\/index.php\/baris-telli-avrupa-spor-haftasina-katildi\/","title":{"rendered":"Bar\u0131\u015f Telli, Avrupa Spor Haftas\u0131\u2019na kat\u0131ld\u0131"},"content":{"rendered":"<p>Ampute Futbol Milli Tak\u0131m Kaptan\u0131 Bar\u0131\u015f Telli, Avrupa Spor Haftas\u0131 etkinli\u011fine kat\u0131ld\u0131.<\/p>\n<p>18-19 Haziran 2019 tarihlerinde Bel\u00e7ika\u2019n\u0131n ba\u015fkenti Br\u00fcksel\u2019de Avrupa Parlamento Binas\u0131nda ger\u00e7ekle\u015fen Avrupa Spor Haftas\u0131 El\u00e7iler Toplant\u0131s\u0131na, Ampute Futbol Milli Tak\u0131m Kaptan\u0131 Bar\u0131\u015f Telli, T\u00fcrkiye Herkes i\u00e7in Spor Federasyonu E\u011fitim Kurulu \u00fcyeleri Ozan Karaku\u015f, Yusuf Ziya \u00dcz\u00fcm ve Milli Sporcumuz Batuhan Bu\u011fra Eruygun kat\u0131ld\u0131.<\/p>\n<p>40 farkl\u0131 \u00fclkeden sporcular\u0131n yer ald\u0131\u011f\u0131 toplant\u0131da Avrupa genelinde daha sa\u011fl\u0131kl\u0131 ve spor dolu bir haftan\u0131n ger\u00e7ekle\u015fmesi temalar\u0131 ele al\u0131nd\u0131. Hayat hikayesi belgeselle\u015ftirilerek kat\u0131l\u0131mc\u0131lara izletilen Ampute Futbol Milli Tak\u0131m Kaptan\u0131 Bar\u0131\u015f Telli \u00f6rnek ve zorlu hayat hikayesi ile ziyaret\u00e7ilerden uzun s\u00fcre alk\u0131\u015f ald\u0131. Ayr\u0131ca Bar\u0131\u015f Telli gelen istek \u00fczerine sahnede top sektirerek k\u00fc\u00e7\u00fck bir g\u00f6steri yapt\u0131.<\/p>\n","protected":false},"excerpt":{"rendered":"<p>AMPUTE FUTBOL M\u0130LL\u0130 TAKIM KAPTANI BARI\u015e TELL\u0130, AVRUPA SPOR HAFTASI ETK\u0130NL\u0130\u011e\u0130NE KATILDI.<\/p>\n","protected":false},"author":1,"featured_media":204305,"comment_status":"closed","ping_status":"open","sticky":false,"template":"","format":"standard","meta":{"jetpack_post_was_ever_published":false,"_jetpack_newsletter_access":"","_jetpack_dont_email_post_to_subs":false,"_jetpack_newsletter_tier_id":0,"_jetpack_memberships_contains_paywalled_content":false,"_jetpack_memberships_contains_paid_content":false,"footnotes":"","jetpack_publicize_message":"","jetpack_publicize_feature_enabled":true,"jetpack_social_post_already_shared":true,"jetpack_social_options":{"image_generator_settings":{"template":"highway","default_image_id":0,"font":"","enabled":false},"version":2}},"categories":[657],"tags":[392,4256,21324,1757,1619,36188],"class_list":["post-204304","post","type-post","status-publish","format-standard","has-post-thumbnail","hentry","category-spor","tag-avrupa","tag-baris","tag-haftasina","tag-katildi","tag-spor","tag-telli"],"jetpack_publicize_connections":[],"jetpack_featured_media_url":"https:\/\/i0.wp.com\/www.tvturk.com\/wp-content\/uploads\/2019\/09\/baris-telli-avrupa-spor-haftasina-katildi_c8838f4.jpg?fit=750%2C1000","jetpack_sharing_enabled":true,"jetpack_shortlink":"https:\/\/wp.me\/paKIfm-R9e","_links":{"self":[{"href":"http:\/\/www.tvturk.com\/index.php\/wp-json\/wp\/v2\/posts\/204304","targetHints":{"allow":["GET"]}}],"collection":[{"href":"http:\/\/www.tvturk.com\/index.php\/wp-json\/wp\/v2\/posts"}],"about":[{"href":"http:\/\/www.tvturk.com\/index.php\/wp-json\/wp\/v2\/types\/post"}],"author":[{"embeddable":true,"href":"http:\/\/www.tvturk.com\/index.php\/wp-json\/wp\/v2\/users\/1"}],"replies":[{"embeddable":true,"href":"http:\/\/www.tvturk.com\/index.php\/wp-json\/wp\/v2\/comments?post=204304"}],"version-history":[{"count":0,"href":"http:\/\/www.tvturk.com\/index.php\/wp-json\/wp\/v2\/posts\/204304\/revisions"}],"wp:featuredmedia":[{"embeddable":true,"href":"http:\/\/www.tvturk.com\/index.php\/wp-json\/wp\/v2\/media\/204305"}],"wp:attachment":[{"href":"http:\/\/www.tvturk.com\/index.php\/wp-json\/wp\/v2\/media?parent=204304"}],"wp:term":[{"taxonomy":"category","embeddable":true,"href":"http:\/\/www.tvturk.com\/index.php\/wp-json\/wp\/v2\/categories?post=204304"},{"taxonomy":"post_tag","embeddable":true,"href":"http:\/\/www.tvturk.com\/index.php\/wp-json\/wp\/v2\/tags?post=204304"}],"curies":[{"name":"wp","href":"https:\/\/api.w.org\/{rel}","templated":true}]}}