{"id":204478,"date":"2019-09-18T12:04:54","date_gmt":"2019-09-18T09:04:54","guid":{"rendered":"http:\/\/www.tvturk.com\/index.php\/avrupa-sampiyonunun-simdiki-hedefi-dunya-sampiyonu-olmak\/"},"modified":"2019-09-18T12:04:54","modified_gmt":"2019-09-18T09:04:54","slug":"avrupa-sampiyonunun-simdiki-hedefi-dunya-sampiyonu-olmak","status":"publish","type":"post","link":"http:\/\/www.tvturk.com\/index.php\/avrupa-sampiyonunun-simdiki-hedefi-dunya-sampiyonu-olmak\/","title":{"rendered":"Avrupa \u015fampiyonunun \u015fimdiki hedefi d\u00fcnya \u015fampiyonu olmak"},"content":{"rendered":"<p>2019 Gen\u00e7lik Olimpiyatlar\u0131\u2019nda Judo bran\u015f\u0131nda Avrupa \u015fampiyonu olan, Romanya Avrupa Kupas\u0131\u2019nda ikincilik, Antalya Avrupa Kupas\u0131\u2019nda ise \u00fc\u00e7\u00fcnc\u00fcl\u00fck elde eden milli judocu \u00d6zlem Y\u0131ld\u0131z, \u015fimdiki hedefinin ise Kazakistan\u2019daki d\u00fcnya \u015fampiyonas\u0131nda \u015fampiyon olmak oldu\u011funu s\u00f6yleyerek, \u201cBu s\u00fcre\u00e7te hep yan\u0131mda olan ba\u015fta Enver Y\u00fccel olmak \u00fczere Bah\u00e7e\u015fehir Koleji ailesine te\u015fekk\u00fcr ederim\u201d dedi.<\/p>\n<p>Bah\u00e7e\u015fehir Koleji I\u011fd\u0131r Kamp\u00fcs\u00fc \u00f6\u011frencisi olan \u00d6zlem Y\u0131ld\u0131z, Kazakistan\u2019da ger\u00e7ekle\u015fecek D\u00fcnya \u015eampiyonas\u0131 \u00f6ncesi Bah\u00e7e\u015fehir U\u011fur E\u011fitim Kurumlar\u0131 Ba\u015fkan\u0131 Enver Y\u00fccel\u2019i ziyaret ederek \u015fampiyonluk s\u00f6z\u00fc verdi. \u00d6zlem\u2019in her zaman destek\u00e7isi olduklar\u0131n\u0131 ifade eden Bah\u00e7e\u015fehir U\u011fur E\u011fitim Kurumlar\u0131 Ba\u015fkan\u0131 Enver Y\u00fccel, \u201c\u00d6ncelikle \u00d6zlem\u2019i tebrik ediyorum. \u015eampiyonluklar kolay kazan\u0131lm\u0131yor. \u00d6zlem b\u00fcy\u00fck bir \u00f6zveriyle \u00e7al\u0131\u015f\u0131yor. Biz de bir e\u011fitimci olarak sporla e\u011fitimin birlikte olabilece\u011fini, ikisinden birini ihmal etmemek gerekti\u011fini d\u00fc\u015f\u00fcn\u00fcyoruz. \u00d6zlem; kamplara, antrenmanlara gitti\u011finde derslerinden geri kalmamas\u0131 i\u00e7in hocalar\u0131m\u0131z kendisine bireysel olarak destek oluyorlar. \u00d6zlem Avrupa \u015eampiyonu olarak T\u00fcrkiye\u2019nin y\u00fcz\u00fcn\u00fc g\u00fcld\u00fcrd\u00fc. \u015eimdiki hedefi d\u00fcnya \u015fampiyonu olmak ve biz bu s\u00fcre\u00e7te onu yaln\u0131z b\u0131rakmayaca\u011f\u0131z. Elimizden gelen t\u00fcm gayreti g\u00f6sterece\u011fiz.  \u00d6zlem\u2019in t\u00fcm e\u011fitim s\u00fcrecinde hep yan\u0131nda olaca\u011f\u0131z\u201d \u015feklinde konu\u015ftu.<\/p>\n<p>Y\u00fccel, konu\u015fmas\u0131n\u0131n ard\u0131ndan gen\u00e7 sporcuya T\u00fcrk milleti ad\u0131na T\u00fcrk Bayra\u011f\u0131n\u0131 teslim ederek, Y\u0131ld\u0131z\u2019dan Kazakistan\u2019da dalgalanmas\u0131 s\u00f6z\u00fcn\u00fc ald\u0131.<\/p>\n<p>\u00d6zlem Y\u0131ld\u0131z: \u201cKamplarda ders \u00e7al\u0131\u015f\u0131yorum\u201d<\/p>\n<p>Spor ve okulu bir arada y\u00fcr\u00fcten gen\u00e7 sporculara tavsiyelerde bulunan Y\u0131ld\u0131z, \u201c\u0130llaki zorlanacaklard\u0131r ancak asla pes etmesinler. Her zorlukta hedeflerine odaklans\u0131nlar ve daha \u00e7ok \u00e7al\u0131\u015farak hedeflerine y\u00f6nelsinler. Belli bir plan \u00e7izsinler b\u00f6ylece ya\u015famlar\u0131n\u0131 bir d\u00fczene alm\u0131\u015f olurlar. Ben de okul ile sporu bir arada y\u00fcr\u00fct\u00fcyorum. Hatta zaman\u0131m\u0131n \u00e7o\u011fu kamplarda ge\u00e7iyor. Hocalar\u0131m\u0131n da deste\u011fi ile hi\u00e7bir dersimden geri kalm\u0131yorum. Kamplarda okul derslerime \u00e7al\u0131\u015f\u0131yorum. Yapt\u0131\u011f\u0131m spor ile okul hayat\u0131m birbirini olumsuz etkilemiyor\u201d diye konu\u015ftu.<\/p>\n","protected":false},"excerpt":{"rendered":"<p>\u00d6ZLEM DA\u011e-\u00d6ZLEM YILDIZ- ENVER Y\u00dcCEL<\/p>\n","protected":false},"author":1,"featured_media":204479,"comment_status":"closed","ping_status":"open","sticky":false,"template":"","format":"standard","meta":{"jetpack_post_was_ever_published":false,"_jetpack_newsletter_access":"","_jetpack_dont_email_post_to_subs":false,"_jetpack_newsletter_tier_id":0,"_jetpack_memberships_contains_paywalled_content":false,"_jetpack_memberships_contains_paid_content":false,"footnotes":"","jetpack_publicize_message":"","jetpack_publicize_feature_enabled":true,"jetpack_social_post_already_shared":true,"jetpack_social_options":{"image_generator_settings":{"template":"highway","default_image_id":0,"font":"","enabled":false},"version":2}},"categories":[657],"tags":[349,392,2687,1364,2415,46778,51614],"class_list":["post-204478","post","type-post","status-publish","format-standard","has-post-thumbnail","hentry","category-spor","tag-dunya","tag-avrupa","tag-hedefi","tag-olmak","tag-sampiyonu","tag-sampiyonunun","tag-simdiki"],"jetpack_publicize_connections":[],"jetpack_featured_media_url":"https:\/\/i0.wp.com\/www.tvturk.com\/wp-content\/uploads\/2019\/09\/avrupa-sampiyonunun-simdiki-hedefi-dunya-sampiyonu-olmak_472a848.jpg?fit=1000%2C666","jetpack_sharing_enabled":true,"jetpack_shortlink":"https:\/\/wp.me\/paKIfm-Rc2","_links":{"self":[{"href":"http:\/\/www.tvturk.com\/index.php\/wp-json\/wp\/v2\/posts\/204478","targetHints":{"allow":["GET"]}}],"collection":[{"href":"http:\/\/www.tvturk.com\/index.php\/wp-json\/wp\/v2\/posts"}],"about":[{"href":"http:\/\/www.tvturk.com\/index.php\/wp-json\/wp\/v2\/types\/post"}],"author":[{"embeddable":true,"href":"http:\/\/www.tvturk.com\/index.php\/wp-json\/wp\/v2\/users\/1"}],"replies":[{"embeddable":true,"href":"http:\/\/www.tvturk.com\/index.php\/wp-json\/wp\/v2\/comments?post=204478"}],"version-history":[{"count":0,"href":"http:\/\/www.tvturk.com\/index.php\/wp-json\/wp\/v2\/posts\/204478\/revisions"}],"wp:featuredmedia":[{"embeddable":true,"href":"http:\/\/www.tvturk.com\/index.php\/wp-json\/wp\/v2\/media\/204479"}],"wp:attachment":[{"href":"http:\/\/www.tvturk.com\/index.php\/wp-json\/wp\/v2\/media?parent=204478"}],"wp:term":[{"taxonomy":"category","embeddable":true,"href":"http:\/\/www.tvturk.com\/index.php\/wp-json\/wp\/v2\/categories?post=204478"},{"taxonomy":"post_tag","embeddable":true,"href":"http:\/\/www.tvturk.com\/index.php\/wp-json\/wp\/v2\/tags?post=204478"}],"curies":[{"name":"wp","href":"https:\/\/api.w.org\/{rel}","templated":true}]}}