{"id":204526,"date":"2019-09-18T13:18:07","date_gmt":"2019-09-18T10:18:07","guid":{"rendered":"http:\/\/www.tvturk.com\/index.php\/dunya-ikincisi-sumeyye-boyacidan-mutluluk-gozyaslari\/"},"modified":"2019-09-18T13:18:07","modified_gmt":"2019-09-18T10:18:07","slug":"dunya-ikincisi-sumeyye-boyacidan-mutluluk-gozyaslari","status":"publish","type":"post","link":"http:\/\/www.tvturk.com\/index.php\/dunya-ikincisi-sumeyye-boyacidan-mutluluk-gozyaslari\/","title":{"rendered":"D\u00fcnya ikincisi S\u00fcmeyye Boyac\u0131\u2019dan mutluluk g\u00f6zya\u015flar\u0131"},"content":{"rendered":"<p>D\u00fcnya Paralimpik Y\u00fczme \u015eampiyonas\u0131\u2019nda kad\u0131nlar 50 metre s\u0131rt \u00fcst\u00fcnde yar\u0131\u015farak d\u00fcnya ikincisi olan S\u00fcmeyye Boyac\u0131, Eski\u015fehir\u2019de d\u00fczenlenen kar\u015f\u0131lama t\u00f6reninde mutluluk g\u00f6zya\u015flar\u0131 d\u00f6kt\u00fc.<\/p>\n<p>\u0130ngiltere\u2019nin Londra \u015fehrinde d\u00fczenlenen D\u00fcnya Paralimpik Y\u00fczme \u015eampiyonas\u0131 50 metre s\u0131rt \u00fcst\u00fcnde 44.74\u2019l\u00fck derecesiyle d\u00fcnya ikincisi olan S\u00fcmeyye Boyac\u0131, Eski\u015fehir\u2019e geldi. Eski\u015fehir Valili\u011fi\u2019ni ziyaret eden S\u00fcmeyye Boyac\u0131 ve antren\u00f6r Mehmet Bayrak, Vali \u00d6zdemir \u00c7akacak ile bir s\u00fcre sohbet etti. S\u00fcmeyye Boyac\u0131\u2019n\u0131n sadece Eski\u015fehir\u2019i de\u011fil t\u00fcm T\u00fcrkiye\u2019yi gururland\u0131rd\u0131\u011f\u0131n\u0131 s\u00f6yleyen Vali \u00c7akacak, \u201cS\u00fcmeyye k\u0131z\u0131m\u0131z, Londra\u2019da yap\u0131lan 2019 D\u00fcnya Paralimpik Y\u00fczme \u015eampiyonas\u0131\u2019nda kad\u0131nlar 50 metre s\u0131rt\u00fcst\u00fc finalinde d\u00fcnya ikincili\u011fini elde ederek, t\u00fcm T\u00fcrkiye\u2019ye b\u00fcy\u00fck bir gurur ya\u015fatm\u0131\u015ft\u0131r. Ama bizim birincimiz S\u00fcmeyye\u2019dir. Ben, S\u00fcmeyye k\u0131z\u0131m\u0131z\u0131 can\u0131 g\u00f6n\u00fclde kutluyor, ba\u015far\u0131lar\u0131n\u0131n devam\u0131n\u0131 diliyorum. Ve senin azmin ve zaferinin herkese \u00f6rnek olmas\u0131n\u0131 temenni ediyorum. Azmin elinden hi\u00e7bir \u015feyin kurtulamayaca\u011f\u0131n\u0131 S\u00fcmeyye k\u0131z\u0131m\u0131z hepimize g\u00f6sterdi\u201d dedi.<\/p>\n<p>S\u00fcmeyye: &#8220;Yar\u0131\u015fma esnas\u0131nda ba\u015fta kendimin birinci oldu\u011funu zannettim&#8221;<\/p>\n<p>Duygular\u0131n\u0131 dile getiren ve \u00e7ok heyecanl\u0131 bir yar\u0131\u015fma oldu\u011funu ifade eden milli y\u00fcz\u00fcc\u00fc S\u00fcmeyye Boyac\u0131 ise, &#8220;Yar\u0131\u015fma esnas\u0131nda ba\u015fta kendimin birinci oldu\u011funu zannettim, fakat rakibimin birinci oldu\u011funu g\u00f6r\u00fcnce \u00e7ok \u015fa\u015f\u0131rd\u0131m, ayn\u0131 zamanda \u00fcz\u00fcld\u00fcm. Ama rakibim Teresa benden 20 ya\u015f b\u00fcy\u00fck, 27 kere paralimpik \u015fampiyonu olmu\u015f, ona sadece 3 salise ile yenilmi\u015f olmak tabi beni mutlu etti. \u00c7\u00fcnk\u00fc ya\u015f\u0131m \u00e7ok gen\u00e7 oldu\u011fu i\u00e7in \u00f6n\u00fcmde uzun y\u0131llar var. Daha ba\u015fka \u015fampiyonluklar\u0131 alma gibi \u015fans\u0131m var. \u0130n\u015fallah daha \u00e7ok \u00e7al\u0131\u015f\u0131p, eksikliklerimizi tamamlay\u0131p 2020 Tokyo Olimpiyatlar\u0131nda birincilik almak istiyorum. Beni destekleyen herkese te\u015fekk\u00fcr ediyor, dualar\u0131n\u0131z\u0131 bekliyorum&#8221; diye konu\u015ftu.<\/p>\n<p>Daha sonra milli y\u00fcz\u00fcc\u00fc S\u00fcmeyye Boyac\u0131\u2019n\u0131n foto\u011fraf \u00e7ekmeyi ve \u00e7ektirmeyi \u00e7ok sevdi\u011fini bilen Vali \u00c7akacak, ziyaret esnas\u0131nda milli y\u00fcz\u00fcc\u00fcye foto\u011fraf makinesi tak\u0131m\u0131 ve Cumhuriyet alt\u0131n\u0131 hediye etti. Vali \u00c7akacak, S\u00fcmeyye Boyac\u0131\u2019n\u0131n antren\u00f6r\u00fc Mehmet Bayrak\u2019a da ba\u015far\u0131l\u0131 \u00e7al\u0131\u015fmalar\u0131ndan dolay\u0131 g\u00fcn\u00fcn an\u0131s\u0131na hediye verdi.<\/p>\n<p>B\u00fcy\u00fck\u015fehir Belediyesi \u00f6n\u00fcnde S\u00fcmeyye Boyac\u0131\u2019ya co\u015fkulu kutlama<\/p>\n<p>Valilik ziyaretinin ard\u0131ndan Eski\u015fehir B\u00fcy\u00fck\u015fehir Belediye binas\u0131n\u0131n \u00f6n\u00fcne y\u00fcr\u00fcyen S\u00fcmeyye Boyac\u0131\u2019y\u0131 vatanda\u015flar co\u015fkulu bir \u015fekilde kar\u015f\u0131lad\u0131. \u2019Bu \u015fehir seninle gurur duyuyor\u2019 tezah\u00fcratlar\u0131 ile vatanda\u015flar\u0131n yo\u011fun ilgi g\u00f6sterdi\u011fi Boyac\u0131, mutluluk g\u00f6zya\u015flar\u0131na hakim olamad\u0131. Burada duygular\u0131n\u0131 aktaran d\u00fcnya ikincisi S\u00fcmeyye Boyac\u0131, &#8220;\u015eu anda o kadar duyguland\u0131m, o kadar mutlu oldum ki&#8230; Size \u00e7ok te\u015fekk\u00fcr ederim. \u0130yi ki Eski\u015fehirliyim, Eski\u015fehirli olmaktan gurur duyuyorum&#8221; ifadelerini kulland\u0131.<\/p>\n<p>2019 D\u00fcnya Paralimpik Y\u00fczme \u015eampiyonas\u0131\u2019nda kad\u0131nlar 50 metre s\u0131rt\u00fcst\u00fc finalinde; \u0130spanya\u2019y\u0131 temsil eden Teresa Perales 44.71 zamanla birinci olurken, T\u00fcrkiye ad\u0131na yar\u0131\u015fan S\u00fcmeyye Boyac\u0131 44.74 ile ikinci olmu\u015f, \u00fc\u00e7\u00fcnc\u00fcl\u00fc\u011f\u00fc ise 45.30 zamanla \u0130talya\u2019y\u0131 temsil eden Monica Bogg\u0131on\u0131 alm\u0131\u015ft\u0131. Milli y\u00fcz\u00fcc\u00fc S\u00fcmeyye Boyac\u0131, 3 salise gibi \u00e7ok az bir farkla d\u00fcnya \u015fampiyonlu\u011funu ka\u00e7\u0131rm\u0131\u015ft\u0131.<\/p>\n","protected":false},"excerpt":{"rendered":"<p>D\u00dcNYA PARAL\u0130MP\u0130K Y\u00dcZME \u015eAMP\u0130YONASI\u2019NDA KADINLAR 50 METRE SIRT \u00dcST\u00dcNDE YARI\u015eARAK D\u00dcNYA \u0130K\u0130NC\u0130S\u0130 OLAN S\u00dcMEYYE BOYACI, ESK\u0130\u015eEH\u0130R\u2019DE D\u00dcZENLENEN KAR\u015eILAMA T\u00d6REN\u0130NDE MUTLULUK G\u00d6ZYA\u015eLARI D\u00d6KT\u00dc.<\/p>\n","protected":false},"author":1,"featured_media":204527,"comment_status":"closed","ping_status":"open","sticky":false,"template":"","format":"standard","meta":{"jetpack_post_was_ever_published":false,"_jetpack_newsletter_access":"","_jetpack_dont_email_post_to_subs":false,"_jetpack_newsletter_tier_id":0,"_jetpack_memberships_contains_paywalled_content":false,"_jetpack_memberships_contains_paid_content":false,"footnotes":"","jetpack_publicize_message":"","jetpack_publicize_feature_enabled":true,"jetpack_social_post_already_shared":true,"jetpack_social_options":{"image_generator_settings":{"template":"highway","default_image_id":0,"font":"","enabled":false},"version":2}},"categories":[657],"tags":[349,51626,5268,454,6077,28915],"class_list":["post-204526","post","type-post","status-publish","format-standard","has-post-thumbnail","hentry","category-spor","tag-dunya","tag-boyacidan","tag-gozyaslari","tag-ikincisi","tag-mutluluk","tag-sumeyye"],"jetpack_publicize_connections":[],"jetpack_featured_media_url":"https:\/\/i0.wp.com\/www.tvturk.com\/wp-content\/uploads\/2019\/09\/dunya-ikincisi-sumeyye-boyacidan-mutluluk-gozyaslari_8fe6ef3.jpg?fit=1000%2C666","jetpack_sharing_enabled":true,"jetpack_shortlink":"https:\/\/wp.me\/paKIfm-RcO","_links":{"self":[{"href":"http:\/\/www.tvturk.com\/index.php\/wp-json\/wp\/v2\/posts\/204526","targetHints":{"allow":["GET"]}}],"collection":[{"href":"http:\/\/www.tvturk.com\/index.php\/wp-json\/wp\/v2\/posts"}],"about":[{"href":"http:\/\/www.tvturk.com\/index.php\/wp-json\/wp\/v2\/types\/post"}],"author":[{"embeddable":true,"href":"http:\/\/www.tvturk.com\/index.php\/wp-json\/wp\/v2\/users\/1"}],"replies":[{"embeddable":true,"href":"http:\/\/www.tvturk.com\/index.php\/wp-json\/wp\/v2\/comments?post=204526"}],"version-history":[{"count":0,"href":"http:\/\/www.tvturk.com\/index.php\/wp-json\/wp\/v2\/posts\/204526\/revisions"}],"wp:featuredmedia":[{"embeddable":true,"href":"http:\/\/www.tvturk.com\/index.php\/wp-json\/wp\/v2\/media\/204527"}],"wp:attachment":[{"href":"http:\/\/www.tvturk.com\/index.php\/wp-json\/wp\/v2\/media?parent=204526"}],"wp:term":[{"taxonomy":"category","embeddable":true,"href":"http:\/\/www.tvturk.com\/index.php\/wp-json\/wp\/v2\/categories?post=204526"},{"taxonomy":"post_tag","embeddable":true,"href":"http:\/\/www.tvturk.com\/index.php\/wp-json\/wp\/v2\/tags?post=204526"}],"curies":[{"name":"wp","href":"https:\/\/api.w.org\/{rel}","templated":true}]}}