{"id":204534,"date":"2019-09-18T13:31:53","date_gmt":"2019-09-18T10:31:53","guid":{"rendered":"http:\/\/www.tvturk.com\/index.php\/ayvacikta-ilkogretim-haftasi-kutlandi\/"},"modified":"2019-09-18T13:31:53","modified_gmt":"2019-09-18T10:31:53","slug":"ayvacikta-ilkogretim-haftasi-kutlandi","status":"publish","type":"post","link":"http:\/\/www.tvturk.com\/index.php\/ayvacikta-ilkogretim-haftasi-kutlandi\/","title":{"rendered":"Ayvac\u0131k\u2019ta \u0130lk\u00f6\u011fretim Haftas\u0131 kutland\u0131"},"content":{"rendered":"<p>\u00c7anakkale\u2019nin Ayvac\u0131k il\u00e7esinde 2019-2020 e\u011fitim-\u00f6\u011fretim y\u0131l\u0131 \u201c\u0130lk\u00f6\u011fretim Haftas\u0131\u201d d\u00fczenlenen t\u00f6renle kutland\u0131.<\/p>\n<p>Ayvac\u0131k Atat\u00fcrk K\u00fclt\u00fcr Park\u0131\u2019ndaki Atat\u00fcrk An\u0131t\u0131\u2019na \u00e7elenk sunulmas\u0131yla ba\u015flayan program, \u00c7ankaya \u0130lkokulu\u2019nda d\u00fczenlenen t\u00f6renle devam etti. Ayvac\u0131k Milli E\u011fitim M\u00fcd\u00fcr\u00fc Harun \u00c7etin burada yapt\u0131\u011f\u0131 konu\u015fmada, 2019-2020 e\u011fitim-\u00f6\u011fretim y\u0131l\u0131n\u0131n hay\u0131rl\u0131 olmas\u0131n\u0131 dileyerek, bu y\u0131l kas\u0131m ve nisan aylar\u0131nda birer haftal\u0131k ara tatil olaca\u011f\u0131n\u0131 s\u00f6yledi. D\u00fczenlenen programa Ayvac\u0131k Belediye Ba\u015fkan\u0131 Mesut Bayram da kat\u0131ld\u0131.<\/p>\n","protected":false},"excerpt":{"rendered":"<p>\u00c7ANAKKALE\u2019N\u0130N AYVACIK \u0130L\u00c7ES\u0130NDE 2019-2020 E\u011e\u0130T\u0130M-\u00d6\u011eRET\u0130M YILI \u201c\u0130LK\u00d6\u011eRET\u0130M HAFTASI\u201d D\u00dcZENLENEN T\u00d6RENLE KUTLANDI.<\/p>\n","protected":false},"author":1,"featured_media":204535,"comment_status":"closed","ping_status":"open","sticky":false,"template":"","format":"standard","meta":{"jetpack_post_was_ever_published":false,"_jetpack_newsletter_access":"","_jetpack_dont_email_post_to_subs":false,"_jetpack_newsletter_tier_id":0,"_jetpack_memberships_contains_paywalled_content":false,"_jetpack_memberships_contains_paid_content":false,"footnotes":"","jetpack_publicize_message":"","jetpack_publicize_feature_enabled":true,"jetpack_social_post_already_shared":true,"jetpack_social_options":{"image_generator_settings":{"template":"highway","default_image_id":0,"font":"","enabled":false},"version":2}},"categories":[1],"tags":[23472,7490,47307,2822],"class_list":["post-204534","post","type-post","status-publish","format-standard","has-post-thumbnail","hentry","category-genel","tag-ayvacikta","tag-haftasi","tag-ilkogretim","tag-kutlandi"],"jetpack_publicize_connections":[],"jetpack_featured_media_url":"https:\/\/i0.wp.com\/www.tvturk.com\/wp-content\/uploads\/2019\/09\/ayvacikta-ilkogretim-haftasi-kutlandi_32b517c.jpg?fit=960%2C720","jetpack_sharing_enabled":true,"jetpack_shortlink":"https:\/\/wp.me\/paKIfm-RcW","_links":{"self":[{"href":"http:\/\/www.tvturk.com\/index.php\/wp-json\/wp\/v2\/posts\/204534","targetHints":{"allow":["GET"]}}],"collection":[{"href":"http:\/\/www.tvturk.com\/index.php\/wp-json\/wp\/v2\/posts"}],"about":[{"href":"http:\/\/www.tvturk.com\/index.php\/wp-json\/wp\/v2\/types\/post"}],"author":[{"embeddable":true,"href":"http:\/\/www.tvturk.com\/index.php\/wp-json\/wp\/v2\/users\/1"}],"replies":[{"embeddable":true,"href":"http:\/\/www.tvturk.com\/index.php\/wp-json\/wp\/v2\/comments?post=204534"}],"version-history":[{"count":0,"href":"http:\/\/www.tvturk.com\/index.php\/wp-json\/wp\/v2\/posts\/204534\/revisions"}],"wp:featuredmedia":[{"embeddable":true,"href":"http:\/\/www.tvturk.com\/index.php\/wp-json\/wp\/v2\/media\/204535"}],"wp:attachment":[{"href":"http:\/\/www.tvturk.com\/index.php\/wp-json\/wp\/v2\/media?parent=204534"}],"wp:term":[{"taxonomy":"category","embeddable":true,"href":"http:\/\/www.tvturk.com\/index.php\/wp-json\/wp\/v2\/categories?post=204534"},{"taxonomy":"post_tag","embeddable":true,"href":"http:\/\/www.tvturk.com\/index.php\/wp-json\/wp\/v2\/tags?post=204534"}],"curies":[{"name":"wp","href":"https:\/\/api.w.org\/{rel}","templated":true}]}}