{"id":204586,"date":"2019-09-18T15:01:31","date_gmt":"2019-09-18T12:01:31","guid":{"rendered":"http:\/\/www.tvturk.com\/index.php\/liberyada-okulda-yangin-25-cocuk-oldu\/"},"modified":"2019-09-18T15:01:31","modified_gmt":"2019-09-18T12:01:31","slug":"liberyada-okulda-yangin-25-cocuk-oldu","status":"publish","type":"post","link":"http:\/\/www.tvturk.com\/index.php\/liberyada-okulda-yangin-25-cocuk-oldu\/","title":{"rendered":"Liberya\u2019da okulda yang\u0131n: 25 \u00e7ocuk \u00f6ld\u00fc"},"content":{"rendered":"<p>Liberya\u2019da bir okulda \u00e7\u0131kan yang\u0131nda en az 25 \u00e7ocu\u011fun \u00f6ld\u00fc\u011f\u00fc belirtildi.<\/p>\n<p>Bat\u0131 Afrika \u00fclkesi Liberya\u2019n\u0131n Paynesville b\u00f6lgesinde bir okulda gece saatlerinde yang\u0131n \u00e7\u0131kt\u0131. Yerel kaynaklar taraf\u0131ndan yap\u0131lan a\u00e7\u0131klamada yang\u0131nda en az 25 \u00e7ocu\u011fun hayat\u0131n\u0131 kaybetti\u011fi belirtildi.<\/p>\n<p>Liberya Devlet Ba\u015fkan\u0131 George Weah faciayla ilgili sosyal medya hesab\u0131ndan yapt\u0131\u011f\u0131 a\u00e7\u0131klamada, hayat\u0131n\u0131 kaybeden \u00e7ocuklar\u0131n ailelerine ba\u015fsa\u011fl\u0131\u011f\u0131 diledi.<\/p>\n<p>Yang\u0131n\u0131n neden \u00e7\u0131kt\u0131\u011f\u0131 ise hen\u00fcz bilinmiyor.<\/p>\n","protected":false},"excerpt":{"rendered":"<p>L\u0130BERYA&#8217;DA B\u0130R OKULDA \u00c7IKAN YANGINDA EN AZ 25 \u00c7OCU\u011eUN \u00d6LD\u00dc\u011e\u00dc BEL\u0130RT\u0130LD\u0130.<\/p>\n","protected":false},"author":1,"featured_media":204587,"comment_status":"closed","ping_status":"open","sticky":false,"template":"","format":"standard","meta":{"jetpack_post_was_ever_published":false,"_jetpack_newsletter_access":"","_jetpack_dont_email_post_to_subs":false,"_jetpack_newsletter_tier_id":0,"_jetpack_memberships_contains_paywalled_content":false,"_jetpack_memberships_contains_paid_content":false,"footnotes":"","jetpack_publicize_message":"","jetpack_publicize_feature_enabled":true,"jetpack_social_post_already_shared":true,"jetpack_social_options":{"image_generator_settings":{"template":"highway","default_image_id":0,"font":"","enabled":false},"version":2}},"categories":[10],"tags":[1008,39831,8737,77,1617],"class_list":["post-204586","post","type-post","status-publish","format-standard","has-post-thumbnail","hentry","category-dunya","tag-cocuk","tag-liberyada","tag-okulda","tag-oldu","tag-yangin"],"jetpack_publicize_connections":[],"jetpack_featured_media_url":"https:\/\/i0.wp.com\/www.tvturk.com\/wp-content\/uploads\/2019\/09\/liberyada-okulda-yangin-25-cocuk-oldu_f1b1f65.jpg?fit=1000%2C950","jetpack_sharing_enabled":true,"jetpack_shortlink":"https:\/\/wp.me\/paKIfm-RdM","_links":{"self":[{"href":"http:\/\/www.tvturk.com\/index.php\/wp-json\/wp\/v2\/posts\/204586","targetHints":{"allow":["GET"]}}],"collection":[{"href":"http:\/\/www.tvturk.com\/index.php\/wp-json\/wp\/v2\/posts"}],"about":[{"href":"http:\/\/www.tvturk.com\/index.php\/wp-json\/wp\/v2\/types\/post"}],"author":[{"embeddable":true,"href":"http:\/\/www.tvturk.com\/index.php\/wp-json\/wp\/v2\/users\/1"}],"replies":[{"embeddable":true,"href":"http:\/\/www.tvturk.com\/index.php\/wp-json\/wp\/v2\/comments?post=204586"}],"version-history":[{"count":0,"href":"http:\/\/www.tvturk.com\/index.php\/wp-json\/wp\/v2\/posts\/204586\/revisions"}],"wp:featuredmedia":[{"embeddable":true,"href":"http:\/\/www.tvturk.com\/index.php\/wp-json\/wp\/v2\/media\/204587"}],"wp:attachment":[{"href":"http:\/\/www.tvturk.com\/index.php\/wp-json\/wp\/v2\/media?parent=204586"}],"wp:term":[{"taxonomy":"category","embeddable":true,"href":"http:\/\/www.tvturk.com\/index.php\/wp-json\/wp\/v2\/categories?post=204586"},{"taxonomy":"post_tag","embeddable":true,"href":"http:\/\/www.tvturk.com\/index.php\/wp-json\/wp\/v2\/tags?post=204586"}],"curies":[{"name":"wp","href":"https:\/\/api.w.org\/{rel}","templated":true}]}}