{"id":204598,"date":"2019-09-18T15:03:53","date_gmt":"2019-09-18T12:03:53","guid":{"rendered":"http:\/\/www.tvturk.com\/index.php\/altin-safran-fotograf-yarismasi-sonuclandi\/"},"modified":"2019-09-18T15:03:53","modified_gmt":"2019-09-18T12:03:53","slug":"altin-safran-fotograf-yarismasi-sonuclandi","status":"publish","type":"post","link":"http:\/\/www.tvturk.com\/index.php\/altin-safran-fotograf-yarismasi-sonuclandi\/","title":{"rendered":"Alt\u0131n Safran Foto\u011fraf Yar\u0131\u015fmas\u0131 sonu\u00e7land\u0131"},"content":{"rendered":"<p>UNESCO D\u00fcnya K\u00fclt\u00fcr Miras\u0131 Listesi\u2019nde yer alan Karab\u00fck\u2019\u00fcn Safranbolu il\u00e7esinde 20\u2019ncisi d\u00fczenlenecek Uluslararas\u0131 Alt\u0131n Safran Belgesel Film Festivali kapsam\u0131nda yap\u0131lan Uluslararas\u0131 Alt\u0131n Safran Foto\u011fraf Yar\u0131\u015fmas\u0131\u2019n\u0131n sonu\u00e7lar\u0131 a\u00e7\u0131kland\u0131.<\/p>\n<p>&#8220;K\u00fclt\u00fcrel Miras ve Korumac\u0131l\u0131k&#8221; ana temas\u0131yla 25-28 Eyl\u00fcl\u2019de d\u00fczenlenecek 20. Uluslararas\u0131 Alt\u0131n Safran Belgesel Film Festivali kapsam\u0131nda d\u00fczenlenen foto\u011fraf yar\u0131\u015fmas\u0131na 604 eser kat\u0131ld\u0131. Yar\u0131\u015fmada Ahmet Fatih S\u00f6nmez &#8220;Halla\u00e7&#8221; isimli eseriyle birinci olurken, Hakan Yaral\u0131 &#8220;Bin Y\u0131ll\u0131k D\u00fc\u011f\u00fcn&#8221; ile ikinci, Kayhan G\u00fc\u00e7 &#8220;G\u00fc\u00e7&#8221; adl\u0131 eseriyle \u00fc\u00e7\u00fcnc\u00fc oldu. Safranbolu \u00d6zel \u00d6d\u00fcl\u00fc\u2019n\u00fc ise &#8220;Tarihin Aynas\u0131&#8221;nda adl\u0131 foto\u011fraf\u0131yla Cemil Belder ad\u0131. Yar\u0131\u015fmada 30 eser de sergilenmeye hak kazand\u0131.<\/p>\n","protected":false},"excerpt":{"rendered":"<p>UNESCO D\u00dcNYA M\u0130RAS L\u0130STES\u0130&#8217;NDE YER ALAN KARAB\u00dcK&#8217;\u00dcN SAFRANBOLU \u0130L\u00c7ES\u0130NDE 20&#8217;\u0130NC\u0130S\u0130 D\u00dcZENLENECEK ULUSLARARASI ALTIN SAFRAN BELGESEL F\u0130LM FEST\u0130VAL\u0130 KAPSAMINDA D\u00dcZENLENEN ULUSLARARASI ALTIN SAFRAN FOTO\u011eRAF YARI\u015eMASI SONU\u00c7LARI A\u00c7IKLANDI.<\/p>\n","protected":false},"author":1,"featured_media":204599,"comment_status":"closed","ping_status":"open","sticky":false,"template":"","format":"standard","meta":{"jetpack_post_was_ever_published":false,"_jetpack_newsletter_access":"","_jetpack_dont_email_post_to_subs":false,"_jetpack_newsletter_tier_id":0,"_jetpack_memberships_contains_paywalled_content":false,"_jetpack_memberships_contains_paid_content":false,"footnotes":"","jetpack_publicize_message":"","jetpack_publicize_feature_enabled":true,"jetpack_social_post_already_shared":true,"jetpack_social_options":{"image_generator_settings":{"template":"highway","default_image_id":0,"font":"","enabled":false},"version":2}},"categories":[656],"tags":[596,5874,42552,9127,1650],"class_list":["post-204598","post","type-post","status-publish","format-standard","has-post-thumbnail","hentry","category-kultur-sanat","tag-altin","tag-fotograf","tag-safran","tag-sonuclandi","tag-yarismasi"],"jetpack_publicize_connections":[],"jetpack_featured_media_url":"https:\/\/i0.wp.com\/www.tvturk.com\/wp-content\/uploads\/2019\/09\/altin-safran-fotograf-yarismasi-sonuclandi_aaed513.jpg?fit=1000%2C666","jetpack_sharing_enabled":true,"jetpack_shortlink":"https:\/\/wp.me\/paKIfm-RdY","_links":{"self":[{"href":"http:\/\/www.tvturk.com\/index.php\/wp-json\/wp\/v2\/posts\/204598","targetHints":{"allow":["GET"]}}],"collection":[{"href":"http:\/\/www.tvturk.com\/index.php\/wp-json\/wp\/v2\/posts"}],"about":[{"href":"http:\/\/www.tvturk.com\/index.php\/wp-json\/wp\/v2\/types\/post"}],"author":[{"embeddable":true,"href":"http:\/\/www.tvturk.com\/index.php\/wp-json\/wp\/v2\/users\/1"}],"replies":[{"embeddable":true,"href":"http:\/\/www.tvturk.com\/index.php\/wp-json\/wp\/v2\/comments?post=204598"}],"version-history":[{"count":0,"href":"http:\/\/www.tvturk.com\/index.php\/wp-json\/wp\/v2\/posts\/204598\/revisions"}],"wp:featuredmedia":[{"embeddable":true,"href":"http:\/\/www.tvturk.com\/index.php\/wp-json\/wp\/v2\/media\/204599"}],"wp:attachment":[{"href":"http:\/\/www.tvturk.com\/index.php\/wp-json\/wp\/v2\/media?parent=204598"}],"wp:term":[{"taxonomy":"category","embeddable":true,"href":"http:\/\/www.tvturk.com\/index.php\/wp-json\/wp\/v2\/categories?post=204598"},{"taxonomy":"post_tag","embeddable":true,"href":"http:\/\/www.tvturk.com\/index.php\/wp-json\/wp\/v2\/tags?post=204598"}],"curies":[{"name":"wp","href":"https:\/\/api.w.org\/{rel}","templated":true}]}}