{"id":20464,"date":"2019-02-11T11:01:51","date_gmt":"2019-02-11T08:01:51","guid":{"rendered":"http:\/\/www.tvturk.com\/index.php\/taha-akgul-avrupa-sampiyonlugu-rekorunu-gelistirmek-istiyor\/"},"modified":"2019-02-11T11:01:52","modified_gmt":"2019-02-11T08:01:52","slug":"taha-akgul-avrupa-sampiyonlugu-rekorunu-gelistirmek-istiyor","status":"publish","type":"post","link":"http:\/\/www.tvturk.com\/index.php\/taha-akgul-avrupa-sampiyonlugu-rekorunu-gelistirmek-istiyor\/","title":{"rendered":"Taha Akg\u00fcl, Avrupa \u015fampiyonlu\u011fu rekorunu geli\u015ftirmek istiyor"},"content":{"rendered":"<p>D\u00fcnya ve olimpiyat \u015fampiyonu milli g\u00fcre\u015f\u00e7i Taha Akg\u00fcl, nisan ay\u0131nda Romanya\u2019da d\u00fczenlenecek Avrupa \u015eampiyonas\u0131\u2019nda hedefinin 7. kez \u015fampiyon olarak kendi rekorunu geli\u015ftirmek oldu\u011funu s\u00f6yledi.<\/p>\n<p>Kariyerinde olimpiyat, d\u00fcnya ve Avrupa \u015fampiyonluklar\u0131 bulunan milli g\u00fcre\u015f\u00e7i Taha Akg\u00fcl, Cumhuriyet \u00dcniversitesi\u2019nin 45. y\u0131l kutlama program\u0131na kat\u0131ld\u0131. Burada y\u0131l\u0131n sporcusu \u00f6d\u00fcl\u00fcn\u00fc alan Akg\u00fcl, program\u0131n ard\u0131ndan bas\u0131n mensuplar\u0131na a\u00e7\u0131klamalarda bulundu.<\/p>\n<p>D\u00fcnya \u015eampiyonas\u0131\u2019n\u0131n kendisi i\u00e7in k\u00f6t\u00fc ge\u00e7ti\u011fini ve telafi etmek i\u00e7in \u015fampiyonadan bir g\u00fcn sonra \u00e7al\u0131\u015fmalara ba\u015flad\u0131\u011f\u0131n\u0131 dile getiren ba\u015far\u0131l\u0131 g\u00fcre\u015f\u00e7i, &#8220;2019 y\u0131l\u0131na T\u00fcrkiye \u015eampiyonas\u0131\u2019na giderek ve orada 10. kez \u015fampiyon olarak ba\u015flad\u0131m. Ben her sene T\u00fcrkiye \u015eampiyonas\u0131\u2019na giren bir sporcuyum.  Daha sonra ise Uluslararas\u0131 Ivan Yariguin Turnuvas\u0131\u2019na gittim. D\u00fcnyan\u0131n en b\u00fcy\u00fck turnuvalar\u0131ndan bir tanesi. Daha \u00f6nce orada hi\u00e7 madalyam yoktu, gen\u00e7ken gitmi\u015ftim 2010 y\u0131l\u0131nda. Daha tecr\u00fcbesizken gitmi\u015ftim ve orada yenilmi\u015ftim. \u015eimdi orada final yapt\u0131m ve Ruslar\u0131n birinci adam\u0131yla g\u00fcre\u015ftim ama yenildim. Oraya gitme amac\u0131m ma\u00e7 eksi\u011fimi tamamlamakt\u0131 ve oradaki turnuva buna \u00e7ok iyi geldi. \u015eimdi s\u0131rada Avrupa \u015eampiyonas\u0131 var, nisan ay\u0131nda. \u0130n\u015fallah orada elimden geleni yap\u0131p 7. kez \u015fampiyon olup serbest g\u00fcre\u015fteki rekorumu geli\u015ftirece\u011fim. Bu rekor 6 ile bende, nisan ay\u0131n\u0131n ilk haftas\u0131nda Romanya\u2019da, B\u00fckre\u015f\u2019te Avrupa \u015fampiyonam\u0131z var. Orada hedefim alt\u0131n madalya. D\u00fcnya \u015eampiyonas\u0131 k\u00f6t\u00fc ge\u00e7mi\u015fti bunu tekrar telafi etmem gerekiyor, inan\u0131n \u015fampiyonadan bir g\u00fcn sonra \u00e7al\u0131\u015fmalara ba\u015flad\u0131m ve hi\u00e7 b\u0131rakmad\u0131m. Ben bu eme\u011fin kar\u015f\u0131l\u0131\u011f\u0131n\u0131 bu seneki Avrupa \u015eampiyonas\u0131 olmaz ise D\u00fcnya \u015eampiyonas\u0131\u2019nda, d\u00fcnyada olmazsa, olimpiyatta alaca\u011f\u0131ma inan\u0131yorum. Allah\u2019\u0131n bunu bana nasip edece\u011fine inan\u0131yorum. \u00c7\u00fcnk\u00fc ben hi\u00e7bir zaman \u00e7al\u0131\u015fmay\u0131 b\u0131rakmayan, kendine dikkat eden bir sporcuyum. \u0130n\u015fallah bunun meyvesini alaca\u011f\u0131m&#8221; dedi.<\/p>\n<p>Memleketi olmas\u0131ndan dolay\u0131 Y\u00fcksek Lisans e\u011fitimi i\u00e7in Sivas Cumhuriyet \u00dcniversitesi\u2019ni tercih etti\u011fini belirten Akg\u00fcl, &#8220;Bug\u00fcn Cumhuriyet \u00dcniversitesi\u2019nde spor \u00f6d\u00fcl\u00fcne lay\u0131k g\u00f6r\u00fcld\u00fcm. Buray\u0131 tercih etmemdeki neden; memleketim olmas\u0131. T\u00fcm \u00fcniversitelerden bana teklif geldi Y\u00fcksek lisans konusunda ama ben g\u00fczel bir puanla \u00fcniversitemizi tercih ettim. Rekt\u00f6r\u00fcm\u00fcz sa\u011f olsun burada bir spor salonuna ismimizi verdiler, jest yapt\u0131lar. Mart\u2019\u0131n 5\u2019inde g\u00fczel bir sunumum olacak ve \u00f6\u011frenimimi bitirece\u011fim. Bug\u00fcn de 2018 y\u0131l\u0131n\u0131n spor \u00f6d\u00fcl\u00fcne lay\u0131k g\u00f6r\u00fcld\u00fcm. \u00c7\u00fcnk\u00fc Avrupa \u015fampiyonu olmu\u015ftum \u00fcniversitemiz ad\u0131na. Bana bu \u00f6d\u00fcl\u00fc lay\u0131k g\u00f6ren \u00fcniversitemize, hocam\u0131za te\u015fekk\u00fcr ederim&#8221; diye konu\u015ftu.<div class=\"tiled-gallery type-rectangular tiled-gallery-unresized\" data-original-width=\"500\" data-carousel-extra='null' itemscope itemtype=\"http:\/\/schema.org\/ImageGallery\" > <div class=\"gallery-row\" style=\"width: 500px; height: 345px;\" data-original-width=\"500\" data-original-height=\"345\" > <div class=\"gallery-group images-1\" style=\"width: 500px; height: 345px;\" data-original-width=\"500\" data-original-height=\"345\" > <div class=\"tiled-gallery-item tiled-gallery-item-large\" itemprop=\"associatedMedia\" itemscope itemtype=\"http:\/\/schema.org\/ImageObject\"> <a href=\"http:\/\/www.tvturk.com\/index.php\/taha-akgul-avrupa-sampiyonlugu-rekorunu-gelistirmek-istiyor\/taha-akgul-avrupa-sampiyonlugu-rekorunu-gelistirmek-istiyor-3\/\" border=\"0\" itemprop=\"url\"> <meta itemprop=\"width\" content=\"496\"> <meta itemprop=\"height\" content=\"341\"> <img decoding=\"async\" class=\"\" data-attachment-id=\"20466\" data-orig-file=\"http:\/\/www.tvturk.com\/wp-content\/uploads\/2019\/02\/taha-akgul-avrupa-sampiyonlugu-rekorunu-gelistirmek-istiyor_6b956a6.jpg\" data-orig-size=\"1000,687\" data-comments-opened=\"\" data-image-meta=\"{&quot;aperture&quot;:&quot;0&quot;,&quot;credit&quot;:&quot;IHA&quot;,&quot;camera&quot;:&quot;&quot;,&quot;caption&quot;:&quot;D\\u00dcNYA VE OL\\u0130MP\\u0130YAT M\\u0130LL\\u0130 G\\u00dcRE\\u015e\\u00c7\\u0130 TAHA AKG\\u00dcL, N\\u0130SAN AYINDA ROMANYA\\u0027DA D\\u00dcZENLENECEK AVRUPA \\u015eAMP\\u0130YONASINDA HEDEF\\u0130N\\u0130N 7\\u0027\\u0130NC\\u0130 KEZ \\u015eAMP\\u0130YON KEND\\u0130 REKORUNU GEL\\u0130\\u015eT\\u0130RMEK OLDU\\u011eUNU S\\u00d6YLED\\u0130. (VEYSEL KORKMAZ\\\/S\\u0130VAS-\\u0130HA)&quot;,&quot;created_timestamp&quot;:&quot;0&quot;,&quot;copyright&quot;:&quot;\\u0130HLAS HABER AJANSI, www.iha.com.tr&quot;,&quot;focal_length&quot;:&quot;0&quot;,&quot;iso&quot;:&quot;0&quot;,&quot;shutter_speed&quot;:&quot;0&quot;,&quot;title&quot;:&quot;TAHA AKG\\u00dcL, AVRUPA \\u015eAMP\\u0130YONLU\\u011eU REKORUNU GEL\\u0130\\u015eT\\u0130RMEK \\u0130ST\\u0130YOR TAHA AKG\\u00dcL: \\u0022SERBEST G\\u00dcRE\\u015eTEK\\u0130 REKORUMU GEL\\u0130\\u015eT\\u0130RMEK \\u0130ST\\u0130YORUM\\u0022&quot;,&quot;orientation&quot;:&quot;0&quot;}\" data-image-title=\"Taha Akg\u00fcl, Avrupa \u015fampiyonlu\u011fu rekorunu geli\u015ftirmek istiyor\" data-image-description=\"&lt;p&gt;Taha Akg\u00fcl, Avrupa \u015fampiyonlu\u011fu rekorunu geli\u015ftirmek istiyor&lt;\/p&gt; \" data-medium-file=\"https:\/\/i0.wp.com\/www.tvturk.com\/wp-content\/uploads\/2019\/02\/taha-akgul-avrupa-sampiyonlugu-rekorunu-gelistirmek-istiyor_6b956a6.jpg?fit=300%2C206\" data-large-file=\"https:\/\/i0.wp.com\/www.tvturk.com\/wp-content\/uploads\/2019\/02\/taha-akgul-avrupa-sampiyonlugu-rekorunu-gelistirmek-istiyor_6b956a6.jpg?fit=1000%2C687\" src=\"https:\/\/i0.wp.com\/www.tvturk.com\/wp-content\/uploads\/2019\/02\/taha-akgul-avrupa-sampiyonlugu-rekorunu-gelistirmek-istiyor_6b956a6.jpg?w=496&#038;h=341\" srcset=\"https:\/\/i0.wp.com\/www.tvturk.com\/wp-content\/uploads\/2019\/02\/taha-akgul-avrupa-sampiyonlugu-rekorunu-gelistirmek-istiyor_6b956a6.jpg?w=1000 1000w, https:\/\/i0.wp.com\/www.tvturk.com\/wp-content\/uploads\/2019\/02\/taha-akgul-avrupa-sampiyonlugu-rekorunu-gelistirmek-istiyor_6b956a6.jpg?resize=150%2C103 150w, https:\/\/i0.wp.com\/www.tvturk.com\/wp-content\/uploads\/2019\/02\/taha-akgul-avrupa-sampiyonlugu-rekorunu-gelistirmek-istiyor_6b956a6.jpg?resize=300%2C206 300w, https:\/\/i0.wp.com\/www.tvturk.com\/wp-content\/uploads\/2019\/02\/taha-akgul-avrupa-sampiyonlugu-rekorunu-gelistirmek-istiyor_6b956a6.jpg?resize=768%2C528 768w, https:\/\/i0.wp.com\/www.tvturk.com\/wp-content\/uploads\/2019\/02\/taha-akgul-avrupa-sampiyonlugu-rekorunu-gelistirmek-istiyor_6b956a6.jpg?resize=80%2C55 80w\" width=\"496\" height=\"341\" loading=\"lazy\" data-original-width=\"496\" data-original-height=\"341\" itemprop=\"http:\/\/schema.org\/image\" title=\"Taha Akg\u00fcl, Avrupa \u015fampiyonlu\u011fu rekorunu geli\u015ftirmek istiyor\" alt=\"Taha Akg\u00fcl, Avrupa \u015fampiyonlu\u011fu rekorunu geli\u015ftirmek istiyor\" style=\"width: 496px; height: 341px;\" \/> <\/a> <\/div> <\/div> <!-- close group --> <\/div> <!-- close row --> <\/div><\/p>\n","protected":false},"excerpt":{"rendered":"<p>D\u00dcNYA VE OL\u0130MP\u0130YAT M\u0130LL\u0130 G\u00dcRE\u015e\u00c7\u0130 TAHA AKG\u00dcL, N\u0130SAN AYINDA ROMANYA&#8217;DA D\u00dcZENLENECEK AVRUPA \u015eAMP\u0130YONASINDA HEDEF\u0130N\u0130N 7&#8217;\u0130NC\u0130 KEZ \u015eAMP\u0130YON KEND\u0130 REKORUNU GEL\u0130\u015eT\u0130RMEK OLDU\u011eUNU S\u00d6YLED\u0130.<\/p>\n","protected":false},"author":1,"featured_media":20465,"comment_status":"closed","ping_status":"open","sticky":false,"template":"","format":"standard","meta":{"jetpack_post_was_ever_published":false,"_jetpack_newsletter_access":"","_jetpack_dont_email_post_to_subs":false,"_jetpack_newsletter_tier_id":0,"_jetpack_memberships_contains_paywalled_content":false,"_jetpack_memberships_contains_paid_content":false,"footnotes":"","jetpack_publicize_message":"","jetpack_publicize_feature_enabled":true,"jetpack_social_post_already_shared":false,"jetpack_social_options":{"image_generator_settings":{"template":"highway","default_image_id":0,"font":"","enabled":false},"version":2}},"categories":[657],"tags":[8956,392,8958,99,8957,7539,8955],"class_list":["post-20464","post","type-post","status-publish","format-standard","has-post-thumbnail","hentry","category-spor","tag-akgul","tag-avrupa","tag-gelistirmek","tag-istiyor","tag-rekorunu","tag-sampiyonlugu","tag-taha"],"jetpack_publicize_connections":[],"jetpack_featured_media_url":"https:\/\/i0.wp.com\/www.tvturk.com\/wp-content\/uploads\/2019\/02\/taha-akgul-avrupa-sampiyonlugu-rekorunu-gelistirmek-istiyor_2e41ee7.jpg?fit=1000%2C772","jetpack_sharing_enabled":true,"jetpack_shortlink":"https:\/\/wp.me\/paKIfm-5k4","_links":{"self":[{"href":"http:\/\/www.tvturk.com\/index.php\/wp-json\/wp\/v2\/posts\/20464","targetHints":{"allow":["GET"]}}],"collection":[{"href":"http:\/\/www.tvturk.com\/index.php\/wp-json\/wp\/v2\/posts"}],"about":[{"href":"http:\/\/www.tvturk.com\/index.php\/wp-json\/wp\/v2\/types\/post"}],"author":[{"embeddable":true,"href":"http:\/\/www.tvturk.com\/index.php\/wp-json\/wp\/v2\/users\/1"}],"replies":[{"embeddable":true,"href":"http:\/\/www.tvturk.com\/index.php\/wp-json\/wp\/v2\/comments?post=20464"}],"version-history":[{"count":1,"href":"http:\/\/www.tvturk.com\/index.php\/wp-json\/wp\/v2\/posts\/20464\/revisions"}],"predecessor-version":[{"id":20467,"href":"http:\/\/www.tvturk.com\/index.php\/wp-json\/wp\/v2\/posts\/20464\/revisions\/20467"}],"wp:featuredmedia":[{"embeddable":true,"href":"http:\/\/www.tvturk.com\/index.php\/wp-json\/wp\/v2\/media\/20465"}],"wp:attachment":[{"href":"http:\/\/www.tvturk.com\/index.php\/wp-json\/wp\/v2\/media?parent=20464"}],"wp:term":[{"taxonomy":"category","embeddable":true,"href":"http:\/\/www.tvturk.com\/index.php\/wp-json\/wp\/v2\/categories?post=20464"},{"taxonomy":"post_tag","embeddable":true,"href":"http:\/\/www.tvturk.com\/index.php\/wp-json\/wp\/v2\/tags?post=20464"}],"curies":[{"name":"wp","href":"https:\/\/api.w.org\/{rel}","templated":true}]}}