{"id":204686,"date":"2019-09-18T18:02:01","date_gmt":"2019-09-18T15:02:01","guid":{"rendered":"http:\/\/www.tvturk.com\/index.php\/bursa-bilim-ve-teknoloji-merkezi-teknofestte\/"},"modified":"2019-09-18T18:02:01","modified_gmt":"2019-09-18T15:02:01","slug":"bursa-bilim-ve-teknoloji-merkezi-teknofestte","status":"publish","type":"post","link":"http:\/\/www.tvturk.com\/index.php\/bursa-bilim-ve-teknoloji-merkezi-teknofestte\/","title":{"rendered":"Bursa Bilim ve Teknoloji Merkezi TEKNOFEST\u2019te"},"content":{"rendered":"<p>Milli teknoloji \u00fcretilmesi ve geli\u015ftirmesine dikkat \u00e7ekmeyi hedefleyen TEKNOFEST\u2019te stant a\u00e7an Bursa Bilim ve Teknoloji Merkezi de birbirinden renkli etkinlikleriyle ziyaret\u00e7ilerini a\u011f\u0131rl\u0131yor.<\/p>\n<p>T\u00fcrkiye Teknoloji Tak\u0131m\u0131 Vakf\u0131 (T3 Vakf\u0131) ile Sanayi ve Teknoloji Bakanl\u0131\u011f\u0131 \u00f6nc\u00fcl\u00fc\u011f\u00fcnde, bir\u00e7ok kurum ve \u00fcniversitenin destekleriyle Atat\u00fcrk Havaliman\u0131\u2019nda bu y\u0131l ikincisi d\u00fczenlenen TEKNOFEST\u2019te Bursa Bilim ve Teknoloji Merkezi de stand\u0131nda ziyaret\u00e7ilerini a\u011f\u0131rl\u0131yor. Festivalin ikinci g\u00fcn\u00fcnde Bursa Bilim ve Teknoloji Merkezi (BTM) \u00f6\u011frencilerin bilimsel yeteneklerini geli\u015ftiren at\u00f6lye \u00e7al\u0131\u015fmalar\u0131 ve \u00fcretti\u011fi deney d\u00fczenekleri ile festivale renk katt\u0131. Ziyaret\u00e7iler, deney d\u00fczeneklerini deneyimlemelerinin yan\u0131 s\u0131ra, merkezin organizasyonlar\u0131 ve faaliyetleri hakk\u0131nda bilgi ald\u0131. Bursa B\u00fcy\u00fck\u015fehir Belediyesi, T\u00dcB\u0130TAK ve BTSO i\u015fbirli\u011finde yap\u0131m\u0131 devam eden G\u00f6kmen Uzay Havac\u0131l\u0131k ve E\u011fitim Merkezinin (GUHEM) maketini vatanda\u015flar dikkatle inceledi. Alana kurulan elektronik yer piyanosu da \u00e7ocuklar\u0131n ilgi oda\u011f\u0131 oldu. Bursa Bilim ve Teknoloji Merkezi Genel Koordinat\u00f6r\u00fc Fehim Ferik, alanda ger\u00e7ekle\u015ftirilen etkinlikler hakk\u0131nda bilgi verdi.<\/p>\n<p>&#8220;5-6 sene \u00f6nce yurt d\u0131\u015f\u0131ndan gelen d\u00fczenekleri bug\u00fcn T\u00fcrkiye\u2019de \u00fcretiyoruz\u201d<\/p>\n<p>TEKNOFEST\u2018in \u00f6zellikle gen\u00e7lerin k\u00fc\u00e7\u00fck ya\u015flardan teknoloji bilinci edinmesi noktas\u0131nda b\u00fcy\u00fck \u00f6nem ta\u015f\u0131d\u0131\u011f\u0131n\u0131 ve \u00e7ocuklar\u0131n kat\u0131l\u0131m\u0131yla bir\u00e7ok at\u00f6lye ger\u00e7ekle\u015ftirdiklerini ifade eden Bursa Bilim ve Teknoloji Merkezi Genel Koordinat\u00f6r\u00fc Fehim Ferik, \u201cD\u00fcnyan\u0131n en b\u00fcy\u00fck teknoloji ve havac\u0131l\u0131k fuar\u0131 TEKNOFEST\u2019te bulunmaktan gurur duyuyoruz. Cumhurba\u015fkan\u0131m\u0131z Erdo\u011fan\u2019\u0131n ufku do\u011frultusunda milli ve yerli hamleleri ger\u00e7ekle\u015ftirmek i\u00e7in bizde Bursa\u2019da 7 sene \u00f6nce bilim ve teknoloji merkezini hayata ge\u00e7irdik. O g\u00fcn ba\u015flad\u0131\u011f\u0131m\u0131z yoldan bu g\u00fcne 14 dalda 240 tane d\u00fczenekle beraber \u00e7ocuklar\u0131n gelece\u011fine y\u00f6n veriyoruz. \u015eu anda kendi d\u00fczeneklerimizi kendimiz imal ediyoruz. 5-6 sene \u00f6nce yurt d\u0131\u015f\u0131ndan gelen d\u00fczenekleri biz bug\u00fcn T\u00fcrkiye\u2019de \u00fcretiyoruz. Di\u011fer merkezlere de imal ederek satmaya \u00e7al\u0131\u015f\u0131yoruz. Burada Uzay havac\u0131l\u0131k merkezimizin tan\u0131t\u0131m\u0131n\u0131 yap\u0131yoruz. \u00d6n\u00fcm\u00fczdeki 23 Nisan\u2019da hayata ge\u00e7ecek. G\u00f6kmen Uzay Havac\u0131l\u0131k ve E\u011fitim Merkezi havac\u0131l\u0131k sekt\u00f6r\u00fcnde uzay temal\u0131 d\u00fcnyan\u0131n ilk \u00fc\u00e7 merkezinden birisi olacak. Ge\u00e7en senekinden daha b\u00fcy\u00fck kat\u0131l\u0131m olmas\u0131 herhalde \u015fehir merkezinde d\u00fczenleniyor olmas\u0131ndan kaynakland\u0131&#8221; dedi.<\/p>\n","protected":false},"excerpt":{"rendered":"<p>M\u0130LL\u0130 TEKNOLOJ\u0130 \u00dcRET\u0130LMES\u0130 VE GEL\u0130\u015eT\u0130RMES\u0130NE D\u0130KKAT \u00c7EKMEY\u0130 HEDEFLEYEN TEKNOFEST\u2019TE STANT A\u00c7AN BURSA B\u0130L\u0130M VE TEKNOLOJ\u0130 MERKEZ\u0130 DE B\u0130RB\u0130R\u0130NDEN RENKL\u0130 ETK\u0130NL\u0130KLER\u0130YLE Z\u0130YARET\u00c7\u0130LER\u0130N\u0130 A\u011eIRLIYOR.<\/p>\n","protected":false},"author":1,"featured_media":204687,"comment_status":"closed","ping_status":"open","sticky":false,"template":"","format":"standard","meta":{"jetpack_post_was_ever_published":false,"_jetpack_newsletter_access":"","_jetpack_dont_email_post_to_subs":false,"_jetpack_newsletter_tier_id":0,"_jetpack_memberships_contains_paywalled_content":false,"_jetpack_memberships_contains_paid_content":false,"footnotes":"","jetpack_publicize_message":"","jetpack_publicize_feature_enabled":true,"jetpack_social_post_already_shared":true,"jetpack_social_options":{"image_generator_settings":{"template":"highway","default_image_id":0,"font":"","enabled":false},"version":2}},"categories":[1],"tags":[3032,4479,295,37650,341],"class_list":["post-204686","post","type-post","status-publish","format-standard","has-post-thumbnail","hentry","category-genel","tag-bilim","tag-bursa","tag-merkezi","tag-teknofestte","tag-teknoloji"],"jetpack_publicize_connections":[],"jetpack_featured_media_url":"https:\/\/i0.wp.com\/www.tvturk.com\/wp-content\/uploads\/2019\/09\/bursa-bilim-ve-teknoloji-merkezi-teknofestte_08dd322.jpg?fit=1000%2C666","jetpack_sharing_enabled":true,"jetpack_shortlink":"https:\/\/wp.me\/paKIfm-Rfo","_links":{"self":[{"href":"http:\/\/www.tvturk.com\/index.php\/wp-json\/wp\/v2\/posts\/204686","targetHints":{"allow":["GET"]}}],"collection":[{"href":"http:\/\/www.tvturk.com\/index.php\/wp-json\/wp\/v2\/posts"}],"about":[{"href":"http:\/\/www.tvturk.com\/index.php\/wp-json\/wp\/v2\/types\/post"}],"author":[{"embeddable":true,"href":"http:\/\/www.tvturk.com\/index.php\/wp-json\/wp\/v2\/users\/1"}],"replies":[{"embeddable":true,"href":"http:\/\/www.tvturk.com\/index.php\/wp-json\/wp\/v2\/comments?post=204686"}],"version-history":[{"count":0,"href":"http:\/\/www.tvturk.com\/index.php\/wp-json\/wp\/v2\/posts\/204686\/revisions"}],"wp:featuredmedia":[{"embeddable":true,"href":"http:\/\/www.tvturk.com\/index.php\/wp-json\/wp\/v2\/media\/204687"}],"wp:attachment":[{"href":"http:\/\/www.tvturk.com\/index.php\/wp-json\/wp\/v2\/media?parent=204686"}],"wp:term":[{"taxonomy":"category","embeddable":true,"href":"http:\/\/www.tvturk.com\/index.php\/wp-json\/wp\/v2\/categories?post=204686"},{"taxonomy":"post_tag","embeddable":true,"href":"http:\/\/www.tvturk.com\/index.php\/wp-json\/wp\/v2\/tags?post=204686"}],"curies":[{"name":"wp","href":"https:\/\/api.w.org\/{rel}","templated":true}]}}