{"id":204696,"date":"2019-09-18T18:46:37","date_gmt":"2019-09-18T15:46:37","guid":{"rendered":"http:\/\/www.tvturk.com\/index.php\/yemyesil-urfa-projesi-icin-viransehirde-toplanti-duzenlendi\/"},"modified":"2019-09-18T18:46:37","modified_gmt":"2019-09-18T15:46:37","slug":"yemyesil-urfa-projesi-icin-viransehirde-toplanti-duzenlendi","status":"publish","type":"post","link":"http:\/\/www.tvturk.com\/index.php\/yemyesil-urfa-projesi-icin-viransehirde-toplanti-duzenlendi\/","title":{"rendered":"Yemye\u015fil Urfa Projesi i\u00e7in Viran\u015fehir\u2019de toplant\u0131 d\u00fczenlendi"},"content":{"rendered":"<p>\u015eanl\u0131urfa\u2019n\u0131n d\u00fc\u015fman i\u015fgalinde kurtulu\u015funun 100. y\u0131l\u0131 etkinli\u011fi kapsam\u0131nda 11 Nisan 2020 tarihine kadar 10 milyon fidan\u0131n toprakla bulu\u015fturulmas\u0131 ile ilgili Viran\u015fehir il\u00e7esinde geni\u015f kat\u0131l\u0131ml\u0131 bir toplant\u0131 ger\u00e7ekle\u015ftirildi.<\/p>\n<p>\u015eanl\u0131urfa\u2019n\u0131n d\u00fc\u015fman i\u015fgalinde kurtulu\u015funun 100. y\u0131ll\u0131 etkinli\u011fi kapsam\u0131nda 11 Nisan 2020 tarihine kadar 10 milyon fidan\u0131n toprakla bulu\u015fturulmas\u0131 ile ilgili Viran\u015fehir il\u00e7esinde bir toplant\u0131 ger\u00e7ekle\u015ftirildi. Toplant\u0131ya Viran\u015fehir Ziraat Odas\u0131 Ba\u015fkan\u0131 Bahri Ekinci, \u015eanl\u0131urfa Orman \u0130\u015fletme M\u00fcd\u00fcr\u00fc Fad\u0131l Topda\u011f, Milli E\u011fitim M\u00fcd\u00fcr\u00fc Mehdi Turgut, Tar\u0131m ve Orman \u0130l\u00e7e M\u00fcd\u00fcr\u00fc S\u0131ra\u00e7 Yol\u00e7u, Tar\u0131m Lisesi M\u00fcd\u00fcr\u00fc Nedim \u00d6zkan, mahalle muhtarlar\u0131 ve \u00e7ift\u00e7iler kat\u0131ld\u0131. \u015eanl\u0131urfa Orman \u0130\u015fletme M\u00fcd\u00fcr\u00fc Fad\u0131l Topda\u011f, &#8220;\u015eanl\u0131urfa ilimizin kurtulu\u015funun 100. y\u0131l\u0131 etkinli\u011fi kapsam\u0131nda \u015eanl\u0131urfa Valimizin talimatlar\u0131 ile 11 Nisan 2020 tarihine kadar Zeytin-Temal\u0131 A\u011fa\u00e7land\u0131rma projesi kapsam\u0131nda 10 milyon fidan\u0131n toprakla bulu\u015fturulmas\u0131 hedeflenmi\u015ftir. Bu ama\u00e7la \u015eanl\u0131urfa Orman \u0130\u015fletme M\u00fcd\u00fcrl\u00fc\u011f\u00fc koordinasyonunda Viran\u015fehir Ziraat Odas\u0131 Ba\u015fkan\u0131 Bahri Ekinci ba\u015fkanl\u0131\u011f\u0131nda Ziraat Odas\u0131 Toplant\u0131 Salonunda mahalle muhtarlar\u0131na sunum ortam\u0131nda proje tan\u0131t\u0131m\u0131 yap\u0131ld\u0131. Toplant\u0131da y\u00f6reye uygun Antep F\u0131st\u0131\u011f\u0131, badem ,zeytin, \u00e7am gibi fidanlarla a\u011fa\u00e7land\u0131rma \u00e7al\u0131\u015fmas\u0131 yap\u0131labilece\u011fi anlat\u0131larak \u00e7ift\u00e7ilerin talepleri al\u0131nd\u0131&#8221; ifadelerine yer verdi.<\/p>\n","protected":false},"excerpt":{"rendered":"<p>YEMYE\u015e\u0130L URFA PROJES\u0130 \u0130\u00c7\u0130N V\u0130RAN\u015eEH\u0130R\u2019DE MUHTARLARLA TOPLANTI<\/p>\n","protected":false},"author":1,"featured_media":204697,"comment_status":"closed","ping_status":"open","sticky":false,"template":"","format":"standard","meta":{"jetpack_post_was_ever_published":false,"_jetpack_newsletter_access":"","_jetpack_dont_email_post_to_subs":false,"_jetpack_newsletter_tier_id":0,"_jetpack_memberships_contains_paywalled_content":false,"_jetpack_memberships_contains_paid_content":false,"footnotes":"","jetpack_publicize_message":"","jetpack_publicize_feature_enabled":true,"jetpack_social_post_already_shared":true,"jetpack_social_options":{"image_generator_settings":{"template":"highway","default_image_id":0,"font":"","enabled":false},"version":2}},"categories":[1],"tags":[25845,2202,44,1324,5758,51672,51671],"class_list":["post-204696","post","type-post","status-publish","format-standard","has-post-thumbnail","hentry","category-genel","tag-urfa","tag-duzenlendi","tag-icin","tag-projesi","tag-toplanti","tag-viransehirde","tag-yemyesil"],"jetpack_publicize_connections":[],"jetpack_featured_media_url":"https:\/\/i0.wp.com\/www.tvturk.com\/wp-content\/uploads\/2019\/09\/yemyesil-urfa-projesi-icin-viransehirde-toplanti-duzenlendi_91a404d.jpg?fit=1000%2C667","jetpack_sharing_enabled":true,"jetpack_shortlink":"https:\/\/wp.me\/paKIfm-Rfy","_links":{"self":[{"href":"http:\/\/www.tvturk.com\/index.php\/wp-json\/wp\/v2\/posts\/204696","targetHints":{"allow":["GET"]}}],"collection":[{"href":"http:\/\/www.tvturk.com\/index.php\/wp-json\/wp\/v2\/posts"}],"about":[{"href":"http:\/\/www.tvturk.com\/index.php\/wp-json\/wp\/v2\/types\/post"}],"author":[{"embeddable":true,"href":"http:\/\/www.tvturk.com\/index.php\/wp-json\/wp\/v2\/users\/1"}],"replies":[{"embeddable":true,"href":"http:\/\/www.tvturk.com\/index.php\/wp-json\/wp\/v2\/comments?post=204696"}],"version-history":[{"count":0,"href":"http:\/\/www.tvturk.com\/index.php\/wp-json\/wp\/v2\/posts\/204696\/revisions"}],"wp:featuredmedia":[{"embeddable":true,"href":"http:\/\/www.tvturk.com\/index.php\/wp-json\/wp\/v2\/media\/204697"}],"wp:attachment":[{"href":"http:\/\/www.tvturk.com\/index.php\/wp-json\/wp\/v2\/media?parent=204696"}],"wp:term":[{"taxonomy":"category","embeddable":true,"href":"http:\/\/www.tvturk.com\/index.php\/wp-json\/wp\/v2\/categories?post=204696"},{"taxonomy":"post_tag","embeddable":true,"href":"http:\/\/www.tvturk.com\/index.php\/wp-json\/wp\/v2\/tags?post=204696"}],"curies":[{"name":"wp","href":"https:\/\/api.w.org\/{rel}","templated":true}]}}