{"id":204714,"date":"2019-09-18T19:33:07","date_gmt":"2019-09-18T16:33:07","guid":{"rendered":"http:\/\/www.tvturk.com\/index.php\/milli-halterci-saziye-erdogan-dunya-sampiyonu\/"},"modified":"2019-09-18T19:33:07","modified_gmt":"2019-09-18T16:33:07","slug":"milli-halterci-saziye-erdogan-dunya-sampiyonu","status":"publish","type":"post","link":"http:\/\/www.tvturk.com\/index.php\/milli-halterci-saziye-erdogan-dunya-sampiyonu\/","title":{"rendered":"Milli halterci \u015eaziye Erdo\u011fan, D\u00fcnya \u015fampiyonu"},"content":{"rendered":"<p>B\u00fcy\u00fckler D\u00fcnya Halter \u015eampiyonas\u0131\u2019nda milli halterci \u015eaziye Erdo\u011fan, \u015fampiyon oldu.<\/p>\n<p>18-27 Eyl\u00fcl 2019 tarihleri aras\u0131nda Tayland\u2019\u0131n Pattaya \u015fehrinde ba\u015flayan B\u00fcy\u00fckler D\u00fcnya Halter \u015eampiyonas\u0131\u2019na 87 \u00fclkeden 606 sporcu kat\u0131l\u0131yor. Milli Tak\u0131m\u0131 6 erkek, 6 kad\u0131n olmak \u00fczere toplam 12 sporcu ile i\u015ftirak ediyor.<\/p>\n<p>Kad\u0131nlar 45 kiloda yar\u0131\u015fan \u015eaziye Erdo\u011fan koparmada 77 kilo ile alt\u0131n, silkmede 92 kilo ile g\u00fcm\u00fc\u015f, toplamda ise 169 kiloluk derecesiyle alt\u0131n madalya kazand\u0131 ve B\u00fcy\u00fckler D\u00fcnya \u015fampiyonu oldu. \u0130stiklal Mar\u015f\u0131\u2019n\u0131 Tayland\u2019\u0131n Pattaya \u015fehrinde co\u015fkuyla okuttu.<\/p>\n<p>M\u00fcsabakan\u0131n ard\u0131ndan \u015eaziye Erdo\u011fan, kar\u015f\u0131la\u015fmalara \u00e7ok yo\u011fun bir programla haz\u0131rland\u0131\u011f\u0131n\u0131, T\u00fcrk bayra\u011f\u0131n\u0131 Tayland\u2019da dalgaland\u0131rman\u0131n ve \u0130stiklal Mar\u015f\u0131\u2019n\u0131 okutman\u0131n kendisini \u00e7ok mutlu etti\u011fini s\u00f6yledi. Antren\u00f6rlerinin ve Federasyon Ba\u015fkan\u0131\u2019n\u0131n kendisine b\u00fcy\u00fck destek verdi\u011fini belirten milli sporcu, &#8220;\u0130n\u015fallah daha nice madalyalar ve \u015fampiyonluklar kazanaca\u011f\u0131m&#8221; dedi.<\/p>\n<p>Bakan Kasapo\u011flu\u2019dan tebrik<\/p>\n<p>Gen\u00e7lik ve Spor Bakan\u0131 Dr. Mehmet Muharrem Kasapo\u011flu, alt\u0131n madalya kazanan, \u015eaziye Erdo\u011fan\u2019n\u0131 telefonla arayarak kutlad\u0131.<\/p>\n<p>B\u00fcy\u00fckler D\u00fcnya Halter \u015eampiyonas\u0131\u2019n\u0131n ilk g\u00fcn\u00fcn sonunda milliler toplam madalya say\u0131s\u0131 2 alt\u0131n, 1 g\u00fcm\u00fc\u015f madalyaya ula\u015ft\u0131.<\/p>\n<p>Halter Federasyonu Ba\u015fkan\u0131 Tamer Ta\u015fp\u0131nar &#8220;Madalya alan \u015eaziye Erdo\u011fan\u2019\u0131, antren\u00f6rlerini ve ailelerini y\u00fcrekten kutluyorum&#8221; diyerek hi\u00e7bir ba\u015far\u0131n\u0131n tesad\u00fcf olmad\u0131\u011f\u0131n\u0131, yap\u0131lan planl\u0131 ve \u00f6nemli \u00e7al\u0131\u015fmalar neticesinde b\u00f6yle g\u00fczel sonu\u00e7lara ula\u015fman\u0131n hakl\u0131 gururunu ya\u015fad\u0131klar\u0131n\u0131 belirtti.<\/p>\n","protected":false},"excerpt":{"rendered":"<p>B\u00dcY\u00dcKLER D\u00dcNYA HALTER \u015eAMP\u0130YONASI&#8217;NDA M\u0130LL\u0130 HALTERC\u0130 \u015eAZ\u0130YE ERDO\u011eAN, \u015eAMP\u0130YON OLDU.<\/p>\n","protected":false},"author":1,"featured_media":204715,"comment_status":"closed","ping_status":"open","sticky":false,"template":"","format":"standard","meta":{"jetpack_post_was_ever_published":false,"_jetpack_newsletter_access":"","_jetpack_dont_email_post_to_subs":false,"_jetpack_newsletter_tier_id":0,"_jetpack_memberships_contains_paywalled_content":false,"_jetpack_memberships_contains_paid_content":false,"footnotes":"","jetpack_publicize_message":"","jetpack_publicize_feature_enabled":true,"jetpack_social_post_already_shared":true,"jetpack_social_options":{"image_generator_settings":{"template":"highway","default_image_id":0,"font":"","enabled":false},"version":2}},"categories":[657],"tags":[349,649,9684,429,2415,29880],"class_list":["post-204714","post","type-post","status-publish","format-standard","has-post-thumbnail","hentry","category-spor","tag-dunya","tag-erdogan","tag-halterci","tag-milli","tag-sampiyonu","tag-saziye"],"jetpack_publicize_connections":[],"jetpack_featured_media_url":"https:\/\/i0.wp.com\/www.tvturk.com\/wp-content\/uploads\/2019\/09\/milli-halterci-saziye-erdogan-dunya-sampiyonu_66c6b73.jpg?fit=1000%2C750","jetpack_sharing_enabled":true,"jetpack_shortlink":"https:\/\/wp.me\/paKIfm-RfQ","_links":{"self":[{"href":"http:\/\/www.tvturk.com\/index.php\/wp-json\/wp\/v2\/posts\/204714","targetHints":{"allow":["GET"]}}],"collection":[{"href":"http:\/\/www.tvturk.com\/index.php\/wp-json\/wp\/v2\/posts"}],"about":[{"href":"http:\/\/www.tvturk.com\/index.php\/wp-json\/wp\/v2\/types\/post"}],"author":[{"embeddable":true,"href":"http:\/\/www.tvturk.com\/index.php\/wp-json\/wp\/v2\/users\/1"}],"replies":[{"embeddable":true,"href":"http:\/\/www.tvturk.com\/index.php\/wp-json\/wp\/v2\/comments?post=204714"}],"version-history":[{"count":0,"href":"http:\/\/www.tvturk.com\/index.php\/wp-json\/wp\/v2\/posts\/204714\/revisions"}],"wp:featuredmedia":[{"embeddable":true,"href":"http:\/\/www.tvturk.com\/index.php\/wp-json\/wp\/v2\/media\/204715"}],"wp:attachment":[{"href":"http:\/\/www.tvturk.com\/index.php\/wp-json\/wp\/v2\/media?parent=204714"}],"wp:term":[{"taxonomy":"category","embeddable":true,"href":"http:\/\/www.tvturk.com\/index.php\/wp-json\/wp\/v2\/categories?post=204714"},{"taxonomy":"post_tag","embeddable":true,"href":"http:\/\/www.tvturk.com\/index.php\/wp-json\/wp\/v2\/tags?post=204714"}],"curies":[{"name":"wp","href":"https:\/\/api.w.org\/{rel}","templated":true}]}}