{"id":204722,"date":"2019-09-18T20:16:13","date_gmt":"2019-09-18T17:16:13","guid":{"rendered":"http:\/\/www.tvturk.com\/index.php\/almanyada-isci-fabrikadan-caldigi-silahlari-cetelere-satti\/"},"modified":"2019-09-18T20:16:13","modified_gmt":"2019-09-18T17:16:13","slug":"almanyada-isci-fabrikadan-caldigi-silahlari-cetelere-satti","status":"publish","type":"post","link":"http:\/\/www.tvturk.com\/index.php\/almanyada-isci-fabrikadan-caldigi-silahlari-cetelere-satti\/","title":{"rendered":"Almanya\u2019da i\u015f\u00e7i fabrikadan \u00e7ald\u0131\u011f\u0131 silahlar\u0131 \u00e7etelere satt\u0131"},"content":{"rendered":"<p>Almanya\u2019da bir silah fabrikas\u0131nda \u00e7al\u0131\u015fan i\u015f\u00e7i, \u00e7ald\u0131\u011f\u0131 y\u00fczlerce silah\u0131 \u00e7etelere satt\u0131.<\/p>\n<p>Kuzey Ren Vestfalya (KRV) ve Asa\u011f\u0131 Saksonya eyaletlerinde \u00f6zel harekat polisinin kat\u0131ld\u0131\u011f\u0131 operasyonlarda ev, i\u015f yeri ve tamirhanelere bask\u0131n d\u00fczenlendi. Operasyon kapsam\u0131nda Menden kentinde silah fabrikas\u0131nda \u00e7al\u0131\u015fan bir i\u015f\u00e7inin de evi arand\u0131. Yap\u0131lan aramada ismi a\u00e7\u0131klanmayan ki\u015finin y\u0131llar\u0131d\u0131r \u00e7al\u0131\u015ft\u0131\u011f\u0131 fabrikadan silah \u00e7ald\u0131\u011f\u0131 ve bu silahlar\u0131 \u00e7etelere satt\u0131\u011f\u0131 ortaya \u00e7\u0131kt\u0131. Savc\u0131l\u0131k, \u00e7etelere 150 yar\u0131 otomatik uzun namlulu silah satan ki\u015finin silahlar\u0131n seri numaralar\u0131n\u0131 da imha etti\u011fini belirtti.<\/p>\n<p>Almanya\u2019da son y\u0131llarda art\u0131\u015f g\u00f6steren yasa d\u0131\u015f\u0131 silah sat\u0131\u015flar\u0131n\u0131n endi\u015fe verici boyutlara ula\u015ft\u0131\u011f\u0131 ifade edilirken, bu silahlar\u0131n \u0131rk\u00e7\u0131 sald\u0131r\u0131larda kullan\u0131lmas\u0131 ihtimali yetkileri tedirgin ediyor.<\/p>\n","protected":false},"excerpt":{"rendered":"<p>ALMANYA\u2019DAK\u0130 B\u0130R S\u0130LAH FABR\u0130KASINDA \u00c7ALI\u015eAN B\u0130R \u0130\u015e\u00c7\u0130N\u0130N \u00c7ALDI\u011eI Y\u00dcZLERCE S\u0130LAHI \u00c7ETELERE SATTI\u011eI EV\u0130NE D\u00dcZENLENEN BASKIN \u0130LE ORTAYA \u00c7IKTI.<\/p>\n","protected":false},"author":1,"featured_media":204723,"comment_status":"closed","ping_status":"open","sticky":false,"template":"","format":"standard","meta":{"jetpack_post_was_ever_published":false,"_jetpack_newsletter_access":"","_jetpack_dont_email_post_to_subs":false,"_jetpack_newsletter_tier_id":0,"_jetpack_memberships_contains_paywalled_content":false,"_jetpack_memberships_contains_paid_content":false,"footnotes":"","jetpack_publicize_message":"","jetpack_publicize_feature_enabled":true,"jetpack_social_post_already_shared":true,"jetpack_social_options":{"image_generator_settings":{"template":"highway","default_image_id":0,"font":"","enabled":false},"version":2}},"categories":[10],"tags":[6637,3420,51677,49981,1030,1247,2923],"class_list":["post-204722","post","type-post","status-publish","format-standard","has-post-thumbnail","hentry","category-dunya","tag-almanyada","tag-caldigi","tag-cetelere","tag-fabrikadan","tag-isci","tag-satti","tag-silahlari"],"jetpack_publicize_connections":[],"jetpack_featured_media_url":"https:\/\/i0.wp.com\/www.tvturk.com\/wp-content\/uploads\/2019\/09\/almanyada-isci-fabrikadan-caldigi-silahlari-cetelere-satti_9663226.jpg?fit=1000%2C666","jetpack_sharing_enabled":true,"jetpack_shortlink":"https:\/\/wp.me\/paKIfm-RfY","_links":{"self":[{"href":"http:\/\/www.tvturk.com\/index.php\/wp-json\/wp\/v2\/posts\/204722","targetHints":{"allow":["GET"]}}],"collection":[{"href":"http:\/\/www.tvturk.com\/index.php\/wp-json\/wp\/v2\/posts"}],"about":[{"href":"http:\/\/www.tvturk.com\/index.php\/wp-json\/wp\/v2\/types\/post"}],"author":[{"embeddable":true,"href":"http:\/\/www.tvturk.com\/index.php\/wp-json\/wp\/v2\/users\/1"}],"replies":[{"embeddable":true,"href":"http:\/\/www.tvturk.com\/index.php\/wp-json\/wp\/v2\/comments?post=204722"}],"version-history":[{"count":0,"href":"http:\/\/www.tvturk.com\/index.php\/wp-json\/wp\/v2\/posts\/204722\/revisions"}],"wp:featuredmedia":[{"embeddable":true,"href":"http:\/\/www.tvturk.com\/index.php\/wp-json\/wp\/v2\/media\/204723"}],"wp:attachment":[{"href":"http:\/\/www.tvturk.com\/index.php\/wp-json\/wp\/v2\/media?parent=204722"}],"wp:term":[{"taxonomy":"category","embeddable":true,"href":"http:\/\/www.tvturk.com\/index.php\/wp-json\/wp\/v2\/categories?post=204722"},{"taxonomy":"post_tag","embeddable":true,"href":"http:\/\/www.tvturk.com\/index.php\/wp-json\/wp\/v2\/tags?post=204722"}],"curies":[{"name":"wp","href":"https:\/\/api.w.org\/{rel}","templated":true}]}}