{"id":204728,"date":"2019-09-18T21:17:33","date_gmt":"2019-09-18T18:17:33","guid":{"rendered":"http:\/\/www.tvturk.com\/index.php\/biga-kurtulus-gureslerinde-baspehlivan-recep-kara-oldu\/"},"modified":"2019-09-18T21:17:33","modified_gmt":"2019-09-18T18:17:33","slug":"biga-kurtulus-gureslerinde-baspehlivan-recep-kara-oldu","status":"publish","type":"post","link":"http:\/\/www.tvturk.com\/index.php\/biga-kurtulus-gureslerinde-baspehlivan-recep-kara-oldu\/","title":{"rendered":"Biga Kurtulu\u015f G\u00fcre\u015fleri\u2019nde ba\u015fpehlivan Recep Kara oldu"},"content":{"rendered":"<p>18 Eyl\u00fcl Biga Kurtulu\u015f G\u00fcn\u00fc Ya\u011fl\u0131 G\u00fcre\u015fleri\u2019nin ba\u015fpehlivan\u0131, rakibi \u0130smail Balaban\u2019\u0131 finalde yenen Recep Kara oldu. Biga\u2019da y\u0131llar sonra ilk kez d\u00fczenlenen g\u00fcre\u015fler yo\u011fun ilgi g\u00f6rd\u00fc.<\/p>\n<p>Biga\u2019n\u0131n d\u00fc\u015fman i\u015fgalinden kurtulu\u015funun 97. y\u0131l d\u00f6n\u00fcm\u00fc etkinlikleri kapsam\u0131nda Biga Belediye Ba\u015fkan\u0131 B\u00fclent Erdo\u011fan himayelerinde ger\u00e7ekle\u015fen Kurtulu\u015f G\u00fcn\u00fc G\u00fcre\u015fleri \u2018\u0130rfan \u015eahin Er Meydan\u0131\u2019nda d\u00fczenlendi. 38\u2019i alt\u0131n kemer sahibi ba\u015fpehlivan olmak \u00fczere 243 pehlivan\u0131n kol ba\u011flad\u0131\u011f\u0131 ve binlerce vatanda\u015f\u0131n yo\u011fun ilgi g\u00f6sterdi\u011fi g\u00fcre\u015flere Biga Belediye Ba\u015fkan\u0131 B\u00fclent Erdo\u011fan, \u00c7anakkale Valisi Orhan Tavl\u0131, Biga Kaymakam\u0131 Mustafa Can, AK Parti \u00c7anakkale Milletvekili J\u00fclide \u0130skendero\u011flu, G\u00fcre\u015f A\u011fas\u0131 Hasan Karabiber, Biga Belediyesi Ba\u015fkan Yard\u0131mc\u0131lar\u0131 Naz\u0131m Hikmet Keskiner ile S\u0131tk\u0131 Ke\u00e7eci, Biga Cumhuriyet Ba\u015fsavc\u0131s\u0131 Bahri Yal\u00e7in\u00f6z, \u00c7an Belediye Ba\u015fkan\u0131 B\u00fclent \u00d6z, Lapseki Belediye Ba\u015fkan\u0131 Ey\u00fcp Y\u0131lmaz, Ezine Belediye Ba\u015fkan\u0131 G\u00fcray Y\u00fcksel, Yenice Belediye Ba\u015fkan\u0131 Veysel Acar, G\u00fcm\u00fc\u015f\u00e7ay Belediye Ba\u015fkan\u0131 Adnan Past\u0131rmac\u0131, Karabiga Belediye Ba\u015fkan\u0131 Ahmet Elbi, Geyikli Belediye Ba\u015fkan\u0131 Mevl\u00fct Oru\u00e7o\u011flu, Kalk\u0131m Belediye Ba\u015fkan\u0131 \u0130brahim Ta\u015fk\u0131n, AK Parti \u00c7anakkale \u0130l Ba\u015fkan Vekili Ayhan \u00c7etin, MHP \u00c7anakkale \u0130l Ba\u015fkan\u0131 Hakan P\u0131nar, AK Parti Biga \u0130l\u00e7e Ba\u015fkan\u0131 Ahmet \u015eahin, CHP Biga \u0130l\u00e7e Ba\u015fkan\u0131 Atilla Diren, MHP \u0130l\u00e7e Ba\u015fkan\u0131 Sadettin Saat, \u0130l Genel Meclis \u00dcyeleri, Belediye Meclis \u00dcyeleri, ya\u011fl\u0131 g\u00fcre\u015f a\u011falar\u0131, \u00e7ok say\u0131da protokol, il\u00e7e d\u0131\u015f\u0131ndan misafirler, binlerce Bigal\u0131, yerel ve ulusal bas\u0131n mensuplar\u0131 kat\u0131ld\u0131.<\/p>\n<p>B\u00fclent Erdo\u011fan: &#8220;Biga\u2019m\u0131z\u0131n kurtulu\u015fu hay\u0131rl\u0131, u\u011furlu olsun&#8221;<\/p>\n<p>M\u00fcsabakalar \u00f6ncesi bir a\u00e7\u0131l\u0131\u015f konu\u015fmas\u0131 yapan Biga Belediye Ba\u015fkan\u0131 B\u00fclent Erdo\u011fan, &#8220;Biga\u2019m\u0131z\u0131n 97. kurtulu\u015f y\u0131l d\u00f6n\u00fcm\u00fc etkinlikleri kapsam\u0131nda, bu y\u0131l ilk defa ya\u011fl\u0131 g\u00fcre\u015flerimizi hep birlikte ba\u015flatm\u0131\u015f bulunuyoruz. Ben \u00f6ncelikle t\u00fcm Bigal\u0131 hem\u015fehrilerim ad\u0131na, er meydan\u0131nda g\u00fcre\u015fecek olan, kol ba\u011flayacak olan t\u00fcm pehlivanlar\u0131m\u0131za Biga\u2019m\u0131za, \u00c7anakkale\u2019nin giri\u015f kap\u0131s\u0131, g\u00f6n\u00fcllerin \u015fehri Biga\u2019ya \u2019ho\u015f geldiniz\u2019 diyorum. \u0130n\u015fallah 1907 y\u0131l\u0131nda Biga\u2019m\u0131zda ba\u015flayan ya\u011fl\u0131 g\u00fcre\u015fler bug\u00fcn yeniden start alm\u0131\u015f olacak. Biga\u2019da son yap\u0131lan g\u00fcre\u015flerde g\u00fcre\u015f a\u011fam\u0131z olan rahmetli Mustafa amcam\u0131z\u0131 da rahmetle, minnetle an\u0131yoruz. Ayr\u0131ca bu topraklar\u0131 bize vatan yapan aziz \u015fehitlerimizi de rahmetle, minnetle an\u0131yoruz. Biga\u2019m\u0131z\u0131n kurtulu\u015fu hay\u0131rl\u0131, u\u011furlu olsun&#8221; ifadelerini kulland\u0131.<\/p>\n<p>Ba\u015fpehlivan Recep Kara oldu<\/p>\n<p>Binlerce g\u00fcre\u015fseverin ilgi ve co\u015fkuyla takip etti\u011fi 18 Eyl\u00fcl Biga Kurtulu\u015f G\u00fcre\u015fleri\u2019nde m\u00fcsabakalar minik, te\u015fvik, tozkoparan, ayak, deste, k\u00fc\u00e7\u00fck orta ve b\u00fcy\u00fck orta, ba\u015f alt\u0131 ve ba\u015f kategorilerinde ger\u00e7ekle\u015fti. Kule hakemlerinin \u00e7a\u011fr\u0131s\u0131yla sahaya gelen g\u00fcre\u015f\u00e7iler, \u00f6nce pe\u015frev \u00e7ekti, ard\u0131ndan pehlivanlar, rakibinin s\u0131rt\u0131n\u0131 yere getirmek i\u00e7in k\u0131yas\u0131ya m\u00fccadele etti. Ba\u015fpehlivanl\u0131k g\u00fcre\u015flerinin finalinde heyecan dolu k\u0131yas\u0131ya bir m\u00fccadele ya\u015fan\u0131rken rakibi \u0130smail Balaban\u2019\u0131 yere seren Recep Kara ba\u015fpehlivan oldu. \u00d6te yandan g\u00fcre\u015flerde kol ba\u011flayan Bigal\u0131 pehlivan Arif \u00c7evik de K\u00fc\u00e7\u00fck orta b\u00fcy\u00fck kategoride birinci oldu.<\/p>\n<p>Recep Kara alt\u0131n kemerin sahibi oldu<\/p>\n<p>Ba\u015fpehlivanl\u0131k g\u00fcre\u015fleri sonras\u0131 protokol \u00fcyeleri taraf\u0131ndan dereceye giren g\u00fcre\u015f\u00e7ilere \u00f6d\u00fclleri verildi. Biga Belediyesi Kurtulu\u015f G\u00fcn\u00fc G\u00fcre\u015fleri 2019 Y\u0131l\u0131 Ba\u015fpehlivan\u0131 Recep Kara\u2019ya alt\u0131n kemeri \u00c7anakkale Valisi Orhan Tavl\u0131 ve AK Parti \u00c7anakkale Milletvekili J\u00fclide \u0130skendero\u011flu takdim ederken, \u0130smail Balaban, Ali G\u00fcrb\u00fcz ve Fatih Atl\u0131\u2019ya madalyalar\u0131n\u0131 Biga Belediye Ba\u015fkan\u0131 B\u00fclent Erdo\u011fan, kupalar\u0131n\u0131 ise \u00c7anakkale Sava\u015flar\u0131 Gelibolu Tarih Alan Ba\u015fkan\u0131 \u0130smail Ka\u015fdemir ile Biga Cumhuriyet Ba\u015fsavc\u0131s\u0131 Bahri Yal\u00e7in\u00f6z verdi.<\/p>\n","protected":false},"excerpt":{"rendered":"<p>18 EYL\u00dcL B\u0130GA KURTULU\u015e G\u00dcN\u00dc YA\u011eLI G\u00dcRE\u015eLER\u0130&#8217;N\u0130N BA\u015ePEHL\u0130VANI, RAK\u0130B\u0130 \u0130SMA\u0130L BALABAN\u2019I F\u0130NALDE YENEN RECEP KARA OLDU. B\u0130GA\u2019DA YILLAR SONRA \u0130LK KEZ D\u00dcZENLENEN G\u00dcRE\u015eLER YO\u011eUN \u0130LG\u0130 G\u00d6RD\u00dc.<\/p>\n","protected":false},"author":1,"featured_media":204729,"comment_status":"closed","ping_status":"open","sticky":false,"template":"","format":"standard","meta":{"jetpack_post_was_ever_published":false,"_jetpack_newsletter_access":"","_jetpack_dont_email_post_to_subs":false,"_jetpack_newsletter_tier_id":0,"_jetpack_memberships_contains_paywalled_content":false,"_jetpack_memberships_contains_paid_content":false,"footnotes":"","jetpack_publicize_message":"","jetpack_publicize_feature_enabled":true,"jetpack_social_post_already_shared":true,"jetpack_social_options":{"image_generator_settings":{"template":"highway","default_image_id":0,"font":"","enabled":false},"version":2}},"categories":[657],"tags":[7753,6419,30145,2053,6192,77,647],"class_list":["post-204728","post","type-post","status-publish","format-standard","has-post-thumbnail","hentry","category-spor","tag-baspehlivan","tag-biga","tag-gureslerinde","tag-kara","tag-kurtulus","tag-oldu","tag-recep"],"jetpack_publicize_connections":[],"jetpack_featured_media_url":"https:\/\/i0.wp.com\/www.tvturk.com\/wp-content\/uploads\/2019\/09\/biga-kurtulus-gureslerinde-baspehlivan-recep-kara-oldu_f895fb9.jpg?fit=1000%2C666","jetpack_sharing_enabled":true,"jetpack_shortlink":"https:\/\/wp.me\/paKIfm-Rg4","_links":{"self":[{"href":"http:\/\/www.tvturk.com\/index.php\/wp-json\/wp\/v2\/posts\/204728","targetHints":{"allow":["GET"]}}],"collection":[{"href":"http:\/\/www.tvturk.com\/index.php\/wp-json\/wp\/v2\/posts"}],"about":[{"href":"http:\/\/www.tvturk.com\/index.php\/wp-json\/wp\/v2\/types\/post"}],"author":[{"embeddable":true,"href":"http:\/\/www.tvturk.com\/index.php\/wp-json\/wp\/v2\/users\/1"}],"replies":[{"embeddable":true,"href":"http:\/\/www.tvturk.com\/index.php\/wp-json\/wp\/v2\/comments?post=204728"}],"version-history":[{"count":0,"href":"http:\/\/www.tvturk.com\/index.php\/wp-json\/wp\/v2\/posts\/204728\/revisions"}],"wp:featuredmedia":[{"embeddable":true,"href":"http:\/\/www.tvturk.com\/index.php\/wp-json\/wp\/v2\/media\/204729"}],"wp:attachment":[{"href":"http:\/\/www.tvturk.com\/index.php\/wp-json\/wp\/v2\/media?parent=204728"}],"wp:term":[{"taxonomy":"category","embeddable":true,"href":"http:\/\/www.tvturk.com\/index.php\/wp-json\/wp\/v2\/categories?post=204728"},{"taxonomy":"post_tag","embeddable":true,"href":"http:\/\/www.tvturk.com\/index.php\/wp-json\/wp\/v2\/tags?post=204728"}],"curies":[{"name":"wp","href":"https:\/\/api.w.org\/{rel}","templated":true}]}}