{"id":204770,"date":"2019-09-19T09:32:03","date_gmt":"2019-09-19T06:32:03","guid":{"rendered":"http:\/\/www.tvturk.com\/index.php\/tedavisi-icin-saglik-bakanliginin-devreye-girdigi-engelli-tayfun-agriyan-disinden-kurtuldu\/"},"modified":"2019-09-19T09:32:03","modified_gmt":"2019-09-19T06:32:03","slug":"tedavisi-icin-saglik-bakanliginin-devreye-girdigi-engelli-tayfun-agriyan-disinden-kurtuldu","status":"publish","type":"post","link":"http:\/\/www.tvturk.com\/index.php\/tedavisi-icin-saglik-bakanliginin-devreye-girdigi-engelli-tayfun-agriyan-disinden-kurtuldu\/","title":{"rendered":"Tedavisi i\u00e7in Sa\u011fl\u0131k Bakanl\u0131\u011f\u0131\u2019n\u0131n devreye girdi\u011fi engelli Tayfun a\u011fr\u0131yan di\u015finden kurtuldu"},"content":{"rendered":"<p>Sa\u011fl\u0131k Bakanl\u0131\u011f\u0131\u2019n\u0131n devreye girmesiyle Artvin\u2019de 3 ayd\u0131r di\u015f a\u011fr\u0131s\u0131 \u00e7eken do\u011fu\u015ftan zihinsel engelli Tayfun Ata\u2019n\u0131n a\u011fr\u0131yan di\u015fi Trabzon\u2019da yap\u0131lan operasyonla \u00e7ekildi.<\/p>\n<p>Artvin\u2019de do\u011fu\u015ftan zihinsel engelli olan ve \u00fc\u00e7 ayd\u0131r di\u015f a\u011fr\u0131s\u0131 \u00e7eken Tayfun Ata (30), a\u011f\u0131z-di\u015f hastal\u0131klar\u0131 bak\u0131m\u0131ndan y\u00fcksek risk grubunda yer almas\u0131 nedeniyle di\u015fini \u00e7ektiremiyordu. Engelli o\u011flunun \u00e7ekti\u011fi a\u011fr\u0131lara dayanamayan anne G\u00fclten Ata \u00e7a\u011fr\u0131da bulunarak o\u011flunun tedavi edilmesini istedi. Anne Ata\u2019n\u0131n bu \u00e7a\u011fr\u0131s\u0131na kay\u0131ts\u0131z kalmayan Sa\u011fl\u0131k Bakanl\u0131\u011f\u0131, Tayfun\u2019un tedavi edilmesi i\u00e7in devreye girdi. Sa\u011fl\u0131k Bakanl\u0131\u011f\u0131 yetkililerinin ula\u015ft\u0131\u011f\u0131 Ata ailesi engelli o\u011fullar\u0131na tahlil yap\u0131lmas\u0131 i\u00e7in Trabzon\u2019daki Fatih Devlet Hastanesi\u2019ne sevk edildi. Annesi ve a\u011fabeyi ile birlikte hastaneye gelen Tayfun, burada tedavi edilerek a\u011fr\u0131lar\u0131ndan kurtuldu.<\/p>\n<p>Son nefesine kadar o\u011flunun yan\u0131nda olaca\u011f\u0131n\u0131 belirten anne G\u00fclten Ata, \u201cO\u011flum 3,5 ayd\u0131r di\u015f a\u011fr\u0131s\u0131 \u00e7ekiyordu. Daha \u00f6nce di\u015finin \u00e7ekilmesi i\u00e7in Artvin\u2019de Devlet Hastanesi\u2019ne, \u00f6zel hastaneye gittik hi\u00e7 biri \u00e7ekmedi. Sebebi  engelli oldu\u011fu i\u00e7in di\u015f koltu\u011funda oturam\u0131yor. Dolay\u0131s\u0131yla Artvin\u2019de \u00e7ekilmedi\u011fi i\u00e7in Erzurum\u2019a g\u00f6t\u00fcrd\u00fcm. Bizi oraya sevk ettiler. Oras\u0131 da bizi Ankara, \u0130stanbul\u2019a sevk etti. Ard\u0131ndan konunun bas\u0131nda yer almas\u0131 \u00fczerine Sa\u011fl\u0131k Bakanl\u0131\u011f\u0131 devreye girdi. Trabzon\u2019a g\u00f6nderdiler. Burada bizi krallar gibi kar\u015f\u0131lad\u0131lar. \u00c7ocu\u011fumun di\u015fi \u00e7ekildi. \u0130ki tanesi \u00e7ekildi geridekiler de yap\u0131lacak&#8221; dedi.<\/p>\n<p>A\u011fabey Serkan Bu\u011fra Ata ise \u201cKarde\u015fimin \u00fc\u00e7 ay \u00f6nce di\u015fi a\u011fr\u0131maya ba\u015flad\u0131. Bizde Artvin\u2019de doktora g\u00f6t\u00fcrd\u00fck. Di\u015fleri g\u00f6m\u00fcl\u00fc zannediliyordu.  A\u011f\u0131z \u00e7ene cerrahisi gerekiyormu\u015f, olmad\u0131\u011f\u0131 i\u00e7in Erzurum\u2019a sevk ettiler. Orda da tedavi ettiremeyince konu bas\u0131na yans\u0131d\u0131. Dayanma \u015fans\u0131 yoktu. Bizde Sa\u011fl\u0131k Bakanl\u0131\u011f\u0131\u2019na ba\u015fvuru yapt\u0131k. Sa\u011f olsunlar bize yard\u0131mc\u0131 oldular. \u00c7ok iyi \u015fekilde kar\u015f\u0131land\u0131k. \u015eu an di\u015f \u00e7ekimi yap\u0131ld\u0131. Taburcu olmay\u0131 bekliyoruz\u201d ifadelerini kulland\u0131.<\/p>\n","protected":false},"excerpt":{"rendered":"<p>SA\u011eLIK BAKANLI\u011eI\u2019NIN DEVREYE G\u0130RMES\u0130YLE ARTV\u0130N&#8217;DE 3 AYDIR D\u0130\u015e A\u011eRISI \u00c7EKEN DO\u011eU\u015eTAN Z\u0130H\u0130NSEL ENGELL\u0130 TAYFUN ATA, TRABZON\u2019DA YAPILAN OPERASYONLA D\u0130\u015e A\u011eRISINDAN KURTULDU.<\/p>\n","protected":false},"author":1,"featured_media":204771,"comment_status":"closed","ping_status":"open","sticky":false,"template":"","format":"standard","meta":{"jetpack_post_was_ever_published":false,"_jetpack_newsletter_access":"","_jetpack_dont_email_post_to_subs":false,"_jetpack_newsletter_tier_id":0,"_jetpack_memberships_contains_paywalled_content":false,"_jetpack_memberships_contains_paid_content":false,"footnotes":"","jetpack_publicize_message":"","jetpack_publicize_feature_enabled":true,"jetpack_social_post_already_shared":true,"jetpack_social_options":{"image_generator_settings":{"template":"highway","default_image_id":0,"font":"","enabled":false},"version":2}},"categories":[1],"tags":[51688,27297,18971,39944,1784,5550,44,6583,734,4644,6552],"class_list":["post-204770","post","type-post","status-publish","format-standard","has-post-thumbnail","hentry","category-genel","tag-agriyan","tag-bakanliginin","tag-devreye","tag-disinden","tag-engelli","tag-girdigi","tag-icin","tag-kurtuldu","tag-saglik","tag-tayfun","tag-tedavisi"],"jetpack_publicize_connections":[],"jetpack_featured_media_url":"https:\/\/i0.wp.com\/www.tvturk.com\/wp-content\/uploads\/2019\/09\/tedavisi-icin-saglik-bakanliginin-devreye-girdigi-engelli-tayfun-agriyan-disinden-kurtuldu_90d88e4.jpg?fit=1000%2C562","jetpack_sharing_enabled":true,"jetpack_shortlink":"https:\/\/wp.me\/paKIfm-RgK","_links":{"self":[{"href":"http:\/\/www.tvturk.com\/index.php\/wp-json\/wp\/v2\/posts\/204770","targetHints":{"allow":["GET"]}}],"collection":[{"href":"http:\/\/www.tvturk.com\/index.php\/wp-json\/wp\/v2\/posts"}],"about":[{"href":"http:\/\/www.tvturk.com\/index.php\/wp-json\/wp\/v2\/types\/post"}],"author":[{"embeddable":true,"href":"http:\/\/www.tvturk.com\/index.php\/wp-json\/wp\/v2\/users\/1"}],"replies":[{"embeddable":true,"href":"http:\/\/www.tvturk.com\/index.php\/wp-json\/wp\/v2\/comments?post=204770"}],"version-history":[{"count":0,"href":"http:\/\/www.tvturk.com\/index.php\/wp-json\/wp\/v2\/posts\/204770\/revisions"}],"wp:featuredmedia":[{"embeddable":true,"href":"http:\/\/www.tvturk.com\/index.php\/wp-json\/wp\/v2\/media\/204771"}],"wp:attachment":[{"href":"http:\/\/www.tvturk.com\/index.php\/wp-json\/wp\/v2\/media?parent=204770"}],"wp:term":[{"taxonomy":"category","embeddable":true,"href":"http:\/\/www.tvturk.com\/index.php\/wp-json\/wp\/v2\/categories?post=204770"},{"taxonomy":"post_tag","embeddable":true,"href":"http:\/\/www.tvturk.com\/index.php\/wp-json\/wp\/v2\/tags?post=204770"}],"curies":[{"name":"wp","href":"https:\/\/api.w.org\/{rel}","templated":true}]}}