{"id":204774,"date":"2019-09-19T09:32:15","date_gmt":"2019-09-19T06:32:15","guid":{"rendered":"http:\/\/www.tvturk.com\/index.php\/ozel-marmara-denizinden-sandalye-lastik-cikti-dalgiclar-saskina-dondu\/"},"modified":"2019-09-19T09:32:15","modified_gmt":"2019-09-19T06:32:15","slug":"ozel-marmara-denizinden-sandalye-lastik-cikti-dalgiclar-saskina-dondu","status":"publish","type":"post","link":"http:\/\/www.tvturk.com\/index.php\/ozel-marmara-denizinden-sandalye-lastik-cikti-dalgiclar-saskina-dondu\/","title":{"rendered":"(\u00d6zel) Marmara Denizi\u2019nden sandalye lastik \u00e7\u0131kt\u0131, dalg\u0131\u00e7lar \u015fa\u015fk\u0131na d\u00f6nd\u00fc"},"content":{"rendered":"<p>Kartal Sahili\u2019nde temizlik etkinli\u011fi i\u00e7in denize dalan dalg\u0131\u00e7lar g\u00f6rd\u00fckleri manzara kar\u015f\u0131s\u0131nda \u015fa\u015fk\u0131na d\u00f6nd\u00fc. Deniz dibinde sandalye, lastik bulan dalg\u0131\u00e7lar \u015fa\u015fk\u0131nl\u0131klar\u0131n\u0131 gizleyemezken, deniz canl\u0131lar\u0131n\u0131n \u00e7\u00f6plerin aras\u0131nda ya\u015fam sava\u015f\u0131 vermesi dalg\u0131\u00e7lar taraf\u0131ndan aksiyon kameras\u0131 ile g\u00f6r\u00fcnt\u00fclendi. Deniz dibinden \u00e7\u0131kar\u0131lan aralar\u0131nda sandalye, lastik ve \u00e7ok say\u0131da \u015fi\u015feyi g\u00f6renler vatanda\u015flar ise \u015fa\u015fk\u0131nl\u0131klar\u0131n\u0131 gizleyemedi.<\/p>\n<p>Kartal Belediyesi, 18 Eyl\u00fcl D\u00fcnya Su \u0130zleme G\u00fcn\u00fc dolay\u0131s\u0131 ile su kirlili\u011fine dikkat \u00e7ekti. Kartal Belediyesinin IST Marina AVM ve JCI Avrasya i\u015fbirli\u011finde \u2018Su Yoksa Hayat Yok\u2019 slogan\u0131yla d\u00fczenledi\u011fi etkinlikte Dream of Divers \u00fcyesi 10 \u00e7evreci dalg\u0131\u00e7, Kartal sahilinde dal\u0131\u015f yaparak deniz alt\u0131ndan at\u0131k toplad\u0131. Marmara Denizi\u2019ne dalan dalg\u0131\u00e7lar manzara kar\u015f\u0131s\u0131nda \u015fa\u015fk\u0131na d\u00f6nd\u00fc. Deniz dibinde lastik , \u015fi\u015fe, hatta sandalye bulan dalg\u0131\u00e7lar uzun u\u011fra\u015flar sonras\u0131 \u00e7\u00f6pleri d\u0131\u015far\u0131 \u00e7\u0131kard\u0131. Bu anlar\u0131 dalg\u0131\u00e7lar taraf\u0131ndan aksiyon kameras\u0131yla g\u00f6r\u00fcnt\u00fclendi.<\/p>\n<p>Su alt\u0131ndaki g\u00f6r\u00fcnt\u00fcler nefes kesti<\/p>\n<p>\u00d6te yandan, dalg\u0131\u00e7lar\u0131n \u00e7\u00f6p ve at\u0131k arama faaliyeti s\u0131ras\u0131nda su alt\u0131nda \u00e7ekilen g\u00f6r\u00fcnt\u00fcler, su alt\u0131nda ya\u015fayan canl\u0131lar\u0131n at\u0131k maddeler aras\u0131ndaki zorlu ya\u015fam\u0131n\u0131 g\u00f6zler \u00f6n\u00fcne serdi. Su alt\u0131 kameras\u0131na tak\u0131lan yenge\u00e7, denizkestanesi, zurna  bal\u0131\u011f\u0131 gibi k\u0131y\u0131 canl\u0131lar\u0131n\u0131n hareketleri bir yandan heyecana neden olurken, bir yandan da \u00e7\u00f6p ve at\u0131k maddeler nedeniyle bozulan ya\u015fam dengeleri g\u00f6z \u00f6n\u00fcne al\u0131nd\u0131\u011f\u0131nda, ya\u015fam m\u00fccadeleleri izleyenleri \u00fczd\u00fc. Zurna bal\u0131\u011f\u0131n\u0131n uzun s\u00fcre kameradan ka\u00e7mamas\u0131 nedeniyle renkli g\u00f6r\u00fcnt\u00fcler ortaya \u00e7\u0131kt\u0131. Etkinlikte su alt\u0131ndan torbalar dolusu at\u0131k \u00e7\u0131kar\u0131l\u0131rken sandalye, \u00e7apa, ip, cam \u015fi\u015fe, plastik \u015fi\u015fe ve metal i\u00e7ecek kutular\u0131 dikkat \u00e7ekti. Kartal Belediyesi, IST Marina AVM ve JCI Avrasya y\u00f6neticileri ile dalg\u0131\u00e7lar\u0131n kat\u0131ld\u0131\u011f\u0131 etkinlik i\u00e7in dal\u0131\u015f\u0131n yap\u0131ld\u0131\u011f\u0131 alana gelen ortaokul \u00f6\u011frencileri, denizden \u00e7\u0131kar\u0131lan \u00e7\u00f6pleri \u015fa\u015fk\u0131nl\u0131kla izledi. \u00d6te yandan etkinli\u011fe, \u015fark\u0131c\u0131 Ezgi Ay\u00e7e de destek verdi.<\/p>\n<p>Etkinlik alan\u0131nda \u00f6\u011frencilerin sundu\u011fu g\u00f6sterilerin s\u0131ras\u0131nda b\u00fcy\u00fcklerine, kendilerine temiz bir d\u00fcnya b\u0131rakmalar\u0131 \u00e7a\u011fr\u0131s\u0131nda bulunan 100. Y\u0131l Ali R\u0131za Efendi Ortaokulu 7. S\u0131n\u0131f \u00f6\u011frencisi Tu\u011fba Ak\u0131n, \u201cYa\u015fanabilir, temiz, kirlenmemi\u015f bir d\u00fcnya istiyorum. Plastiklerle, \u00e7\u00f6plerle dolu bir d\u00fcnyada ya\u015fanmaz. Onun i\u00e7in temiz bir d\u00fcnya b\u0131rak\u0131lmas\u0131 gerek\u201d dedi. Ayn\u0131 okulda e\u011fitim g\u00f6ren ve ayn\u0131 \u00e7a\u011fr\u0131y\u0131 yapan 7. S\u0131n\u0131f \u00f6\u011frencisi \u00c7a\u011fda\u015f K\u00fcrek\u00e7i ise, \u201cBuraya, Kartal sahiline geldi\u011fimizde temiz bir \u00e7evre b\u0131rakmalar\u0131n\u0131 istiyorum. Denizi kirletmemelerini istiyorum. Temiz sular\u0131m\u0131z\u0131n olmas\u0131n\u0131 istiyorum. \u0130leride ya\u015fayamayaca\u011f\u0131m\u0131z bir d\u00fcnyada olmak istemiyorum\u201d diye konu\u015ftu.<\/p>\n<p>G\u00f6sterilerin ard\u0131ndan Dream of Divers \u00fcyesi 10 \u00e7evreci dalg\u0131\u00e7 haz\u0131rl\u0131klar\u0131na ba\u015flad\u0131. Bu s\u0131rada \u0130HA\u2019ya konu\u015fan Dream of Divers Dal\u0131\u015f Merkezi Kurucusu ve Dal\u0131\u015f E\u011fitmeni Sava\u015f Bak\u0131rta\u015f, \u201cBug\u00fcn Kartal Belediyesi ile birlikte, \u00e7evre bilincini artt\u0131rmak ve su alt\u0131 temizli\u011fi i\u00e7in bir araya geldik. Bunu 2 sene \u00f6nce de yapm\u0131\u015ft\u0131k. Bu sene de tekrar\u0131n\u0131 yapaca\u011f\u0131z. G\u00fczel bir aktivite oluyor, suyun alt\u0131ndan \u00e7ok ilgin\u00e7 \u015feyler \u00e7\u0131karabiliyoruz. Umar\u0131m \u00e7evre bilincini biraz daha yaym\u0131\u015f oluruz ve suyun alt\u0131n\u0131 biraz daha temiz tutar\u0131z\u201d dedi.<\/p>\n<p>\u00d6\u011frenciler \u00e7\u0131kan at\u0131klar\u0131 hayretle izledi<\/p>\n<p>\u00d6zel k\u0131yafetlerini giyip haz\u0131rl\u0131klar\u0131n\u0131 tamamlayan dalg\u0131\u00e7lar, su alt\u0131ndaki \u00e7\u00f6pleri toplayacaklar\u0131 k\u0131rm\u0131z\u0131 torbalar\u0131 yanlar\u0131na alarak suya girdiler. Dalg\u0131\u00e7lar\u0131n suya dal\u0131\u015flar\u0131 \u00f6ncesinde su y\u00fczeyindeki son haz\u0131rl\u0131klar\u0131 ve etkinlik alan\u0131, \u0130HA taraf\u0131ndan havadan g\u00f6r\u00fcnt\u00fclendi. Alandaki \u00f6\u011frenciler, dalg\u0131\u00e7lar\u0131n su alt\u0131ndaki hareketleri s\u0131ras\u0131nda su y\u00fczeyine \u00e7\u0131kan baloncuklar\u0131 merakl\u0131 g\u00f6zlerle izledi. Su alt\u0131nda bir s\u00fcre \u00e7\u00f6p ve at\u0131k madde toplayan dalg\u0131\u00e7lar geri d\u00f6nd\u00fcklerinde beraberinde getirdikleri \u00e7\u00f6pler ise hayret uyand\u0131rd\u0131. \u00d6\u011frenciler merakl\u0131 g\u00f6zlerle denizden \u00e7\u0131kanlar\u0131 izlerken, beraberinde bir torba \u00e7\u00f6p \u00e7\u0131karak dalg\u0131\u00e7 Mesut \u00d6zdin\u00e7, \u201cBizim dal\u0131\u015f\u0131m\u0131z keyifliydi ama bu kadar kirlilik olmasayd\u0131 daha iyi olurdu. Sular\u0131m\u0131z\u0131 korumam\u0131z laz\u0131m\u201d diye konu\u015ftu. Denizden \u00e7\u0131kar\u0131lan at\u0131klar etkinlik alan\u0131na serilerek bir s\u00fcre sergilendi. At\u0131klar aras\u0131nda sandalye, ara\u00e7 lasti\u011fi, ip, alkol ve me\u015frubat \u015fi\u015feleri ile metal kutular dikkat \u00e7ekti. \u00d6\u011frenciler ise at\u0131k maddeleri \u00fcz\u00fcnt\u00fc ve hayret i\u00e7erisinde izledi.<\/p>\n<p>\u2018Kirletmezsek, temizlemeye gerek kalmaz\u2019<\/p>\n<p>Etkinlikle ilgili bilgi veren Kartal Belediyesi \u00c7evre Koruma ve Kontrol M\u00fcd\u00fcr\u00fc Dilek Kars, \u201c\u00c7\u0131kan at\u0131klar\u0131 g\u00f6rd\u00fcn\u00fcz. Her t\u00fcrl\u00fc at\u0131\u011f\u0131n yan\u0131nda \u00f6zellikle cam \u015fi\u015felerin \u00e7ok yo\u011fun oldu\u011funu g\u00f6r\u00fcyorsunuz. Bu tarz \u00e7al\u0131\u015fmalar\u0131m\u0131z devam edecek. Belediye Ba\u015fkan\u0131m\u0131z Say\u0131n G\u00f6khan Y\u00fcksel bu tarz \u00e7al\u0131\u015fmalar\u0131 olduk\u00e7a destekliyor. Onun vizyonunda ve \u00f6nc\u00fcl\u00fc\u011f\u00fcnde bu \u00e7al\u0131\u015fmalara devam edece\u011fiz. Ama aslolan \u015fey temizlemek de\u011fil, kirletmemek. Kirletmezsek, temizlemeye de gerek kalmayacak\u201d dedi.<\/p>\n<p>JCI Avrasya 2020 Ba\u015fkan\u0131 Filiz T\u00fcfek, \u201cBug\u00fcn 18 Eyl\u00fcl ve D\u00fcnya Su \u0130zleme G\u00fcn\u00fc.  Bu y\u00fczden biz de su kirlili\u011fine kar\u015f\u0131 fark\u0131ndal\u0131k kazand\u0131rmak amac\u0131yla buraday\u0131z. Kartal Belediyesi vizyoner bir ekip oldu\u011fu i\u00e7in onlarla beraber bu t\u00fcr \u00e7al\u0131\u015fmalara kat\u0131lmaktan \u00e7ok keyif al\u0131yoruz. Bu etkinlikte bize payda\u015f olarak yer veren Belediye Ba\u015fkan\u0131 G\u00f6khan Y\u00fcksel\u2019e de \u00e7ok te\u015fekk\u00fcr ediyoruz\u201d diye konu\u015ftu.<\/p>\n<p>IST Marina AVM M\u00fcd\u00fcr\u00fc Melih \u00c7evik ise \u201cAl\u0131\u015fveri\u015f Merkezi olarak bu etkinli\u011fe ula\u015f\u0131m ve g\u00f6rsel deste\u011fi sa\u011fl\u0131yoruz. Kartal Belediyesi ile beraber \u00e7ocuklar\u0131 buraya hem temizlik anlam\u0131nda bilgilendirmek, hem de temizli\u011fin nas\u0131l yap\u0131ld\u0131\u011f\u0131n\u0131 anlatabilmek ad\u0131na getirdik. \u0130n\u015fallah daha da pozitif \u015feyler sa\u011flamak amac\u0131nday\u0131z. \u00c7evre ve sa\u011fl\u0131\u011fa \u00e7ok duyarl\u0131y\u0131z, in\u015fallah daha g\u00fczel \u00e7al\u0131\u015fmalar da yapaca\u011f\u0131z\u201d ifadelerini kulland\u0131.<\/p>\n<p>Etkinlik sonunda Kartal Belediyesi y\u00f6neticileri taraf\u0131ndan Dream of Divers, IST Marina AVM ve JCI Avrasya temsilcileri ile \u015fark\u0131c\u0131 Ezgi Ay\u00e7e\u2019ye plaket takdim edildi. Toplu foto\u011fraf \u00e7ekilmesinin ard\u0131ndan etkinlik sona erdi.<\/p>\n","protected":false},"excerpt":{"rendered":"<p>MARMARA DEN\u0130Z\u0130&#8217;NE DALAN DALGI\u00c7LAR MANZARA KAR\u015eISINDA \u015eA\u015eKINA D\u00d6ND\u00dc. DEN\u0130Z D\u0130B\u0130NDE LAST\u0130K , \u015e\u0130\u015eE, HATTA SANDALYE BULAN DALGI\u00c7LAR UZUN U\u011eRA\u015eLAR SONRASI \u00c7\u00d6PLER\u0130 DI\u015eARI \u00c7IKARDI. BU ANLARI DALGI\u00c7LAR TARAFINDAN AKS\u0130YON KAMERASIYLA G\u00d6R\u00dcNT\u00dcLEND\u0130.<\/p>\n","protected":false},"author":1,"featured_media":204775,"comment_status":"closed","ping_status":"open","sticky":false,"template":"","format":"standard","meta":{"jetpack_post_was_ever_published":false,"_jetpack_newsletter_access":"","_jetpack_dont_email_post_to_subs":false,"_jetpack_newsletter_tier_id":0,"_jetpack_memberships_contains_paywalled_content":false,"_jetpack_memberships_contains_paid_content":false,"footnotes":"","jetpack_publicize_message":"","jetpack_publicize_feature_enabled":true,"jetpack_social_post_already_shared":true,"jetpack_social_options":{"image_generator_settings":{"template":"highway","default_image_id":0,"font":"","enabled":false},"version":2}},"categories":[1],"tags":[1073,1202,39496,51689,990,13767,6952,6121,18821],"class_list":["post-204774","post","type-post","status-publish","format-standard","has-post-thumbnail","hentry","category-genel","tag-ozel","tag-cikti","tag-dalgiclar","tag-denizinden","tag-dondu","tag-lastik","tag-marmara","tag-sandalye","tag-saskina"],"jetpack_publicize_connections":[],"jetpack_featured_media_url":"https:\/\/i0.wp.com\/www.tvturk.com\/wp-content\/uploads\/2019\/09\/ozel-marmara-denizinden-sandalye-lastik-cikti-dalgiclar-saskina-dondu_e18e31c.jpg?fit=1000%2C750","jetpack_sharing_enabled":true,"jetpack_shortlink":"https:\/\/wp.me\/paKIfm-RgO","_links":{"self":[{"href":"http:\/\/www.tvturk.com\/index.php\/wp-json\/wp\/v2\/posts\/204774","targetHints":{"allow":["GET"]}}],"collection":[{"href":"http:\/\/www.tvturk.com\/index.php\/wp-json\/wp\/v2\/posts"}],"about":[{"href":"http:\/\/www.tvturk.com\/index.php\/wp-json\/wp\/v2\/types\/post"}],"author":[{"embeddable":true,"href":"http:\/\/www.tvturk.com\/index.php\/wp-json\/wp\/v2\/users\/1"}],"replies":[{"embeddable":true,"href":"http:\/\/www.tvturk.com\/index.php\/wp-json\/wp\/v2\/comments?post=204774"}],"version-history":[{"count":0,"href":"http:\/\/www.tvturk.com\/index.php\/wp-json\/wp\/v2\/posts\/204774\/revisions"}],"wp:featuredmedia":[{"embeddable":true,"href":"http:\/\/www.tvturk.com\/index.php\/wp-json\/wp\/v2\/media\/204775"}],"wp:attachment":[{"href":"http:\/\/www.tvturk.com\/index.php\/wp-json\/wp\/v2\/media?parent=204774"}],"wp:term":[{"taxonomy":"category","embeddable":true,"href":"http:\/\/www.tvturk.com\/index.php\/wp-json\/wp\/v2\/categories?post=204774"},{"taxonomy":"post_tag","embeddable":true,"href":"http:\/\/www.tvturk.com\/index.php\/wp-json\/wp\/v2\/tags?post=204774"}],"curies":[{"name":"wp","href":"https:\/\/api.w.org\/{rel}","templated":true}]}}