{"id":204818,"date":"2019-09-19T10:46:12","date_gmt":"2019-09-19T07:46:12","guid":{"rendered":"http:\/\/www.tvturk.com\/index.php\/bakan-cavusoglu-macar-mevkidasi-szijjarto-ile-gorustu\/"},"modified":"2019-09-19T10:46:12","modified_gmt":"2019-09-19T07:46:12","slug":"bakan-cavusoglu-macar-mevkidasi-szijjarto-ile-gorustu","status":"publish","type":"post","link":"http:\/\/www.tvturk.com\/index.php\/bakan-cavusoglu-macar-mevkidasi-szijjarto-ile-gorustu\/","title":{"rendered":"Bakan \u00c7avu\u015fo\u011flu, Macar mevkida\u015f\u0131 Szijjarto ile g\u00f6r\u00fc\u015ft\u00fc"},"content":{"rendered":"<p>D\u0131\u015fi\u015fleri Bakan\u0131 Mevl\u00fct \u00c7avu\u015fo\u011flu, Macaristan\u2019\u0131n ba\u015fkenti Budape\u015fte\u2019de Macar mevkida\u015f\u0131 Peter Szijjarto ile g\u00f6r\u00fc\u015ft\u00fc.<\/p>\n<p>T\u00fcrk Dili Konu\u015fan \u00dclkeler \u0130\u015fbirli\u011fi Konseyi (T\u00fcrk Konseyi) Budape\u015fte Ofisinin a\u00e7\u0131l\u0131\u015f\u0131na kat\u0131lmak \u00fczere Macaristan\u2019\u0131n ba\u015fkenti Budape\u015fte\u2019de bulunan D\u0131\u015fi\u015fleri Bakan\u0131 Mevl\u00fct \u00c7avu\u015fo\u011flu, Macaristan D\u0131\u015fi\u015fleri ve Ticaret Bakan\u0131 Peter Szijjarto ile bir araya geldi.<\/p>\n<p>T\u00fcrk Konseyi\u2019nin a\u00e7\u0131l\u0131\u015f\u0131na T\u00fcrk Konseyi \u00fcyesi Azerbaycan, Kazakistan ve K\u0131rg\u0131zistan\u2019\u0131n yan\u0131 s\u0131ra, g\u00f6zlemci \u00fcye Macaristan\u2019\u0131n D\u0131\u015fi\u015fleri Bakanlar\u0131 kat\u0131lacak. Bakan \u00c7avu\u015fo\u011flu\u2019nun temaslar\u0131 kapsam\u0131nda Macaristan Ba\u015fbakan\u0131 Viktor Orban taraf\u0131ndan kabul edilmesi bekleniyor.<\/p>\n","protected":false},"excerpt":{"rendered":"<p>DI\u015e\u0130\u015eLER\u0130 BAKANI MEVL\u00dcT \u00c7AVU\u015eO\u011eLU, MACAR\u0130STAN\u2019IN BA\u015eKENT\u0130 BUDAPE\u015eTE\u2019DE MACAR MEVK\u0130DA\u015eI PETER SZ\u0130JJARTO \u0130LE G\u00d6R\u00dc\u015eT\u00dc.<\/p>\n","protected":false},"author":1,"featured_media":204819,"comment_status":"closed","ping_status":"open","sticky":false,"template":"","format":"standard","meta":{"jetpack_post_was_ever_published":false,"_jetpack_newsletter_access":"","_jetpack_dont_email_post_to_subs":false,"_jetpack_newsletter_tier_id":0,"_jetpack_memberships_contains_paywalled_content":false,"_jetpack_memberships_contains_paid_content":false,"footnotes":"","jetpack_publicize_message":"","jetpack_publicize_feature_enabled":true,"jetpack_social_post_already_shared":true,"jetpack_social_options":{"image_generator_settings":{"template":"highway","default_image_id":0,"font":"","enabled":false},"version":2}},"categories":[10],"tags":[742,1499,316,192,9769,12542,51703],"class_list":["post-204818","post","type-post","status-publish","format-standard","has-post-thumbnail","hentry","category-dunya","tag-bakan","tag-cavusoglu","tag-gorustu","tag-ile","tag-macar","tag-mevkidasi","tag-szijjarto"],"jetpack_publicize_connections":[],"jetpack_featured_media_url":"https:\/\/i0.wp.com\/www.tvturk.com\/wp-content\/uploads\/2019\/09\/bakan-cavusoglu-macar-mevkidasi-szijjarto-ile-gorustu_8270ffd.jpg?fit=1000%2C712","jetpack_sharing_enabled":true,"jetpack_shortlink":"https:\/\/wp.me\/paKIfm-Rhw","_links":{"self":[{"href":"http:\/\/www.tvturk.com\/index.php\/wp-json\/wp\/v2\/posts\/204818","targetHints":{"allow":["GET"]}}],"collection":[{"href":"http:\/\/www.tvturk.com\/index.php\/wp-json\/wp\/v2\/posts"}],"about":[{"href":"http:\/\/www.tvturk.com\/index.php\/wp-json\/wp\/v2\/types\/post"}],"author":[{"embeddable":true,"href":"http:\/\/www.tvturk.com\/index.php\/wp-json\/wp\/v2\/users\/1"}],"replies":[{"embeddable":true,"href":"http:\/\/www.tvturk.com\/index.php\/wp-json\/wp\/v2\/comments?post=204818"}],"version-history":[{"count":0,"href":"http:\/\/www.tvturk.com\/index.php\/wp-json\/wp\/v2\/posts\/204818\/revisions"}],"wp:featuredmedia":[{"embeddable":true,"href":"http:\/\/www.tvturk.com\/index.php\/wp-json\/wp\/v2\/media\/204819"}],"wp:attachment":[{"href":"http:\/\/www.tvturk.com\/index.php\/wp-json\/wp\/v2\/media?parent=204818"}],"wp:term":[{"taxonomy":"category","embeddable":true,"href":"http:\/\/www.tvturk.com\/index.php\/wp-json\/wp\/v2\/categories?post=204818"},{"taxonomy":"post_tag","embeddable":true,"href":"http:\/\/www.tvturk.com\/index.php\/wp-json\/wp\/v2\/tags?post=204818"}],"curies":[{"name":"wp","href":"https:\/\/api.w.org\/{rel}","templated":true}]}}