{"id":204876,"date":"2019-09-19T12:02:42","date_gmt":"2019-09-19T09:02:42","guid":{"rendered":"http:\/\/www.tvturk.com\/index.php\/turk-muziginde-sultan-i-yegah-ahmet-niyazi-sengul\/"},"modified":"2019-09-19T12:02:42","modified_gmt":"2019-09-19T09:02:42","slug":"turk-muziginde-sultan-i-yegah-ahmet-niyazi-sengul","status":"publish","type":"post","link":"http:\/\/www.tvturk.com\/index.php\/turk-muziginde-sultan-i-yegah-ahmet-niyazi-sengul\/","title":{"rendered":"T\u00fcrk m\u00fczi\u011finde Sultan-i Yegah: Ahmet Niyazi \u015eeng\u00fcl"},"content":{"rendered":"<p>T\u00fcrk m\u00fczi\u011fine 70\u2019in \u00fczerinde eser kazand\u0131ran &#8220;Sultan-i Yegah&#8221; (T\u00fcrk musikisinde bir makam) unvan\u0131yla an\u0131lan bestekar Ahmet Niyazi \u015eeng\u00fcl, 8. \u00f6l\u00fcm y\u0131l d\u00f6n\u00fcm\u00fcnde yad ediliyor.<\/p>\n<p>Karab\u00fck\u2019\u00fcn Safranbolu il\u00e7esinde 1926\u2019da d\u00fcnyaya gelen bestekar Ahmet Niyazi \u015eeng\u00fcl, ilkokul \u00f6\u011fretmeni Seniha Tansu\u2019dan etkilenerek m\u00fczi\u011fe ilgi duymaya ba\u015flad\u0131. 24 ya\u015f\u0131nda ilk bestesini yapan \u015eeng\u00fcl, Karab\u00fck\u2019te k\u00fc\u00e7\u00fck bir d\u00fckkanda kuru kahve sat\u0131c\u0131l\u0131\u011f\u0131 yaparak hayat\u0131n\u0131 devam ettirdi.<\/p>\n<p>Ailesinden gizli ba\u015flad\u0131\u011f\u0131 m\u00fczik \u00e7al\u0131\u015fmalar\u0131nda 70\u2019in \u00fczerinde TRT denetiminden ge\u00e7mi\u015f beste yapan \u015eeng\u00fcl\u2019\u00fcn hayat\u0131, Karab\u00fck \u00dcniversitesi (KB\u00dc) Safranbolu Meslek Y\u00fcksekokulu Radyo Televizyon Program\u0131 B\u00f6l\u00fcm\u00fc taraf\u0131ndan belgesel haline getirildi.<\/p>\n<p>&#8220;Ta\u015ft\u0131n Yine Deli G\u00f6n\u00fcl&#8221;, &#8220;Y\u0131lda Bir Olsa da&#8221;, &#8220;A\u015fk Ate\u015finden Yanmakta \u0130nan&#8221;, &#8220;Sanma Sak\u0131n Unuttum&#8221; gibi besteleri bulunan \u015eeng\u00fcl, Safranbolu i\u00e7in kale ald\u0131\u011f\u0131 \u2019Sen Ne G\u00fczel Beldesin\u2019 \u015fark\u0131s\u0131yla &#8220;Sultan-i Yegah&#8221; lakab\u0131n\u0131 ald\u0131.<\/p>\n<p>Kent \u00fczerine ara\u015ft\u0131rmalar yaparak kitaplar yazan Aytekin Ku\u015f, Niyazi \u015eeng\u00fcl ile ilgili &#8220;T\u00fcrk M\u00fczi\u011finde Niyazi \u015eeng\u00fcl&#8221; adl\u0131 bir kitap derledi.<\/p>\n<p>&#8220;\u015eeng\u00fcl T\u00fcrk musikisine 70\u2019e yak\u0131n eser arma\u011fan etti&#8221;<\/p>\n<p>Ara\u015ft\u0131rmac\u0131-yazar Aytekin Ku\u015f, \u0130hlas Haber Ajans\u0131 (\u0130HA) muhabirine yapt\u0131\u011f\u0131 a\u00e7\u0131klamada, Safranbolulu bestekar Ahmet Niyazi \u015eeng\u00fcl\u2019\u00fc 8. \u00f6l\u00fcm y\u0131l d\u00f6n\u00fcm\u00fcnde rahmetle, sayg\u0131yla ve \u00f6zlemle and\u0131\u011f\u0131n\u0131 s\u00f6yledi. \u015eeng\u00fcl\u2019\u00fcn as\u0131l mesle\u011finin kuru kahvecilik oldu\u011funu ifade eden Ku\u015f, &#8220;\u0130lkokulda \u00f6\u011fretmeni Seniha Tansu\u2019dan \u00e7ok etkilenmek suretiyle m\u00fczi\u011fe ilgi duyuyor. Asl\u0131nda babas\u0131 ailenin m\u00fczik tutkusuna izin vermemesi gerekiyor. Ancak bu sevginin ilerde b\u00fcy\u00fck bir sanatkar\u0131n olu\u015fmas\u0131na ailenin r\u0131za g\u00f6stermesiyle Niyazi \u015eeng\u00fcl \u00f6nce g\u00fcfte daha sonra besteyle T\u00fcrk musikisine 70\u2019e yak\u0131n eser arma\u011fan etti. Bunlardan en \u00f6nemlisi i\u00e7in Safranbolu \u015fark\u0131s\u0131n\u0131 s\u00f6yleyebilirim. \u2019Sen ne g\u00fczel beldesin\u2019 diye ba\u015flar, TRT\u2019de Sultan-i Yegah makam\u0131nda \u00e7al\u0131n\u0131yor. Niyazi \u015eeng\u00fcl\u2019\u00fcn lakab\u0131 da \u2019Sultan-i Yegah Niyazi.\u2019 Safranbolu \u015fark\u0131s\u0131n\u0131n beklentimiz festivallerde, \u00f6zel g\u00fcnlerde, genel g\u00fcnlerde Safranbolu halk\u0131yla payla\u015f\u0131lmas\u0131&#8221; dedi.<\/p>\n<p>TRT denetiminde ge\u00e7mi\u015f 70 eser<\/p>\n<p>\u015eeng\u00fcl\u2019\u00fcn eserlerinin g\u00fczellik ve derinlik bak\u0131m\u0131ndan \u00f6nemli eserler oldu\u011funu aktaran Ku\u015f, \u015funlar\u0131 kaydetti:<\/p>\n<p>&#8220;Safranbolu \u015fark\u0131s\u0131 o kadar \u00fcnl\u00fc ki, Niyazi \u015eeng\u00fcl\u2019\u00fcn Sultan-i Yegah makam\u0131nda yapt\u0131\u011f\u0131 eserler anlayan i\u00e7in ola\u011fan \u00fcst\u00fc g\u00fczellik ve derinlikte. \u2019T\u00fcrk M\u00fczi\u011finde Niyazi \u015eeng\u00fcl\u2019 ismiyle 2009\u2019da sa\u011fl\u0131\u011f\u0131nda kendisini kitapla\u015ft\u0131rd\u0131m. Burada 20 tane yap\u0131t\u0131 g\u00f6rmek m\u00fcmk\u00fcn. TRT denetiminde ge\u00e7mi\u015f, 70\u2019e yak\u0131n eseri var, hepsi tescilli. Niyazi \u015eeng\u00fcl\u2019\u00fcn T\u00fcrk\u00e7eye egemenli\u011fi hem de sanat ruhu, tambur ve benzeri m\u00fczik aletlerini kullanmas\u0131, yetenek bak\u0131m\u0131ndan Allah vergisi, bunu \u00e7ok iyi de\u011ferlendirmi\u015f. \u2019Sultan-i Yegah\u2019 T\u00fcrk m\u00fczi\u011finde g\u00fczel makamlardan birisidir, H\u00fczzam vard\u0131. Sultan-i Yegah da bunlardan birisidir. Sultani Yegah makam\u0131nda o kadar \u00fcnl\u00fc ki, TRT camias\u0131nda T\u00fcrk sanat m\u00fczi\u011finde genel lakab\u0131 \u2019Sultani Yegah Niyazi\u2019dir.&#8221;<\/p>\n","protected":false},"excerpt":{"rendered":"<p>T\u00dcRK M\u00dcZ\u0130\u011e\u0130NE 70&#8217;\u0130N \u00dcZER\u0130NDE ESER KAZANDIRAN &#8220;SULTAN-\u0130 YEGAH&#8221; (T\u00dcRK MUS\u0130K\u0130S\u0130NDE B\u0130R MAKAM) UNVANIYLA ANILAN BESTEKAR AHMET N\u0130YAZ\u0130 \u015eENG\u00dcL, 8. \u00d6L\u00dcM YIL D\u00d6N\u00dcM\u00dcNDE YAD ED\u0130L\u0130YOR.<\/p>\n","protected":false},"author":1,"featured_media":204877,"comment_status":"closed","ping_status":"open","sticky":false,"template":"","format":"standard","meta":{"jetpack_post_was_ever_published":false,"_jetpack_newsletter_access":"","_jetpack_dont_email_post_to_subs":false,"_jetpack_newsletter_tier_id":0,"_jetpack_memberships_contains_paywalled_content":false,"_jetpack_memberships_contains_paid_content":false,"footnotes":"","jetpack_publicize_message":"","jetpack_publicize_feature_enabled":true,"jetpack_social_post_already_shared":true,"jetpack_social_options":{"image_generator_settings":{"template":"highway","default_image_id":0,"font":"","enabled":false},"version":2}},"categories":[656],"tags":[3634,51720,37203,51723,51721,957,51722],"class_list":["post-204876","post","type-post","status-publish","format-standard","has-post-thumbnail","hentry","category-kultur-sanat","tag-ahmet","tag-muziginde","tag-niyazi","tag-sengul","tag-sultan-i","tag-turk","tag-yegah"],"jetpack_publicize_connections":[],"jetpack_featured_media_url":"https:\/\/i0.wp.com\/www.tvturk.com\/wp-content\/uploads\/2019\/09\/turk-muziginde-sultan-i-yegah-ahmet-niyazi-sengul_fd91ece.jpg?fit=1000%2C666","jetpack_sharing_enabled":true,"jetpack_shortlink":"https:\/\/wp.me\/paKIfm-Ris","_links":{"self":[{"href":"http:\/\/www.tvturk.com\/index.php\/wp-json\/wp\/v2\/posts\/204876","targetHints":{"allow":["GET"]}}],"collection":[{"href":"http:\/\/www.tvturk.com\/index.php\/wp-json\/wp\/v2\/posts"}],"about":[{"href":"http:\/\/www.tvturk.com\/index.php\/wp-json\/wp\/v2\/types\/post"}],"author":[{"embeddable":true,"href":"http:\/\/www.tvturk.com\/index.php\/wp-json\/wp\/v2\/users\/1"}],"replies":[{"embeddable":true,"href":"http:\/\/www.tvturk.com\/index.php\/wp-json\/wp\/v2\/comments?post=204876"}],"version-history":[{"count":0,"href":"http:\/\/www.tvturk.com\/index.php\/wp-json\/wp\/v2\/posts\/204876\/revisions"}],"wp:featuredmedia":[{"embeddable":true,"href":"http:\/\/www.tvturk.com\/index.php\/wp-json\/wp\/v2\/media\/204877"}],"wp:attachment":[{"href":"http:\/\/www.tvturk.com\/index.php\/wp-json\/wp\/v2\/media?parent=204876"}],"wp:term":[{"taxonomy":"category","embeddable":true,"href":"http:\/\/www.tvturk.com\/index.php\/wp-json\/wp\/v2\/categories?post=204876"},{"taxonomy":"post_tag","embeddable":true,"href":"http:\/\/www.tvturk.com\/index.php\/wp-json\/wp\/v2\/tags?post=204876"}],"curies":[{"name":"wp","href":"https:\/\/api.w.org\/{rel}","templated":true}]}}