{"id":20502,"date":"2019-02-11T11:07:47","date_gmt":"2019-02-11T08:07:47","guid":{"rendered":"http:\/\/www.tvturk.com\/index.php\/kurtulusun-renkleri-sergisi\/"},"modified":"2019-02-11T11:07:49","modified_gmt":"2019-02-11T08:07:49","slug":"kurtulusun-renkleri-sergisi","status":"publish","type":"post","link":"http:\/\/www.tvturk.com\/index.php\/kurtulusun-renkleri-sergisi\/","title":{"rendered":"&#8220;Kurtulu\u015fun Renkleri&#8221; sergisi"},"content":{"rendered":"<p>Kahramanmara\u015f\u2019\u0131n d\u00fc\u015fman i\u015fgalinden kurtulu\u015funun 95. Y\u0131l d\u00f6n\u00fcm\u00fc kutlama etkinlikleri kapsam\u0131nda, \u201cKurtulu\u015fun Renkleri\u201d temal\u0131 el sanatlar\u0131 sergisi a\u00e7\u0131ld\u0131.<\/p>\n<p>Oniki\u015fubat Belediyesi ve Halk E\u011fitim Merkezinin \u201cKurtulu\u015fun renkleri\u201d temas\u0131yla organize etti\u011fi \u201cBir Dokun Bin G\u00fczellik Olsun\u201d adl\u0131 serginin a\u00e7\u0131l\u0131\u015f\u0131na, Oniki\u015fubat Belediye Ba\u015fkan\u0131 Hanefi Mah\u00e7i\u00e7ek, Kahramanmara\u015f milletvekillleri Ahmet \u00d6zdemir ve Mehmet Cihat Sezal, protokol \u00fcyeleri ile AVM ziyaret\u00e7ileri kat\u0131ld\u0131.<\/p>\n<p>Piazza Al\u0131\u015fveri\u015f ve Ya\u015fam Merkezi\u2019ndeki sergide, Kurtulu\u015f Sava\u015f\u0131 \u00e7etelerinin minyat\u00fcrleri, deri \u00e7anta, c\u00fczdan, anahtarl\u0131k ve tak\u0131 gibi \u00fczerinde geleneksel el sanatlar\u0131 motifleri bulunan el eme\u011fi g\u00f6z nuru eserler yer ald\u0131.<div class=\"tiled-gallery type-rectangular tiled-gallery-unresized\" data-original-width=\"500\" data-carousel-extra='null' itemscope itemtype=\"http:\/\/schema.org\/ImageGallery\" > <div class=\"gallery-row\" style=\"width: 500px; height: 168px;\" data-original-width=\"500\" data-original-height=\"168\" > <div class=\"gallery-group images-1\" style=\"width: 250px; height: 168px;\" data-original-width=\"250\" data-original-height=\"168\" > <div class=\"tiled-gallery-item tiled-gallery-item-small\" itemprop=\"associatedMedia\" itemscope itemtype=\"http:\/\/schema.org\/ImageObject\"> <a href=\"http:\/\/www.tvturk.com\/index.php\/kurtulusun-renkleri-sergisi\/kurtulusun-renkleri-sergisi-3\/\" border=\"0\" itemprop=\"url\"> <meta itemprop=\"width\" content=\"246\"> <meta itemprop=\"height\" content=\"164\"> <img decoding=\"async\" class=\"\" data-attachment-id=\"20504\" data-orig-file=\"http:\/\/www.tvturk.com\/wp-content\/uploads\/2019\/02\/kurtulusun-renkleri-sergisi_7c9349c.jpg\" data-orig-size=\"1000,666\" data-comments-opened=\"\" data-image-meta=\"{&quot;aperture&quot;:&quot;0&quot;,&quot;credit&quot;:&quot;IHA&quot;,&quot;camera&quot;:&quot;&quot;,&quot;caption&quot;:&quot;P\\u0130AZZA ALI\\u015eVER\\u0130\\u015e VE YA\\u015eAM MERKEZ\\u0130\\u2019NDE KAHRAMANMARA\\u015e\\u2019IN D\\u00dc\\u015eMAN \\u0130\\u015eGAL\\u0130NDEN KURTULU\\u015eUNUN 95. YIL D\\u00d6N\\u00dcM\\u00dc KUTLAMA ETK\\u0130NL\\u0130KLER\\u0130 KAPSAMINDA, \\u201cKURTULU\\u015eUN RENKLER\\u0130\\u201d TEMALI EL SANATLARI SERG\\u0130S\\u0130 A\\u00c7ILDI. (\\u0130HA\\\/KAHRAMANMARA\\u015e-\\u0130HA)&quot;,&quot;created_timestamp&quot;:&quot;0&quot;,&quot;copyright&quot;:&quot;\\u0130HLAS HABER AJANSI, www.iha.com.tr&quot;,&quot;focal_length&quot;:&quot;0&quot;,&quot;iso&quot;:&quot;0&quot;,&quot;shutter_speed&quot;:&quot;0&quot;,&quot;title&quot;:&quot;\\u0022KURTULU\\u015eUN RENKLER\\u0130\\u0022 SERG\\u0130S\\u0130&quot;,&quot;orientation&quot;:&quot;0&quot;}\" data-image-title=\"&amp;#8220;Kurtulu\u015fun Renkleri&amp;#8221; sergisi\" data-image-description=\"&lt;p&gt;&amp;#8220;Kurtulu\u015fun Renkleri&amp;#8221; sergisi&lt;\/p&gt; \" data-medium-file=\"https:\/\/i0.wp.com\/www.tvturk.com\/wp-content\/uploads\/2019\/02\/kurtulusun-renkleri-sergisi_7c9349c.jpg?fit=300%2C200\" data-large-file=\"https:\/\/i0.wp.com\/www.tvturk.com\/wp-content\/uploads\/2019\/02\/kurtulusun-renkleri-sergisi_7c9349c.jpg?fit=1000%2C666\" src=\"https:\/\/i0.wp.com\/www.tvturk.com\/wp-content\/uploads\/2019\/02\/kurtulusun-renkleri-sergisi_7c9349c.jpg?w=246&#038;h=164\" srcset=\"https:\/\/i0.wp.com\/www.tvturk.com\/wp-content\/uploads\/2019\/02\/kurtulusun-renkleri-sergisi_7c9349c.jpg?w=1000 1000w, https:\/\/i0.wp.com\/www.tvturk.com\/wp-content\/uploads\/2019\/02\/kurtulusun-renkleri-sergisi_7c9349c.jpg?resize=150%2C100 150w, https:\/\/i0.wp.com\/www.tvturk.com\/wp-content\/uploads\/2019\/02\/kurtulusun-renkleri-sergisi_7c9349c.jpg?resize=300%2C200 300w, https:\/\/i0.wp.com\/www.tvturk.com\/wp-content\/uploads\/2019\/02\/kurtulusun-renkleri-sergisi_7c9349c.jpg?resize=768%2C511 768w, https:\/\/i0.wp.com\/www.tvturk.com\/wp-content\/uploads\/2019\/02\/kurtulusun-renkleri-sergisi_7c9349c.jpg?resize=170%2C113 170w, https:\/\/i0.wp.com\/www.tvturk.com\/wp-content\/uploads\/2019\/02\/kurtulusun-renkleri-sergisi_7c9349c.jpg?resize=120%2C80 120w\" width=\"246\" height=\"164\" loading=\"lazy\" data-original-width=\"246\" data-original-height=\"164\" itemprop=\"http:\/\/schema.org\/image\" title=\"&quot;Kurtulu\u015fun Renkleri&quot; sergisi\" alt=\"&quot;Kurtulu\u015fun Renkleri&quot; sergisi\" style=\"width: 246px; height: 164px;\" \/> <\/a> <\/div> <\/div> <!-- close group --> <div class=\"gallery-group images-1\" style=\"width: 250px; height: 168px;\" data-original-width=\"250\" data-original-height=\"168\" > <div class=\"tiled-gallery-item tiled-gallery-item-small\" itemprop=\"associatedMedia\" itemscope itemtype=\"http:\/\/schema.org\/ImageObject\"> <a href=\"http:\/\/www.tvturk.com\/index.php\/kurtulusun-renkleri-sergisi\/kurtulusun-renkleri-sergisi-4\/\" border=\"0\" itemprop=\"url\"> <meta itemprop=\"width\" content=\"246\"> <meta itemprop=\"height\" content=\"164\"> <img decoding=\"async\" class=\"\" data-attachment-id=\"20505\" data-orig-file=\"http:\/\/www.tvturk.com\/wp-content\/uploads\/2019\/02\/kurtulusun-renkleri-sergisi_dcbf8c6.jpg\" data-orig-size=\"1000,666\" data-comments-opened=\"\" data-image-meta=\"{&quot;aperture&quot;:&quot;0&quot;,&quot;credit&quot;:&quot;IHA&quot;,&quot;camera&quot;:&quot;&quot;,&quot;caption&quot;:&quot;P\\u0130AZZA ALI\\u015eVER\\u0130\\u015e VE YA\\u015eAM MERKEZ\\u0130\\u2019NDE KAHRAMANMARA\\u015e\\u2019IN D\\u00dc\\u015eMAN \\u0130\\u015eGAL\\u0130NDEN KURTULU\\u015eUNUN 95. YIL D\\u00d6N\\u00dcM\\u00dc KUTLAMA ETK\\u0130NL\\u0130KLER\\u0130 KAPSAMINDA, \\u201cKURTULU\\u015eUN RENKLER\\u0130\\u201d TEMALI EL SANATLARI SERG\\u0130S\\u0130 A\\u00c7ILDI. (\\u0130HA\\\/KAHRAMANMARA\\u015e-\\u0130HA)&quot;,&quot;created_timestamp&quot;:&quot;0&quot;,&quot;copyright&quot;:&quot;\\u0130HLAS HABER AJANSI, www.iha.com.tr&quot;,&quot;focal_length&quot;:&quot;0&quot;,&quot;iso&quot;:&quot;0&quot;,&quot;shutter_speed&quot;:&quot;0&quot;,&quot;title&quot;:&quot;\\u0022KURTULU\\u015eUN RENKLER\\u0130\\u0022 SERG\\u0130S\\u0130&quot;,&quot;orientation&quot;:&quot;0&quot;}\" data-image-title=\"&amp;#8220;Kurtulu\u015fun Renkleri&amp;#8221; sergisi\" data-image-description=\"&lt;p&gt;&amp;#8220;Kurtulu\u015fun Renkleri&amp;#8221; sergisi&lt;\/p&gt; \" data-medium-file=\"https:\/\/i0.wp.com\/www.tvturk.com\/wp-content\/uploads\/2019\/02\/kurtulusun-renkleri-sergisi_dcbf8c6.jpg?fit=300%2C200\" data-large-file=\"https:\/\/i0.wp.com\/www.tvturk.com\/wp-content\/uploads\/2019\/02\/kurtulusun-renkleri-sergisi_dcbf8c6.jpg?fit=1000%2C666\" src=\"https:\/\/i0.wp.com\/www.tvturk.com\/wp-content\/uploads\/2019\/02\/kurtulusun-renkleri-sergisi_dcbf8c6.jpg?w=246&#038;h=164\" srcset=\"https:\/\/i0.wp.com\/www.tvturk.com\/wp-content\/uploads\/2019\/02\/kurtulusun-renkleri-sergisi_dcbf8c6.jpg?w=1000 1000w, https:\/\/i0.wp.com\/www.tvturk.com\/wp-content\/uploads\/2019\/02\/kurtulusun-renkleri-sergisi_dcbf8c6.jpg?resize=150%2C100 150w, https:\/\/i0.wp.com\/www.tvturk.com\/wp-content\/uploads\/2019\/02\/kurtulusun-renkleri-sergisi_dcbf8c6.jpg?resize=300%2C200 300w, https:\/\/i0.wp.com\/www.tvturk.com\/wp-content\/uploads\/2019\/02\/kurtulusun-renkleri-sergisi_dcbf8c6.jpg?resize=768%2C511 768w, https:\/\/i0.wp.com\/www.tvturk.com\/wp-content\/uploads\/2019\/02\/kurtulusun-renkleri-sergisi_dcbf8c6.jpg?resize=170%2C113 170w, https:\/\/i0.wp.com\/www.tvturk.com\/wp-content\/uploads\/2019\/02\/kurtulusun-renkleri-sergisi_dcbf8c6.jpg?resize=120%2C80 120w\" width=\"246\" height=\"164\" loading=\"lazy\" data-original-width=\"246\" data-original-height=\"164\" itemprop=\"http:\/\/schema.org\/image\" title=\"&quot;Kurtulu\u015fun Renkleri&quot; sergisi\" alt=\"&quot;Kurtulu\u015fun Renkleri&quot; sergisi\" style=\"width: 246px; height: 164px;\" \/> <\/a> <\/div> <\/div> <!-- close group --> <\/div> <!-- close row --> <\/div><\/p>\n","protected":false},"excerpt":{"rendered":"<p>P\u0130AZZA ALI\u015eVER\u0130\u015e VE YA\u015eAM MERKEZ\u0130\u2019NDE KAHRAMANMARA\u015e\u2019IN D\u00dc\u015eMAN \u0130\u015eGAL\u0130NDEN KURTULU\u015eUNUN 95. YIL D\u00d6N\u00dcM\u00dc KUTLAMA ETK\u0130NL\u0130KLER\u0130 KAPSAMINDA, \u201cKURTULU\u015eUN RENKLER\u0130\u201d TEMALI EL SANATLARI SERG\u0130S\u0130 A\u00c7ILDI.<\/p>\n","protected":false},"author":1,"featured_media":20503,"comment_status":"closed","ping_status":"open","sticky":false,"template":"","format":"standard","meta":{"jetpack_post_was_ever_published":false,"_jetpack_newsletter_access":"","_jetpack_dont_email_post_to_subs":false,"_jetpack_newsletter_tier_id":0,"_jetpack_memberships_contains_paywalled_content":false,"_jetpack_memberships_contains_paid_content":false,"footnotes":"","jetpack_publicize_message":"","jetpack_publicize_feature_enabled":true,"jetpack_social_post_already_shared":false,"jetpack_social_options":{"image_generator_settings":{"template":"highway","default_image_id":0,"font":"","enabled":false},"version":2}},"categories":[655],"tags":[8970,8971,1335],"class_list":["post-20502","post","type-post","status-publish","format-standard","has-post-thumbnail","hentry","category-son-dakika","tag-kurtulusun","tag-renkleri","tag-sergisi"],"jetpack_publicize_connections":[],"jetpack_featured_media_url":"https:\/\/i0.wp.com\/www.tvturk.com\/wp-content\/uploads\/2019\/02\/kurtulusun-renkleri-sergisi_6489640.jpg?fit=1000%2C666","jetpack_sharing_enabled":true,"jetpack_shortlink":"https:\/\/wp.me\/paKIfm-5kG","_links":{"self":[{"href":"http:\/\/www.tvturk.com\/index.php\/wp-json\/wp\/v2\/posts\/20502","targetHints":{"allow":["GET"]}}],"collection":[{"href":"http:\/\/www.tvturk.com\/index.php\/wp-json\/wp\/v2\/posts"}],"about":[{"href":"http:\/\/www.tvturk.com\/index.php\/wp-json\/wp\/v2\/types\/post"}],"author":[{"embeddable":true,"href":"http:\/\/www.tvturk.com\/index.php\/wp-json\/wp\/v2\/users\/1"}],"replies":[{"embeddable":true,"href":"http:\/\/www.tvturk.com\/index.php\/wp-json\/wp\/v2\/comments?post=20502"}],"version-history":[{"count":1,"href":"http:\/\/www.tvturk.com\/index.php\/wp-json\/wp\/v2\/posts\/20502\/revisions"}],"predecessor-version":[{"id":20506,"href":"http:\/\/www.tvturk.com\/index.php\/wp-json\/wp\/v2\/posts\/20502\/revisions\/20506"}],"wp:featuredmedia":[{"embeddable":true,"href":"http:\/\/www.tvturk.com\/index.php\/wp-json\/wp\/v2\/media\/20503"}],"wp:attachment":[{"href":"http:\/\/www.tvturk.com\/index.php\/wp-json\/wp\/v2\/media?parent=20502"}],"wp:term":[{"taxonomy":"category","embeddable":true,"href":"http:\/\/www.tvturk.com\/index.php\/wp-json\/wp\/v2\/categories?post=20502"},{"taxonomy":"post_tag","embeddable":true,"href":"http:\/\/www.tvturk.com\/index.php\/wp-json\/wp\/v2\/tags?post=20502"}],"curies":[{"name":"wp","href":"https:\/\/api.w.org\/{rel}","templated":true}]}}