{"id":205052,"date":"2019-09-19T16:01:50","date_gmt":"2019-09-19T13:01:50","guid":{"rendered":"http:\/\/www.tvturk.com\/index.php\/kafkas-kestane-sekerinde-konkordato-sureci-kaldirildi-sirket-yoluna-devam-ediyor\/"},"modified":"2019-09-19T16:01:50","modified_gmt":"2019-09-19T13:01:50","slug":"kafkas-kestane-sekerinde-konkordato-sureci-kaldirildi-sirket-yoluna-devam-ediyor","status":"publish","type":"post","link":"http:\/\/www.tvturk.com\/index.php\/kafkas-kestane-sekerinde-konkordato-sureci-kaldirildi-sirket-yoluna-devam-ediyor\/","title":{"rendered":"Kafkas Kestane \u015eekeri\u2019nde konkordato s\u00fcreci kald\u0131r\u0131ld\u0131, \u015firket yoluna devam ediyor"},"content":{"rendered":"<p>Bursa\u2019n\u0131n k\u00f6kl\u00fc kurulu\u015flar\u0131ndan Kafkas\u2019ta konkordato s\u00fcreci sona erdi.<\/p>\n<p>\u015eirket taraf\u0131ndan yap\u0131lan a\u00e7\u0131klamada, &#8220;Kafkas Pasta \u015eekerleme San ve Tic. A\u015e\u2019nin y\u00fczde 50 hissedar\u0131 olan m\u00fcvekkillerimiz Tatveren Ailesi ad\u0131na; Kafkas markas\u0131n\u0131n gerek Bursa\u2019m\u0131z i\u00e7in ta\u015f\u0131d\u0131\u011f\u0131 \u00f6nem, gerekse \u00fclkemiz i\u00e7in \u00f6nemli bir  marka olu\u015fu da g\u00f6z \u00f6n\u00fcnde bulundurularak konkordato s\u00fcreci ile ilgili kamuoyunu bilgilendirme gereklili\u011fi do\u011fmu\u015ftur&#8221; a\u00e7\u0131klamas\u0131 yap\u0131ld\u0131.<\/p>\n<p>Yap\u0131lan a\u00e7\u0131klamada, &#8220;Kafkas Pasta \u015eekerleme San ve Tic. A\u015e\u2019nin di\u011fer orta\u011f\u0131 ( \u0130nci \u0130nhal ) taraf\u0131ndan, \u015firket hakk\u0131nda t\u00fcm \u015firket ortaklar\u0131n\u0131n g\u00f6r\u00fc\u015f ve onaylar\u0131 al\u0131nmaks\u0131z\u0131n, y\u00f6netim kurulu karar\u0131 olmaks\u0131z\u0131n ve hatta ortaklar\u0131n haberleri dahi olmadan, kendi talebi ile ve hissedar\u0131 oldu\u011fu \u015firketteki \u015fahsi bir alacak talebine dayanarak; gerek \u015fahs\u0131 gerekse de aile \u015firketi olan Kafkas Pasta \u015eekerleme San ve Tic. A\u015e ile ilgili hukukumuzda emsaline hen\u00fcz rastlan\u0131lmam\u0131\u015f adi konkordato talebinde bulunulmu\u015f oldu\u011funu daha \u00f6nce kamuoyu ile payla\u015fm\u0131\u015ft\u0131k.<\/p>\n<p>Mahkemece verilen ge\u00e7ici m\u00fchlet ve ge\u00e7ici konkordato komiseri atanmas\u0131 kararlar\u0131na kar\u015f\u0131 m\u00fcvekkillerimiz ad\u0131na pay sahipleri Tatveren Ailesi vekilleri olarak itirazlar\u0131m\u0131z sunulmu\u015f ve ge\u00e7ici m\u00fchlet ve konkordato komiseri atanmas\u0131 kararlar\u0131n\u0131n kald\u0131r\u0131lmas\u0131 talep edilmi\u015ftir. Mahkemece 17.09.2019 tarihinde yap\u0131lan duru\u015fmada taleplerimiz kabul edilmi\u015f ve konkordato ge\u00e7ici m\u00fchlet karar\u0131 da kald\u0131r\u0131lm\u0131\u015ft\u0131r. B\u00f6ylece m\u00fcvekkillerimizin 90 y\u0131ll\u0131k aile \u015firketi konkordato s\u00fcrecinden \u00e7ok k\u0131sa bir zamanda m\u00fcvekkillerimizin hakl\u0131 itirazlar\u0131 sonucu \u00e7\u0131km\u0131\u015f olup; bundan b\u00f6yle de \u015firket faaliyetleri hi\u00e7bir aksama olmadan s\u00fcrd\u00fcr\u00fclecektir. Kafkas Pasta \u015eekerleme San ve Tic. A\u015e\u2019nin konkordato s\u00fcrecinin 17.09.2019 tarihi itibari ile son buldu\u011funa ili\u015fkin t\u00fcm kamuoyunu m\u00fcvekkillerimiz Tatveren Ailesi ad\u0131na bilgilendirmekteyiz&#8221; ifadelerine yer verildi.<\/p>\n","protected":false},"excerpt":{"rendered":"<p>KAFKAS YOLUNA DEVAM ED\u0130YOR<\/p>\n","protected":false},"author":1,"featured_media":205053,"comment_status":"closed","ping_status":"open","sticky":false,"template":"","format":"standard","meta":{"jetpack_post_was_ever_published":false,"_jetpack_newsletter_access":"","_jetpack_dont_email_post_to_subs":false,"_jetpack_newsletter_tier_id":0,"_jetpack_memberships_contains_paywalled_content":false,"_jetpack_memberships_contains_paid_content":false,"footnotes":"","jetpack_publicize_message":"","jetpack_publicize_feature_enabled":true,"jetpack_social_post_already_shared":true,"jetpack_social_options":{"image_generator_settings":{"template":"highway","default_image_id":0,"font":"","enabled":false},"version":2}},"categories":[19],"tags":[1116,522,523,15271,6278,7136,51765,17616,154,17653],"class_list":["post-205052","post","type-post","status-publish","format-standard","has-post-thumbnail","hentry","category-ekonomi","tag-kestane","tag-devam","tag-ediyor","tag-kafkas","tag-kaldirildi","tag-konkordato","tag-sekerinde","tag-sirket","tag-sureci","tag-yoluna"],"jetpack_publicize_connections":[],"jetpack_featured_media_url":"https:\/\/i0.wp.com\/www.tvturk.com\/wp-content\/uploads\/2019\/09\/kafkas-kestane-sekerinde-konkordato-sureci-kaldirildi-sirket-yoluna-devam-ediyor_3d99628.jpg?fit=399%2C600","jetpack_sharing_enabled":true,"jetpack_shortlink":"https:\/\/wp.me\/paKIfm-Rli","_links":{"self":[{"href":"http:\/\/www.tvturk.com\/index.php\/wp-json\/wp\/v2\/posts\/205052","targetHints":{"allow":["GET"]}}],"collection":[{"href":"http:\/\/www.tvturk.com\/index.php\/wp-json\/wp\/v2\/posts"}],"about":[{"href":"http:\/\/www.tvturk.com\/index.php\/wp-json\/wp\/v2\/types\/post"}],"author":[{"embeddable":true,"href":"http:\/\/www.tvturk.com\/index.php\/wp-json\/wp\/v2\/users\/1"}],"replies":[{"embeddable":true,"href":"http:\/\/www.tvturk.com\/index.php\/wp-json\/wp\/v2\/comments?post=205052"}],"version-history":[{"count":0,"href":"http:\/\/www.tvturk.com\/index.php\/wp-json\/wp\/v2\/posts\/205052\/revisions"}],"wp:featuredmedia":[{"embeddable":true,"href":"http:\/\/www.tvturk.com\/index.php\/wp-json\/wp\/v2\/media\/205053"}],"wp:attachment":[{"href":"http:\/\/www.tvturk.com\/index.php\/wp-json\/wp\/v2\/media?parent=205052"}],"wp:term":[{"taxonomy":"category","embeddable":true,"href":"http:\/\/www.tvturk.com\/index.php\/wp-json\/wp\/v2\/categories?post=205052"},{"taxonomy":"post_tag","embeddable":true,"href":"http:\/\/www.tvturk.com\/index.php\/wp-json\/wp\/v2\/tags?post=205052"}],"curies":[{"name":"wp","href":"https:\/\/api.w.org\/{rel}","templated":true}]}}