{"id":20507,"date":"2019-02-11T11:08:50","date_gmt":"2019-02-11T08:08:50","guid":{"rendered":"http:\/\/www.tvturk.com\/index.php\/igdirda-millet-kiraathanesi-acilacak\/"},"modified":"2019-02-11T11:08:50","modified_gmt":"2019-02-11T08:08:50","slug":"igdirda-millet-kiraathanesi-acilacak","status":"publish","type":"post","link":"http:\/\/www.tvturk.com\/index.php\/igdirda-millet-kiraathanesi-acilacak\/","title":{"rendered":"I\u011fd\u0131r\u2019da millet k\u0131raathanesi a\u00e7\u0131lacak"},"content":{"rendered":"<p>Cumhurba\u015fkan\u0131 Recep Tayyip Erdo\u011fan\u2019\u0131n, halk\u0131n sosyal ve k\u00fclt\u00fcrel hayat\u0131na katk\u0131 sa\u011flayacak projelerinden biri olan Millet K\u0131raathanesi, I\u011fd\u0131r Valili\u011fi taraf\u0131ndan hayata ge\u00e7iriliyor.<\/p>\n<p>I\u011fd\u0131r Valisi Enver \u00dcnl\u00fc, Vali Yard\u0131mc\u0131s\u0131 Yunus Ko\u00e7 ile birlikte Millet K\u0131raathanesinin yap\u0131laca\u011f\u0131 I\u011fd\u0131r Merkez Ulu Camii hizmet binas\u0131nda incelemelerde bulundu. Millet K\u0131raathanesi ile \u00f6zellikle \u00f6\u011frencilerin kitaba ula\u015fabilecekleri s\u0131cak bir ortam haz\u0131rlanaca\u011f\u0131n\u0131 belirten Vali \u00dcnl\u00fc, proje sayesinde vatanda\u015flar\u0131n kayna\u015fmas\u0131na ve gen\u00e7lerin k\u00f6t\u00fc al\u0131\u015fkanl\u0131klardan uzakla\u015fmas\u0131na katk\u0131 sa\u011flanaca\u011f\u0131n\u0131 belirtti.<\/p>\n","protected":false},"excerpt":{"rendered":"<p>I\u011eDIR&#8217;DA M\u0130LLET KIRAATHANES\u0130 A\u00c7ILACAK<\/p>\n","protected":false},"author":1,"featured_media":20508,"comment_status":"closed","ping_status":"open","sticky":false,"template":"","format":"standard","meta":{"jetpack_post_was_ever_published":false,"_jetpack_newsletter_access":"","_jetpack_dont_email_post_to_subs":false,"_jetpack_newsletter_tier_id":0,"_jetpack_memberships_contains_paywalled_content":false,"_jetpack_memberships_contains_paid_content":false,"footnotes":"","jetpack_publicize_message":"","jetpack_publicize_feature_enabled":true,"jetpack_social_post_already_shared":false,"jetpack_social_options":{"image_generator_settings":{"template":"highway","default_image_id":0,"font":"","enabled":false},"version":2}},"categories":[655],"tags":[8972,1645,8492,3276],"class_list":["post-20507","post","type-post","status-publish","format-standard","has-post-thumbnail","hentry","category-son-dakika","tag-acilacak","tag-igdirda","tag-kiraathanesi","tag-millet"],"jetpack_publicize_connections":[],"jetpack_featured_media_url":"https:\/\/i0.wp.com\/www.tvturk.com\/wp-content\/uploads\/2019\/02\/igdirda-millet-kiraathanesi-acilacak_d4fe2f1.jpg?fit=1000%2C667","jetpack_sharing_enabled":true,"jetpack_shortlink":"https:\/\/wp.me\/paKIfm-5kL","_links":{"self":[{"href":"http:\/\/www.tvturk.com\/index.php\/wp-json\/wp\/v2\/posts\/20507","targetHints":{"allow":["GET"]}}],"collection":[{"href":"http:\/\/www.tvturk.com\/index.php\/wp-json\/wp\/v2\/posts"}],"about":[{"href":"http:\/\/www.tvturk.com\/index.php\/wp-json\/wp\/v2\/types\/post"}],"author":[{"embeddable":true,"href":"http:\/\/www.tvturk.com\/index.php\/wp-json\/wp\/v2\/users\/1"}],"replies":[{"embeddable":true,"href":"http:\/\/www.tvturk.com\/index.php\/wp-json\/wp\/v2\/comments?post=20507"}],"version-history":[{"count":0,"href":"http:\/\/www.tvturk.com\/index.php\/wp-json\/wp\/v2\/posts\/20507\/revisions"}],"wp:featuredmedia":[{"embeddable":true,"href":"http:\/\/www.tvturk.com\/index.php\/wp-json\/wp\/v2\/media\/20508"}],"wp:attachment":[{"href":"http:\/\/www.tvturk.com\/index.php\/wp-json\/wp\/v2\/media?parent=20507"}],"wp:term":[{"taxonomy":"category","embeddable":true,"href":"http:\/\/www.tvturk.com\/index.php\/wp-json\/wp\/v2\/categories?post=20507"},{"taxonomy":"post_tag","embeddable":true,"href":"http:\/\/www.tvturk.com\/index.php\/wp-json\/wp\/v2\/tags?post=20507"}],"curies":[{"name":"wp","href":"https:\/\/api.w.org\/{rel}","templated":true}]}}