{"id":205070,"date":"2019-09-19T16:31:58","date_gmt":"2019-09-19T13:31:58","guid":{"rendered":"http:\/\/www.tvturk.com\/index.php\/bicaklanan-doktora-meslektaslarindan-destek-siddete-tepki\/"},"modified":"2019-09-19T16:31:58","modified_gmt":"2019-09-19T13:31:58","slug":"bicaklanan-doktora-meslektaslarindan-destek-siddete-tepki","status":"publish","type":"post","link":"http:\/\/www.tvturk.com\/index.php\/bicaklanan-doktora-meslektaslarindan-destek-siddete-tepki\/","title":{"rendered":"B\u0131\u00e7aklanan doktora meslekta\u015flar\u0131ndan destek, \u015fiddete tepki"},"content":{"rendered":"<p>Bursa\u2019da sa\u011fl\u0131k \u00e7al\u0131\u015fanlar\u0131 Bursa A\u011f\u0131z ve Di\u015f Sa\u011fl\u0131 Hastanesi\u2019nde g\u00f6revi ba\u015f\u0131ndayken b\u0131\u00e7akl\u0131 sald\u0131r\u0131ya u\u011frayan doktor arkada\u015f\u0131 Hamdi G\u00f6ren\u2019i ziyaret ettiler. Ard\u0131ndan hastane \u00f6n\u00fcnde bas\u0131n a\u00e7\u0131klamas\u0131 yapan sa\u011fl\u0131k \u00e7al\u0131\u015fanlar\u0131 doktorlara kar\u015f\u0131 yap\u0131lan \u015fiddetin son bulmas\u0131n\u0131 istediler.<\/p>\n<p>Bursa A\u011f\u0131z ve Di\u015f Sa\u011fl\u0131\u011f\u0131 Hastanesine gelen Mert D. (18), Genel Di\u015f Poliklini\u011finde di\u015f hekimi Dr. Hamdi G\u00f6ren taraf\u0131ndan muayene edildi. Az\u0131 di\u015finin a\u011fr\u0131d\u0131\u011f\u0131n\u0131 ve \u00e7ektirmek istedi\u011fini s\u00f6yleyen Mert D.\u2019ye Dr. G\u00f6ren anestezi yapt\u0131. \u0130ki kere yap\u0131lan i\u011fneye ra\u011fmen Mert D.\u2019nin di\u015fi uyu\u015fmay\u0131nca di\u015f hekimi tedaviyi ileri bir tarihe ertelemek istedi. Mert D.\u2019ye durumla ilgili bilgi veren di\u015f hekimi G\u00f6ren, Mert D. taraf\u0131ndan b\u0131\u00e7akl\u0131 sald\u0131r\u0131ya u\u011frad\u0131. G\u00f6\u011fs\u00fcnden b\u0131\u00e7aklanan G\u00f6ren hastanede tedavi alt\u0131na al\u0131n\u0131rken, Mert D. ise polis ekipleri taraf\u0131ndan g\u00f6zalt\u0131na al\u0131nd\u0131. Sald\u0131r\u0131dan 1 g\u00fcn sonra sa\u011fl\u0131k \u00e7al\u0131\u015fanlar\u0131 Bursa A\u011f\u0131z ve Di\u015f Sa\u011fl\u0131 Hastanesinde g\u00f6revi ba\u015f\u0131ndayken b\u0131\u00e7akl\u0131 sald\u0131r\u0131ya u\u011frayan doktor arkada\u015flar\u0131n\u0131 ziyaret ettiler. Ard\u0131ndan hastane \u00f6n\u00fcnde bas\u0131n a\u00e7\u0131klamas\u0131 yapan sa\u011fl\u0131k \u00e7al\u0131\u015fanlar\u0131 doktorlara kar\u015f\u0131 yap\u0131lan \u015fiddetin son bulmas\u0131n\u0131 istediler.<\/p>\n<p>Bursa Di\u015f Hekimleri Odas\u0131 Ba\u015fkan\u0131 Dr. Emel Ero\u011flu, \u201cSevgili meslekta\u015flar\u0131m d\u00fcn \u00e7ok ac\u0131 bir olay ya\u015fad\u0131k. Bursa A\u011f\u0131z Di\u015f Sa\u011fl\u0131\u011f\u0131 Hastanesinde 31 y\u0131ll\u0131k meslekta\u015f\u0131m\u0131z di\u015f hekimi Hamdi G\u00f6ren bir hastas\u0131n\u0131n b\u0131\u00e7akl\u0131 sald\u0131r\u0131s\u0131na u\u011frad\u0131. Bundan b\u00fcy\u00fck \u00fcz\u00fcnt\u00fc ve kayg\u0131 duyduk ve sa\u011fl\u0131k alan\u0131nda \u015fiddetin bu denli artmas\u0131ndan dolay\u0131 ger\u00e7ekten \u00f6fkeliyiz. \u015eu an kendisinin sa\u011fl\u0131k durumu iyi \u015fimdi ziyaret ettik. Ama tabi daha \u00e7ok Hamdi bey kendisi 31 y\u0131ll\u0131k bir di\u015f hekimi ama yeni mezun olan di\u015f hekimlerin \u00e7al\u0131\u015fma ko\u015fullar\u0131 hakk\u0131nda ciddi bir kayg\u0131 duyuyor. \u00c7\u00fcnk\u00fc ya\u015f\u0131 ilerledi\u011fi i\u00e7in emekli olmay\u0131 bile d\u00fc\u015f\u00fcnebilir. Bundan sonra ama mezun say\u0131s\u0131 o kadar \u00e7ok fazla ki y\u0131lda 5000 di\u015f hekimi mezun oluyor bu ko\u015fullarda bu gen\u00e7 meslekta\u015flar\u0131m\u0131z nas\u0131l \u00e7al\u0131\u015facak. Bug\u00fcn bu \u015fiddet olaylar\u0131n\u0131 protesto etmek i\u00e7in bulunuyoruz. Kamuoyunun dikkatini \u00e7ekmek istiyoruz. Sa\u011fl\u0131k \u00e7al\u0131\u015fanlar\u0131 bu k\u00f6t\u00fc muameleyi hak etmiyor. Ger\u00e7ekten kamudan meslekta\u015flar\u0131m\u0131z \u00e7ok zor ko\u015fullar alt\u0131nda \u00e7al\u0131\u015f\u0131yor. Mevcut \u00e7al\u0131\u015fma sistemi performansa dayal\u0131 ek \u00f6deme sistemi hep s\u00fcrekli g\u00fcnden g\u00fcne artan hasta say\u0131s\u0131yla bizi kar\u015f\u0131 kar\u015f\u0131ya b\u0131rak\u0131yor ve iyi hekimlik yapma olana\u011f\u0131m\u0131z neredeyse kalm\u0131yor. T\u00fcm bunlara  ra\u011fmen iyi hekimlik yapmak i\u00e7in \u00e7aba g\u00f6steriyoruz ama kar\u015f\u0131l\u0131\u011f\u0131nda ne yaz\u0131k ki s\u00f6zl\u00fc ve fiziksel sald\u0131r\u0131ya maruz kal\u0131yoruz. B\u00fct\u00fcn meslekta\u015flar\u0131m\u0131z, sivil toplum kurulu\u015flar\u0131 ve meslek odalar\u0131 sald\u0131r\u0131ya u\u011frayan hekim arkada\u015f\u0131m\u0131za sahip \u00e7\u0131k\u0131yor&#8221; diye konu\u015ftu.<\/p>\n<p>Bursa Tabip Odas\u0131 Ba\u015fkan\u0131 Dr. G\u00fczide Elitez, \u201cGer\u00e7ekten \u00e7ok \u00fcz\u00fcld\u00fc\u011f\u00fcm\u00fcz bir olay i\u00e7in buraday\u0131z. Bursa Tabip Odas\u0131 ve Bursal\u0131 hekimleri ad\u0131na, \u00f6ncelikle di\u015f hekimleri camias\u0131na ve b\u00fct\u00fcn sa\u011fl\u0131k \u00e7al\u0131\u015fanlar\u0131 camias\u0131na ge\u00e7mi\u015f olsun diliyoruz. Ger\u00e7ekten olay\u0131n bu kadar basit bir \u015fekilde atlat\u0131lm\u0131\u015f olmas\u0131 da olduk\u00e7a \u015fansl\u0131 bir durum. Sa\u011fl\u0131kta ya\u015fanan \u015fiddet her g\u00fcn t\u0131rman\u0131yor maalesef. Sa\u011fl\u0131k y\u00f6neticilerinin hi\u00e7bir \u015fey yapm\u0131yor olmas\u0131 bizi daha fazla tedirgin ediyor. Her g\u00fcn, i\u015fimize gelirken \u00f6l\u00fcm tehlikesiyle \u00e7al\u0131\u015f\u0131yor olmak bizi ger\u00e7ekten bu i\u015fi yapamaz noktas\u0131na getiriyor. Her g\u00fcn bu tehditle, \u00f6zellikle b\u00fct\u00fcn sa\u011fl\u0131k birimlerinde, acillerde, polikliniklerde bu tehditlerle y\u00fcz y\u00fcze kalan arkada\u015flar\u0131m\u0131z ad\u0131na bir \u015feyler s\u00f6ylemek gerekirse ger\u00e7ekten yap\u0131lacak olanlar\u0131 bekliyoruz\u201d dedi.<\/p>\n","protected":false},"excerpt":{"rendered":"<p>BURSA&#8217;DA SA\u011eLIK \u00c7ALI\u015eANLARI BURSA A\u011eIZ VE D\u0130\u015e SA\u011eLI HASTANES\u0130NDE G\u00d6REV\u0130 BA\u015eINDAYKEN BI\u00c7AKLI SALDIRIYA U\u011eRAYAN DOKTOR ARKADA\u015eI HAMD\u0130 G\u00d6REN\u2019\u0130 Z\u0130YARET ETT\u0130LER. ARDINDAN HASTANE \u00d6N\u00dcNDE BASIN A\u00c7IKLAMASI YAPAN SA\u011eLIK \u00c7ALI\u015eANLARI DOKTORLARA KAR\u015eI YAPILAN \u015e\u0130DDET\u0130N SON BULMASINI \u0130STED\u0130LER.<\/p>\n","protected":false},"author":1,"featured_media":205071,"comment_status":"closed","ping_status":"open","sticky":false,"template":"","format":"standard","meta":{"jetpack_post_was_ever_published":false,"_jetpack_newsletter_access":"","_jetpack_dont_email_post_to_subs":false,"_jetpack_newsletter_tier_id":0,"_jetpack_memberships_contains_paywalled_content":false,"_jetpack_memberships_contains_paid_content":false,"footnotes":"","jetpack_publicize_message":"","jetpack_publicize_feature_enabled":true,"jetpack_social_post_already_shared":true,"jetpack_social_options":{"image_generator_settings":{"template":"highway","default_image_id":0,"font":"","enabled":false},"version":2}},"categories":[1],"tags":[6781,61,570,42874,3714,961],"class_list":["post-205070","post","type-post","status-publish","format-standard","has-post-thumbnail","hentry","category-genel","tag-bicaklanan","tag-destek","tag-doktora","tag-meslektaslarindan","tag-siddete","tag-tepki"],"jetpack_publicize_connections":[],"jetpack_featured_media_url":"https:\/\/i0.wp.com\/www.tvturk.com\/wp-content\/uploads\/2019\/09\/bicaklanan-doktora-meslektaslarindan-destek-siddete-tepki_1309746.jpg?fit=1000%2C562","jetpack_sharing_enabled":true,"jetpack_shortlink":"https:\/\/wp.me\/paKIfm-RlA","_links":{"self":[{"href":"http:\/\/www.tvturk.com\/index.php\/wp-json\/wp\/v2\/posts\/205070","targetHints":{"allow":["GET"]}}],"collection":[{"href":"http:\/\/www.tvturk.com\/index.php\/wp-json\/wp\/v2\/posts"}],"about":[{"href":"http:\/\/www.tvturk.com\/index.php\/wp-json\/wp\/v2\/types\/post"}],"author":[{"embeddable":true,"href":"http:\/\/www.tvturk.com\/index.php\/wp-json\/wp\/v2\/users\/1"}],"replies":[{"embeddable":true,"href":"http:\/\/www.tvturk.com\/index.php\/wp-json\/wp\/v2\/comments?post=205070"}],"version-history":[{"count":0,"href":"http:\/\/www.tvturk.com\/index.php\/wp-json\/wp\/v2\/posts\/205070\/revisions"}],"wp:featuredmedia":[{"embeddable":true,"href":"http:\/\/www.tvturk.com\/index.php\/wp-json\/wp\/v2\/media\/205071"}],"wp:attachment":[{"href":"http:\/\/www.tvturk.com\/index.php\/wp-json\/wp\/v2\/media?parent=205070"}],"wp:term":[{"taxonomy":"category","embeddable":true,"href":"http:\/\/www.tvturk.com\/index.php\/wp-json\/wp\/v2\/categories?post=205070"},{"taxonomy":"post_tag","embeddable":true,"href":"http:\/\/www.tvturk.com\/index.php\/wp-json\/wp\/v2\/tags?post=205070"}],"curies":[{"name":"wp","href":"https:\/\/api.w.org\/{rel}","templated":true}]}}