{"id":205151,"date":"2019-09-19T19:01:55","date_gmt":"2019-09-19T16:01:55","guid":{"rendered":"http:\/\/www.tvturk.com\/index.php\/bursada-kaldirim-isgallerine-gecit-yok\/"},"modified":"2019-09-19T19:01:55","modified_gmt":"2019-09-19T16:01:55","slug":"bursada-kaldirim-isgallerine-gecit-yok","status":"publish","type":"post","link":"http:\/\/www.tvturk.com\/index.php\/bursada-kaldirim-isgallerine-gecit-yok\/","title":{"rendered":"Bursa\u2019da kald\u0131r\u0131m i\u015fg\u00e2llerine ge\u00e7it yok"},"content":{"rendered":"<p>B\u00fcy\u00fck\u015fehir Belediye Ba\u015fkan\u0131 Alinur Akta\u015f, Bursa\u2019da kald\u0131r\u0131m ve yollar\u0131n haks\u0131z yere i\u015fg\u00e2l edilmesine kesinlikle g\u00f6z yummayacaklar\u0131n\u0131 belirterek, \u201cBirka\u00e7 ki\u015finin menfaati i\u00e7in y\u00fczlerce binlerce ki\u015finin rahat\u0131n\u0131 bozamay\u0131z\u201d dedi.<\/p>\n<p>B\u00fcy\u00fck\u015fehir Belediye Meclisi\u2019nin eyl\u00fcl ay\u0131 ola\u011fan toplant\u0131s\u0131 ger\u00e7ekle\u015ftirildi. Ba\u015fkan Akta\u015f y\u00f6netiminde yap\u0131lan toplant\u0131da, son aylarda s\u0131k\u00e7a g\u00fcndeme gelen kald\u0131r\u0131m ve yol i\u015fgalleri de ele al\u0131nd\u0131. AK Parti Yerel Y\u00f6netimler Ba\u015fkan Yard\u0131mc\u0131s\u0131 ve Bilecik Milletvekili Selim Ya\u011fc\u0131\u2019n\u0131n da misafir olarak kat\u0131ld\u0131\u011f\u0131 toplant\u0131da; Bursaray Karaman \u0130stasyonu\u2019nun ismi Karaman-H\u00fcrriyet \u0130stasyonu, \u0130znik 1. Murat Hamam\u0131\u2019n\u0131n ismi de \u0130znik \u00c7ini M\u00fczesi olarak de\u011fi\u015ftirildi. \u0130ki karar da oy birli\u011fiyle al\u0131nd\u0131.<\/p>\n<p>B\u00fcy\u00fck\u015fehir Belediye Ba\u015fkan\u0131 Alinur Akta\u015f, Bursa\u2019da kald\u0131r\u0131m ve yol i\u015fg\u00e2llerine asla izin vermeyeceklerini s\u00f6yledi. Bu konuda il\u00e7e belediyelerine de g\u00f6revler d\u00fc\u015ft\u00fc\u011f\u00fcn\u00fc, bu konudaki y\u00fck\u00fcml\u00fcl\u00fcklerin eksiksiz yerine getirilmesini beklediklerini ifade eden Ba\u015fkan Akta\u015f, \u201cUygulaman\u0131n sadece ana caddelerde yerine getirilmesine gerek yok. Ara arterlerde de ger\u00e7ekle\u015ftirilmeli\u201d diye konu\u015ftu. Ge\u00e7en hafta Mudanya ve Gemlik sahillerini i\u015fg\u00e2l edenlere kar\u015f\u0131 bir operasyon yapt\u0131klar\u0131n\u0131 ve vatanda\u015flardan takdir ve te\u015fekk\u00fcr ald\u0131klar\u0131n\u0131 vurgulayan Ba\u015fkan Akta\u015f, \u201c\u2018Bizim sorumlulu\u011fumuzdad\u0131r, de\u011fildir. Farkl\u0131 siyas\u00ee partiden tart\u0131\u015fmas\u0131na girmeden, Mudanya ve Gemlik\u2019te m\u00fcdahalelerimizi ger\u00e7ekle\u015ftirdik. Burada \u00f6nemli olan, vatanda\u015f\u0131m\u0131z\u0131n rahat etmesidir. Birka\u00e7 ki\u015finin menfaati i\u00e7in y\u00fczlerce, binlerce insan\u0131n keyfini ka\u00e7\u0131ramay\u0131z\u201d \u015feklinde konu\u015ftu.<\/p>\n","protected":false},"excerpt":{"rendered":"<p>B\u00dcY\u00dcK\u015eEH\u0130R BELED\u0130YE BA\u015eKANI AL\u0130NUR AKTA\u015e, BURSA\u2019DA KALDIRIM VE YOLLARIN HAKSIZ YERE \u0130\u015eG\u00c2L ED\u0130LMES\u0130NE KES\u0130NL\u0130KLE G\u00d6Z YUMMAYACAKLARINI BEL\u0130RTEREK, \u201cB\u0130RKA\u00c7 K\u0130\u015e\u0130N\u0130N MENFAAT\u0130 \u0130\u00c7\u0130N Y\u00dcZLERCE B\u0130NLERCE K\u0130\u015e\u0130N\u0130N RAHATINI BOZAMAYIZ\u201d DED\u0130.<\/p>\n","protected":false},"author":1,"featured_media":205152,"comment_status":"closed","ping_status":"open","sticky":false,"template":"","format":"standard","meta":{"jetpack_post_was_ever_published":false,"_jetpack_newsletter_access":"","_jetpack_dont_email_post_to_subs":false,"_jetpack_newsletter_tier_id":0,"_jetpack_memberships_contains_paywalled_content":false,"_jetpack_memberships_contains_paid_content":false,"footnotes":"","jetpack_publicize_message":"","jetpack_publicize_feature_enabled":true,"jetpack_social_post_already_shared":true,"jetpack_social_options":{"image_generator_settings":{"template":"highway","default_image_id":0,"font":"","enabled":false},"version":2}},"categories":[1],"tags":[1032,2220,51785,6439,664],"class_list":["post-205151","post","type-post","status-publish","format-standard","has-post-thumbnail","hentry","category-genel","tag-bursada","tag-gecit","tag-isgallerine","tag-kaldirim","tag-yok"],"jetpack_publicize_connections":[],"jetpack_featured_media_url":"https:\/\/i0.wp.com\/www.tvturk.com\/wp-content\/uploads\/2019\/09\/bursada-kaldirim-isgllerine-gecit-yok_28de075.jpg?fit=1000%2C667","jetpack_sharing_enabled":true,"jetpack_shortlink":"https:\/\/wp.me\/paKIfm-RmT","_links":{"self":[{"href":"http:\/\/www.tvturk.com\/index.php\/wp-json\/wp\/v2\/posts\/205151","targetHints":{"allow":["GET"]}}],"collection":[{"href":"http:\/\/www.tvturk.com\/index.php\/wp-json\/wp\/v2\/posts"}],"about":[{"href":"http:\/\/www.tvturk.com\/index.php\/wp-json\/wp\/v2\/types\/post"}],"author":[{"embeddable":true,"href":"http:\/\/www.tvturk.com\/index.php\/wp-json\/wp\/v2\/users\/1"}],"replies":[{"embeddable":true,"href":"http:\/\/www.tvturk.com\/index.php\/wp-json\/wp\/v2\/comments?post=205151"}],"version-history":[{"count":0,"href":"http:\/\/www.tvturk.com\/index.php\/wp-json\/wp\/v2\/posts\/205151\/revisions"}],"wp:featuredmedia":[{"embeddable":true,"href":"http:\/\/www.tvturk.com\/index.php\/wp-json\/wp\/v2\/media\/205152"}],"wp:attachment":[{"href":"http:\/\/www.tvturk.com\/index.php\/wp-json\/wp\/v2\/media?parent=205151"}],"wp:term":[{"taxonomy":"category","embeddable":true,"href":"http:\/\/www.tvturk.com\/index.php\/wp-json\/wp\/v2\/categories?post=205151"},{"taxonomy":"post_tag","embeddable":true,"href":"http:\/\/www.tvturk.com\/index.php\/wp-json\/wp\/v2\/tags?post=205151"}],"curies":[{"name":"wp","href":"https:\/\/api.w.org\/{rel}","templated":true}]}}