{"id":205193,"date":"2019-09-20T09:16:14","date_gmt":"2019-09-20T06:16:14","guid":{"rendered":"http:\/\/www.tvturk.com\/index.php\/bal-sezonu-acilis-programinda-ari-saldirisi\/"},"modified":"2019-09-20T09:16:14","modified_gmt":"2019-09-20T06:16:14","slug":"bal-sezonu-acilis-programinda-ari-saldirisi","status":"publish","type":"post","link":"http:\/\/www.tvturk.com\/index.php\/bal-sezonu-acilis-programinda-ari-saldirisi\/","title":{"rendered":"Bal sezonu a\u00e7\u0131l\u0131\u015f program\u0131nda ar\u0131 sald\u0131r\u0131s\u0131"},"content":{"rendered":"<p>Van\u2019\u0131n Bah\u00e7esaray il\u00e7esinde bal hasat sezonunun a\u00e7\u0131l\u0131\u015f\u0131 i\u00e7in d\u00fczenlenen programda protokol \u00fcyeleri ar\u0131lar\u0131n sald\u0131r\u0131s\u0131na u\u011frad\u0131.<\/p>\n<p>Van Ar\u0131c\u0131lar Birli\u011fi Ba\u015fkan\u0131 Halil Tando\u011fan\u2019\u0131n \u00f6nc\u00fcl\u00fc\u011f\u00fcnde Bah\u00e7esaray il\u00e7esinde bal hasat program\u0131 d\u00fczenlendi. Olduk\u00e7a verimli bir sezon ge\u00e7iren ar\u0131c\u0131lar, \u2019\u015f\u00fck\u00fcr duas\u0131\u2019 yapmak istedi. \u015e\u00fck\u00fcr duas\u0131na Kaymakam Muhammet \u00d6ztabak, \u0130l\u00e7e M\u00fcft\u00fcs\u00fc Mustafa Kaya, \u0130l\u00e7e Emniyet M\u00fcd\u00fcr\u00fc Ahmet Hakan Y\u0131ld\u0131z, \u0130l\u00e7e Jandarma Komutan Vekili K\u0131demli Ba\u015f\u00e7avu\u015f Abdullah Ba\u015far, Van Tar\u0131m ve Orman \u0130l M\u00fcd\u00fcr\u00fc \u0130brahim G\u00f6renta\u015f, Van Ar\u0131c\u0131lar Birli\u011fi Ba\u015fkan\u0131 Halil Tando\u011fan, AK Parti Bah\u00e7esaray \u0130l\u00e7e Ba\u015fkan\u0131 Cumali Sab\u0131rl\u0131, Bah\u00e7esaray Belediye Ba\u015fkan Yard\u0131mc\u0131s\u0131 Ramazan Takmaz, Bah\u00e7esaray Tar\u0131m ve Orman \u0130l\u00e7e M\u00fcd\u00fcr\u00fc Erkan Hakan ve ar\u0131c\u0131lar kat\u0131ld\u0131. \u00dczerinde ar\u0131c\u0131 k\u0131yafeti bulunmayan \u0130l\u00e7e M\u00fcft\u00fcs\u00fc Mustafa Kaya, kovanlar\u0131n yan\u0131na gelerek protokol \u00fcyelerinin de haz\u0131r bulundu\u011fu programda dua okudu\u011fu s\u0131rada ar\u0131lar\u0131n sald\u0131r\u0131s\u0131  ba\u015flad\u0131. Bir anda tela\u015fa kap\u0131lan ve \u00fczerinde ar\u0131c\u0131 k\u0131yafeti bulunmayan protokol \u00fcyeleri sa\u011fa sola ka\u00e7t\u0131. Protokol \u00fcyeleri ve ar\u0131c\u0131lar, yakla\u015f\u0131k 100 metre kadar uzakla\u015ft\u0131. Ar\u0131 kovanlar\u0131n\u0131n yan\u0131ndan uzakla\u015fan protokol \u00fcyeleri, t\u00f6rene buradan devam etti. Yap\u0131lan duan\u0131n ard\u0131ndan kat\u0131l\u0131mc\u0131lara bal ikram edildi.<\/p>\n","protected":false},"excerpt":{"rendered":"<p>VAN&#8217;IN BAH\u00c7ESARAY \u0130L\u00c7ES\u0130NDE BAL HASAT SEZONUN A\u00c7ILI\u015eI \u0130\u00c7\u0130N D\u00dcZENLENEN PROGRAMDA PROTOKOL,ARILARIN SALDIRISINA U\u011eRADI.<\/p>\n","protected":false},"author":1,"featured_media":205194,"comment_status":"closed","ping_status":"open","sticky":false,"template":"","format":"standard","meta":{"jetpack_post_was_ever_published":false,"_jetpack_newsletter_access":"","_jetpack_dont_email_post_to_subs":false,"_jetpack_newsletter_tier_id":0,"_jetpack_memberships_contains_paywalled_content":false,"_jetpack_memberships_contains_paid_content":false,"footnotes":"","jetpack_publicize_message":"","jetpack_publicize_feature_enabled":true,"jetpack_social_post_already_shared":true,"jetpack_social_options":{"image_generator_settings":{"template":"highway","default_image_id":0,"font":"","enabled":false},"version":2}},"categories":[1],"tags":[1350,3125,2390,14243,15827,6296],"class_list":["post-205193","post","type-post","status-publish","format-standard","has-post-thumbnail","hentry","category-genel","tag-acilis","tag-ari","tag-bal","tag-programinda","tag-saldirisi","tag-sezonu"],"jetpack_publicize_connections":[],"jetpack_featured_media_url":"https:\/\/i0.wp.com\/www.tvturk.com\/wp-content\/uploads\/2019\/09\/bal-sezonu-acilis-programinda-ari-saldirisi_846348a.jpg?fit=1000%2C562","jetpack_sharing_enabled":true,"jetpack_shortlink":"https:\/\/wp.me\/paKIfm-Rnz","_links":{"self":[{"href":"http:\/\/www.tvturk.com\/index.php\/wp-json\/wp\/v2\/posts\/205193","targetHints":{"allow":["GET"]}}],"collection":[{"href":"http:\/\/www.tvturk.com\/index.php\/wp-json\/wp\/v2\/posts"}],"about":[{"href":"http:\/\/www.tvturk.com\/index.php\/wp-json\/wp\/v2\/types\/post"}],"author":[{"embeddable":true,"href":"http:\/\/www.tvturk.com\/index.php\/wp-json\/wp\/v2\/users\/1"}],"replies":[{"embeddable":true,"href":"http:\/\/www.tvturk.com\/index.php\/wp-json\/wp\/v2\/comments?post=205193"}],"version-history":[{"count":0,"href":"http:\/\/www.tvturk.com\/index.php\/wp-json\/wp\/v2\/posts\/205193\/revisions"}],"wp:featuredmedia":[{"embeddable":true,"href":"http:\/\/www.tvturk.com\/index.php\/wp-json\/wp\/v2\/media\/205194"}],"wp:attachment":[{"href":"http:\/\/www.tvturk.com\/index.php\/wp-json\/wp\/v2\/media?parent=205193"}],"wp:term":[{"taxonomy":"category","embeddable":true,"href":"http:\/\/www.tvturk.com\/index.php\/wp-json\/wp\/v2\/categories?post=205193"},{"taxonomy":"post_tag","embeddable":true,"href":"http:\/\/www.tvturk.com\/index.php\/wp-json\/wp\/v2\/tags?post=205193"}],"curies":[{"name":"wp","href":"https:\/\/api.w.org\/{rel}","templated":true}]}}