{"id":205199,"date":"2019-09-20T09:31:27","date_gmt":"2019-09-20T06:31:27","guid":{"rendered":"http:\/\/www.tvturk.com\/index.php\/stratejik-urun-soya-destek-bekliyor\/"},"modified":"2019-09-20T09:31:27","modified_gmt":"2019-09-20T06:31:27","slug":"stratejik-urun-soya-destek-bekliyor","status":"publish","type":"post","link":"http:\/\/www.tvturk.com\/index.php\/stratejik-urun-soya-destek-bekliyor\/","title":{"rendered":"Stratejik \u00fcr\u00fcn &#8220;soya&#8221; destek bekliyor"},"content":{"rendered":"<p>T\u00fcrkiye\u2019nin soya ihtiyac\u0131n\u0131n 3\u2019te 2\u2019sini kar\u015f\u0131layan Adana\u2019da hasat ba\u015flad\u0131. Ekim alan\u0131 ge\u00e7en y\u0131la g\u00f6re y\u00fczde 10 artan soyada \u00fclke genelinde 150 bin ton civar\u0131nda rekolte bekleniyor. Y\u00fcre\u011fir Ziraat Odas\u0131 Ba\u015fkan\u0131 Mehmet Ak\u0131n Do\u011fan, \u201c\u00dclkemizde \u00fcretilen soya miktar\u0131, yurt d\u0131\u015f\u0131ndan gelen soyan\u0131n y\u00fczde 10\u2019unu bile kar\u015f\u0131lamamakta. Soyaya verilen deste\u011fin artmas\u0131 gerek\u201d dedi.<\/p>\n<p>G\u0131da, yem ve ya\u011f sanayisinin ham maddesi olarak kullan\u0131lan, T\u00fcrkiye\u2019de 340 bin d\u00f6n\u00fcm alanda, Adana\u2019da ise 220 bin d\u00f6n\u00fcm alanda \u00fcretilen soyada hasat ba\u015flad\u0131. T\u00fcrkiye\u2019de \u00f6nemli bir yere sahip olan soyada bu y\u0131l \u00fclke genelinde 150 bin ton rekolte bekleniyor. Y\u00fcre\u011fir Ziraat Odas\u0131 Ba\u015fkan\u0131 Mehmet Ak\u0131n Do\u011fan, \u0130HA muhabirine yapt\u0131\u011f\u0131 a\u00e7\u0131klamada, stratejik \u00f6nemi nedeniyle soyan\u0131n olmazsa olmaz \u00fcr\u00fcnler aras\u0131nda yer ald\u0131\u011f\u0131n\u0131 s\u00f6yledi.<\/p>\n<p>\u00dclkenin y\u0131ll\u0131k 1,5 milyon ton soya ihtiyac\u0131n\u0131n sadece y\u00fczde 10\u2019unun T\u00fcrkiye\u2019de \u00fcretildi\u011fini belirten Do\u011fan, \u201cBug\u00fcn hasad\u0131n\u0131 yapt\u0131\u011f\u0131m\u0131z tarlada verim \u00e7ok da iyi g\u00f6z\u00fckm\u00fcyor. Verimin daha iyi olmas\u0131n\u0131 bekliyoruz. Soya, \u00fclkemizin olmazsa olmaz, \u00e7ok de\u011ferli ve stratejik \u00fcr\u00fcnlerinden bir tanesidir. Ge\u00e7en y\u0131l biz soyada d\u00f6n\u00fcm ba\u015f\u0131na 450 ile 550 kilogram aras\u0131nda verim ald\u0131k. Bu y\u0131lda in\u015fallah o kadar verim almay\u0131 bekliyoruz. Soya, protein a\u00e7\u0131s\u0131ndan \u00e7ok zengin. G\u0131da, yem ve ya\u011f sanayisinin ham maddesi konumunda. \u00dclkemizde \u00fcretilen soya miktar\u0131, yurt d\u0131\u015f\u0131ndan gelen soyan\u0131n y\u00fczde 10\u2019unu bile kar\u015f\u0131lamamakta\u201d dedi.<\/p>\n<p>&#8220;Fiyatlar erken a\u00e7\u0131klans\u0131n&#8221;<\/p>\n<p>Soyaya verilen deste\u011fin artmas\u0131 gerekti\u011fini ve fiyatlar\u0131n erken a\u00e7\u0131klanmas\u0131 gerekti\u011fini kaydeden Mehmet Ak\u0131n Do\u011fan, \u00e7ift\u00e7inin zor durumda oldu\u011funu s\u00f6yledi. 1 kilogram soya fiyat\u0131n\u0131n ge\u00e7en y\u0131la g\u00f6re y\u00fczde 25 oran\u0131nda azald\u0131\u011f\u0131n\u0131 aktaran Do\u011fan, daha sonra \u015funlar\u0131 kaydetti:<\/p>\n<p>\u201cVerilen destek, kilogram ba\u015f\u0131na 60 kuru\u015ftur. Biz bununda en az 1 lira olmas\u0131n\u0131 istiyoruz. \u00c7\u00fcnk\u00fc ge\u00e7en y\u0131ldan bu g\u00fcne girdi fiyatlar\u0131nda y\u00fczde 50 art\u0131\u015f oldu. Soyada ise art\u0131\u015f tam aksine olmad\u0131. \u00c7\u00fcnk\u00fc soya fiyatlar\u0131 ge\u00e7en y\u0131l 2 lira 40 kuru\u015f ile 2 lira 50 kuru\u015f aras\u0131ndayken \u015fuanda soya fiyat\u0131 kilogram ba\u015f\u0131na 2 lira. Soya fiyatlar\u0131 en az y\u00fczde 25 oran\u0131nda a\u015fa\u011f\u0131ya \u00e7ekti. Girdi fiyatlar\u0131 y\u00fczde y\u00fcz oran\u0131nda artarken.  \u015eu anda \u00e7ift\u00e7imiz kan a\u011fl\u0131yor. Ekim alanlar\u0131 Adana b\u00f6lgesinde ge\u00e7en y\u0131la g\u00f6re artt\u0131. Birinci \u00fcr\u00fcn soya ekimi \u00e7ok az ama bu\u011fday yerine ikinci \u00fcr\u00fcn soya ekim alanlar\u0131 artt\u0131. T\u00fcrkiye\u2019de \u00fcretilen yakla\u015f\u0131k 340 bin d\u00f6n\u00fcm soyan\u0131n 3\u2019te 2\u2019si Adana\u2019da \u00fcretilmekte. Genelde soya s\u0131cak iklim b\u00f6lgelerinde yeti\u015fir. \u00c7ok az bir soya ise Samsun\u2019un baz\u0131 yerlerinde yeti\u015fir. Nas\u0131l ki m\u0131s\u0131rda fiyatlar erkenden a\u00e7\u0131kland\u0131ysa soyada da fiyatlar\u0131n erken a\u00e7\u0131klan\u0131p Toprak Mahsulleri Ofisi taraf\u0131ndan al\u0131nmas\u0131n\u0131 istiyoruz.\u201d<\/p>\n","protected":false},"excerpt":{"rendered":"<p>T\u00dcRK\u0130YE\u2019N\u0130N SOYA \u0130HT\u0130YACININ 3\u2019TE 2\u2019S\u0130N\u0130 KAR\u015eILAYAN ADANA\u2019DA HASAT BA\u015eLADI.<\/p>\n","protected":false},"author":1,"featured_media":205200,"comment_status":"closed","ping_status":"open","sticky":false,"template":"","format":"standard","meta":{"jetpack_post_was_ever_published":false,"_jetpack_newsletter_access":"","_jetpack_dont_email_post_to_subs":false,"_jetpack_newsletter_tier_id":0,"_jetpack_memberships_contains_paywalled_content":false,"_jetpack_memberships_contains_paid_content":false,"footnotes":"","jetpack_publicize_message":"","jetpack_publicize_feature_enabled":true,"jetpack_social_post_already_shared":true,"jetpack_social_options":{"image_generator_settings":{"template":"highway","default_image_id":0,"font":"","enabled":false},"version":2}},"categories":[19],"tags":[4378,61,50341,13106,4337],"class_list":["post-205199","post","type-post","status-publish","format-standard","has-post-thumbnail","hentry","category-ekonomi","tag-bekliyor","tag-destek","tag-soya","tag-stratejik","tag-urun"],"jetpack_publicize_connections":[],"jetpack_featured_media_url":"https:\/\/i0.wp.com\/www.tvturk.com\/wp-content\/uploads\/2019\/09\/stratejik-urun-soya-destek-bekliyor_332245e.jpg?fit=1000%2C562","jetpack_sharing_enabled":true,"jetpack_shortlink":"https:\/\/wp.me\/paKIfm-RnF","_links":{"self":[{"href":"http:\/\/www.tvturk.com\/index.php\/wp-json\/wp\/v2\/posts\/205199","targetHints":{"allow":["GET"]}}],"collection":[{"href":"http:\/\/www.tvturk.com\/index.php\/wp-json\/wp\/v2\/posts"}],"about":[{"href":"http:\/\/www.tvturk.com\/index.php\/wp-json\/wp\/v2\/types\/post"}],"author":[{"embeddable":true,"href":"http:\/\/www.tvturk.com\/index.php\/wp-json\/wp\/v2\/users\/1"}],"replies":[{"embeddable":true,"href":"http:\/\/www.tvturk.com\/index.php\/wp-json\/wp\/v2\/comments?post=205199"}],"version-history":[{"count":0,"href":"http:\/\/www.tvturk.com\/index.php\/wp-json\/wp\/v2\/posts\/205199\/revisions"}],"wp:featuredmedia":[{"embeddable":true,"href":"http:\/\/www.tvturk.com\/index.php\/wp-json\/wp\/v2\/media\/205200"}],"wp:attachment":[{"href":"http:\/\/www.tvturk.com\/index.php\/wp-json\/wp\/v2\/media?parent=205199"}],"wp:term":[{"taxonomy":"category","embeddable":true,"href":"http:\/\/www.tvturk.com\/index.php\/wp-json\/wp\/v2\/categories?post=205199"},{"taxonomy":"post_tag","embeddable":true,"href":"http:\/\/www.tvturk.com\/index.php\/wp-json\/wp\/v2\/tags?post=205199"}],"curies":[{"name":"wp","href":"https:\/\/api.w.org\/{rel}","templated":true}]}}