{"id":205393,"date":"2019-09-20T13:33:10","date_gmt":"2019-09-20T10:33:10","guid":{"rendered":"http:\/\/www.tvturk.com\/index.php\/ulku-ocaklarindan-cocuklar-icin-dede-korkut\/"},"modified":"2019-09-20T13:33:10","modified_gmt":"2019-09-20T10:33:10","slug":"ulku-ocaklarindan-cocuklar-icin-dede-korkut","status":"publish","type":"post","link":"http:\/\/www.tvturk.com\/index.php\/ulku-ocaklarindan-cocuklar-icin-dede-korkut\/","title":{"rendered":"\u00dclk\u00fc Ocaklar\u0131\u2019ndan \u201c\u00c7ocuklar i\u00e7in Dede Korkut\u201d"},"content":{"rendered":"<p>\u00dclk\u00fc Ocaklar\u0131 E\u011fitim ve K\u00fclt\u00fcr Vakf\u0131 taraf\u0131ndan &#8220;\u00c7ocuklar \u0130\u00e7in Dede Korkut&#8221; isimli bir kitap yay\u0131mland\u0131. \u00dclk\u00fc Ocaklar\u0131 Genel Ba\u015fkan\u0131 Sinan Ate\u015f, yay\u0131mlanan ilk kitab\u0131 MHP Genel Ba\u015fkan\u0131 Devlet Bah\u00e7eli\u2019ye takdim etti.<\/p>\n<p>T\u00fcrk k\u00fclt\u00fcr\u00fcn\u00fcn T\u00fcrk gen\u00e7li\u011fine tan\u0131t\u0131lmas\u0131 i\u00e7in bu t\u00fcr eserlerin \u00f6nemli oldu\u011funu ifade eden \u00dclk\u00fc Ocaklar\u0131 Genel Ba\u015fkan\u0131 Sinan Ate\u015f, &#8220;Yak\u0131n ge\u00e7mi\u015fte bulunan bir yazma eser i\u00e7inde on \u00fc\u00e7\u00fcnc\u00fc hikayesi ke\u015ffedilen \u2018Dede Korkut Hikayelerini\u2019 siz de\u011ferli \u00e7ocuklar\u0131m\u0131z\u0131n anlayabilece\u011fi seviyede \u2018\u00c7ocuklar \u0130\u00e7in Dede Korkut\u2019 ismiyle yay\u0131na haz\u0131rlay\u0131p istifadenize sunmaktan dolay\u0131 \u00dclk\u00fc Ocaklar\u0131 E\u011fitim ve K\u00fclt\u00fcr Vakf\u0131 olarak hem b\u00fcy\u00fck bir sevin\u00e7 hem de b\u00fcy\u00fck bir heyecan duyuyoruz&#8221; ifadelerini kulland\u0131.<\/p>\n<p>Dede Korkut Hikayelerinin T\u00fcrk tarihinin ve T\u00fcrk milletinin toplumsal yap\u0131s\u0131n\u0131n daha iyi analiz edilmesi hususunda en b\u00fcy\u00fck kaynaklardan biri oldu\u011funu belirten Ate\u015f, &#8220;Bu kitapta O\u011fuz T\u00fcrklerinin sosyal hayat\u0131n\u0131, k\u00fclt\u00fcrel zenginliklerini, milli vas\u0131flar\u0131n\u0131 yans\u0131tan on \u00fc\u00e7 destans\u0131 hikaye yer almaktad\u0131r. Destans\u0131 bir \u00fcslup ta\u015f\u0131yan \u2018Dede Korkut Hikayeleri\u2019 T\u00fcrk toplumunun k\u00fclt\u00fcrel yap\u0131s\u0131n\u0131n, de\u011ferler sistemati\u011finin, tarih boyunca ya\u015fad\u0131\u011f\u0131 b\u00fcy\u00fck geli\u015fim ve de\u011fi\u015fim s\u00fcre\u00e7lerinin anla\u015f\u0131lmas\u0131 a\u00e7\u0131s\u0131ndan, \u00fczerinde ehemmiyetle durulmas\u0131 gereken bir cevherdir. Mehmet Fuat K\u00f6pr\u00fcl\u00fc, \u2019B\u00fct\u00fcn T\u00fcrk edebiyat\u0131n\u0131 terazinin bir g\u00f6z\u00fcne, Dede Korkut\u2019u di\u011fer g\u00f6z\u00fcne koysan\u0131z yine de Dede Korkut a\u011f\u0131r basar\u2019 \u015feklindeki s\u00f6zleriyle bu eserin milli k\u00fclt\u00fcr\u00fcm\u00fcz a\u00e7\u0131s\u0131ndan ta\u015f\u0131d\u0131\u011f\u0131 k\u0131ymeti izah etmi\u015ftir&#8221; \u015feklinde konu\u015ftu.<\/p>\n<p>\u00dclk\u00fc Ocaklar\u0131 E\u011fitim ve K\u00fclt\u00fcr Vakf\u0131 olarak \u00e7ocuklar\u0131n sosyal, duygusal ve bili\u015fsel geli\u015fimlerine b\u00fcy\u00fck \u00f6nem verdiklerini kaydeden Ate\u015f, \u201cYeni nesillerin zihnen ve ruhen yetkin bireyler olarak yeti\u015fmelerinin pedagojik usullere dayanan sistematik bir de\u011ferler e\u011fitim s\u00fcreci ile m\u00fcmk\u00fcn oldu\u011funu d\u00fc\u015f\u00fcn\u00fcyoruz. Dede Korkut Hikayeleri, de\u011ferler e\u011fitimi a\u00e7\u0131s\u0131ndan incelendi\u011finde derinliklerinde hazineler bar\u0131nd\u0131ran engin bir denizi and\u0131rmaktad\u0131r\u201d ifadelerini kulland\u0131.<\/p>\n<p>\u201cDede Korkut Hikayeleri\u201dnin \u00e7ocuklar\u0131n milli, manevi ve insani de\u011ferlerle yeti\u015fmesi noktas\u0131nda ve \u00e7ocuklar\u0131n yeti\u015fmesinde \u00f6nemli bir kaynak oldu\u011funu bildiren Ate\u015f, \u201cTabiat sevgisi, namus kavram\u0131, vatanseverlik, cesaret, dayan\u0131\u015fma, yard\u0131mla\u015fma, aile bireylerini koruma, b\u00fcy\u00fcklere sayg\u0131, evlat sevgisi, ba\u015far\u0131y\u0131 \u00f6d\u00fcllendirme, yi\u011fitlik, bilgi payla\u015f\u0131m\u0131, vefa, merhamet, zor durumdaki bir ki\u015fiye yard\u0131m etme, d\u00fcr\u00fcstl\u00fck, al\u00e7ak g\u00f6n\u00fcll\u00fcl\u00fck, fedakarl\u0131k, misafirperverlik, aile birli\u011fine \u00f6nem verme, adalet, hay\u0131rseverlik, dua ve ibadet etme gibi toplumsal yap\u0131m\u0131z\u0131n temel ta\u015flar\u0131 olan milli, manevi, sosyal, ahlaki ve k\u00fclt\u00fcrel de\u011ferlerimizi g\u00f6rmek m\u00fcmk\u00fcnd\u00fcr. Dolay\u0131s\u0131yla, \u2018\u00c7ocuklar \u0130\u00e7in Dede Korkut\u2019 ismiyle yay\u0131na haz\u0131rlad\u0131\u011f\u0131m\u0131z bu eserin, yar\u0131n\u0131n b\u00fcy\u00fckleri ve gelece\u011fimizin teminat\u0131 olan \u00e7ocuklar\u0131m\u0131z\u0131n geli\u015fimlerine \u00f6nemli katk\u0131lar sa\u011flayaca\u011f\u0131n\u0131 d\u00fc\u015f\u00fcn\u00fcyoruz\u201d dedi.<\/p>\n<p>\u00dclk\u00fc Ocaklar\u0131 E\u011fitim ve K\u00fclt\u00fcr Vakf\u0131 olarak milli k\u00fclt\u00fcr\u00fcm\u00fcz\u00fc yans\u0131tan en zengin numunelerden biri olan bu eserin \u00e7ocuklar taraf\u0131ndan okunup anla\u015f\u0131lmas\u0131n\u0131, ge\u00e7mi\u015ften beslenen sa\u011flam bir gelecek fikrinin olu\u015fmas\u0131 bak\u0131m\u0131ndan \u00e7ok \u00f6nemli buldu\u011funu s\u00f6yleyen Ate\u015f, &#8220;\u015eunu da ifade etmek gerekir ki sizler i\u00e7in haz\u0131rlad\u0131\u011f\u0131m\u0131z bu kitab\u0131n i\u00e7erisinde Dede Korkut\u2019un on \u00fc\u00e7\u00fcnc\u00fc hikayesini bulunduran ilk \u00e7ocuk yay\u0131n\u0131 olmas\u0131 bizim i\u00e7in ayr\u0131 bir \u00f6v\u00fcn\u00e7 kayna\u011f\u0131d\u0131r. Bu vesile ile \u00dclk\u00fc Ocaklar\u0131 E\u011fitim ve K\u00fclt\u00fcr Vakf\u0131 olarak \u00e7ocuklar\u0131m\u0131z i\u00e7in yapt\u0131\u011f\u0131m\u0131z yay\u0131nlar\u0131n h\u0131z kesmeden devam edece\u011finin m\u00fcjdesini vermekten de k\u0131van\u00e7 ve gurur duyuyoruz. Bu \u00f6nemli eserin sizlere ula\u015fmas\u0131 s\u00fcrecinde vermi\u015f oldu\u011fu desteklerden dolay\u0131 T\u00fcrk gen\u00e7li\u011fini daima okumaya, ara\u015ft\u0131rmaya ve sorgulamaya y\u00f6nlendiren Devlet Bah\u00e7eli\u2019ye sonsuz \u015f\u00fckranlar\u0131m\u0131 sunuyorum\u201d \u015feklinde konu\u015ftu.<\/p>\n","protected":false},"excerpt":{"rendered":"<p>\u00dcLK\u00dc OCAKLARI E\u011e\u0130T\u0130M VE K\u00dcLT\u00dcR VAKFI TARAFINDAN  &#8220;\u00c7OCUKLAR \u0130\u00c7\u0130N DEDE KORKUT&#8221; \u0130S\u0130ML\u0130 B\u0130R K\u0130TAP YAYIMLANDI. \u00dcLK\u00dc OCAKLARI GENEL BA\u015eKANI S\u0130NAN ATE\u015e, YAYIMLANAN \u0130LK K\u0130TABI MHP GENEL BA\u015eKANI DEVLET BAH\u00c7EL\u0130\u2019YE TAKD\u0130M ETT\u0130.<\/p>\n","protected":false},"author":1,"featured_media":205394,"comment_status":"closed","ping_status":"open","sticky":false,"template":"","format":"standard","meta":{"jetpack_post_was_ever_published":false,"_jetpack_newsletter_access":"","_jetpack_dont_email_post_to_subs":false,"_jetpack_newsletter_tier_id":0,"_jetpack_memberships_contains_paywalled_content":false,"_jetpack_memberships_contains_paid_content":false,"footnotes":"","jetpack_publicize_message":"","jetpack_publicize_feature_enabled":true,"jetpack_social_post_already_shared":true,"jetpack_social_options":{"image_generator_settings":{"template":"highway","default_image_id":0,"font":"","enabled":false},"version":2}},"categories":[656],"tags":[252,15878,44,15879,17319,9985],"class_list":["post-205393","post","type-post","status-publish","format-standard","has-post-thumbnail","hentry","category-kultur-sanat","tag-cocuklar","tag-dede","tag-icin","tag-korkut","tag-ocaklarindan","tag-ulku"],"jetpack_publicize_connections":[],"jetpack_featured_media_url":"https:\/\/i0.wp.com\/www.tvturk.com\/wp-content\/uploads\/2019\/09\/ulku-ocaklarindan-cocuklar-icin-dede-korkut_4e3b050.jpg?fit=1000%2C750","jetpack_sharing_enabled":true,"jetpack_shortlink":"https:\/\/wp.me\/paKIfm-RqN","_links":{"self":[{"href":"http:\/\/www.tvturk.com\/index.php\/wp-json\/wp\/v2\/posts\/205393","targetHints":{"allow":["GET"]}}],"collection":[{"href":"http:\/\/www.tvturk.com\/index.php\/wp-json\/wp\/v2\/posts"}],"about":[{"href":"http:\/\/www.tvturk.com\/index.php\/wp-json\/wp\/v2\/types\/post"}],"author":[{"embeddable":true,"href":"http:\/\/www.tvturk.com\/index.php\/wp-json\/wp\/v2\/users\/1"}],"replies":[{"embeddable":true,"href":"http:\/\/www.tvturk.com\/index.php\/wp-json\/wp\/v2\/comments?post=205393"}],"version-history":[{"count":0,"href":"http:\/\/www.tvturk.com\/index.php\/wp-json\/wp\/v2\/posts\/205393\/revisions"}],"wp:featuredmedia":[{"embeddable":true,"href":"http:\/\/www.tvturk.com\/index.php\/wp-json\/wp\/v2\/media\/205394"}],"wp:attachment":[{"href":"http:\/\/www.tvturk.com\/index.php\/wp-json\/wp\/v2\/media?parent=205393"}],"wp:term":[{"taxonomy":"category","embeddable":true,"href":"http:\/\/www.tvturk.com\/index.php\/wp-json\/wp\/v2\/categories?post=205393"},{"taxonomy":"post_tag","embeddable":true,"href":"http:\/\/www.tvturk.com\/index.php\/wp-json\/wp\/v2\/tags?post=205393"}],"curies":[{"name":"wp","href":"https:\/\/api.w.org\/{rel}","templated":true}]}}