{"id":205504,"date":"2019-09-20T16:32:08","date_gmt":"2019-09-20T13:32:08","guid":{"rendered":"http:\/\/www.tvturk.com\/index.php\/ruhun-yelkenleri-projesi-ekibi-mersinlilerle-bulustu\/"},"modified":"2019-09-20T16:32:08","modified_gmt":"2019-09-20T13:32:08","slug":"ruhun-yelkenleri-projesi-ekibi-mersinlilerle-bulustu","status":"publish","type":"post","link":"http:\/\/www.tvturk.com\/index.php\/ruhun-yelkenleri-projesi-ekibi-mersinlilerle-bulustu\/","title":{"rendered":"\u2019Ruhun Yelkenleri\u2019 projesi ekibi Mersinlilerle bulu\u015ftu"},"content":{"rendered":"<p>Rusya Beyaz Baston Derne\u011fi taraf\u0131ndan Rusya Devlet Atom Enerjisi Kurumu Rosatom\u2019un deste\u011fiyle d\u00fczenlenen \u2019Ruhun Yelkenleri\u2019 projesinin Akdeniz yolculu\u011fu, Marmaris ve Antalya\u2019dan sonra Mersin\u2019de devam etti.<\/p>\n<p>Engelli insanlar ve toplum aras\u0131nda yeni pozitif bir etkile\u015fim modeli olu\u015fturmak  amac\u0131yla 2011 y\u0131l\u0131ndan bu yana d\u00fczenlenen ve 14 Eyl\u00fcl\u2019den 3 Ekim 2019\u2019a kadar  s\u00fcrecek olan projenin Akdeniz etab\u0131 T\u00fcrkiye, K\u0131br\u0131s ve M\u0131s\u0131r\u2019da ger\u00e7ekle\u015ftiriliyor. Proje kapsam\u0131nda, yat gezisinden sosyal ve k\u00fclt\u00fcrel aktivitelere kadar \u00e7e\u015fitli etkinlikler d\u00fczenleniyor.<\/p>\n<p>\u2019Ruhun Yelkenleri\u2019 katamaran\u0131n\u0131n rotas\u0131n\u0131 Marmaris, Antalya, Kumkuyu, Ta\u015fucu,  Limasol (K\u0131br\u0131s), \u0130skenderiye (M\u0131s\u0131r) ve Marmaris duraklar\u0131 olu\u015fturuyor. Yolculuk  Rusya, Letonya, \u0130sve\u00e7, Ermenistan ve di\u011fer \u00fclkelerden engelli olan ve olmayan  insanlar\u0131n kat\u0131l\u0131m\u0131yla ger\u00e7ekle\u015ftiriliyor. 2011\u2019den bu yana, engelli insanlar da dahil  olmak \u00fczere olu\u015fturulan kapsaml\u0131 tak\u0131mlar, d\u00fcnyan\u0131n farkl\u0131 yerlerinde 15 geziye  kat\u0131ld\u0131. \u2019Ruhun Yelkenleri\u2019 projesi, kapsaml\u0131 yat\u00e7\u0131l\u0131\u011f\u0131, bir insan\u0131n \u00f6zel yeteneklerinin  ve becerilerinin d\u0131\u015favurumunun a\u00e7\u0131k bir modeli olarak geli\u015ftirmeyi hedefliyor.<\/p>\n<p>Mersin\u2019deki etkinlikler 2 g\u00fcn s\u00fcrecek<\/p>\n<p>Mersin\u2019de toplam 2 g\u00fcn s\u00fcrecek olan etkinliklerin birinci g\u00fcn\u00fcnde Aile, \u00c7al\u0131\u015fma ve  Sosyal Hizmetler Bakanl\u0131\u011f\u0131 Engelli ve Ya\u015fl\u0131 Hizmetleri Genel M\u00fcd\u00fcrl\u00fc\u011f\u00fc ile Mersin, Aile \u00c7al\u0131\u015fma ve Sosyal Hizmetler \u0130l M\u00fcd\u00fcrl\u00fc\u011f\u00fc\u2019n\u00fcn deste\u011fiyle Davultepe \u00c7ocuk  Evleri\u2019nde kapsay\u0131c\u0131 etkile\u015fim semineri d\u00fczenlendi. Seminere, T\u00fcrkiye Sakatlar Derne\u011fi Mersin \u015eubesi, Beyaz Ay Derne\u011fi, K\u00f6rleri E\u011fitim ve Kalk\u0131nd\u0131rma Derne\u011fi ile Otistik \u00c7ocuklar\u0131 Kazanma ve Ya\u015fatma Derne\u011fi \u00fcyeleri kat\u0131ld\u0131.<\/p>\n<p>Seminerde konu\u015fan Rusya Beyaz Baston Derne\u011finin Ba\u015fkan\u0131 ve ayn\u0131 zamanda Proje Y\u00f6neticisi Oleg Kolpashchikov, \u201cAile, \u00c7al\u0131\u015fma ve Sosyal Hizmetler Bakanl\u0131\u011f\u0131 Engelli ve Ya\u015fl\u0131 Hizmetleri Genel M\u00fcd\u00fcrl\u00fc\u011f\u00fc\u2019ne ve Mersin \u0130l M\u00fcd\u00fcrl\u00fc\u011f\u00fc\u2019ne te\u015fekk\u00fcrlerimizi sunuyoruz. Rosatom\u2019a destekleri i\u00e7in te\u015fekk\u00fcr ediyoruz. Kat\u0131l\u0131mc\u0131  ve i\u015fbirli\u011finde olan b\u00fct\u00fcn organizasyonlara g\u00f6n\u00fclden te\u015fekk\u00fcr ediyoruz. Bizim en b\u00fcy\u00fck de\u011ferimiz insanlar. En b\u00fcy\u00fck hedefimiz engelli ve engelsiz insanlar\u0131n yeteneklerinin ortaya \u00e7\u0131kmas\u0131. \u2019Ruhun Yelkenleri\u2019 projesini seneye de d\u00fczenleyece\u011fiz. \u00d6n\u00fcm\u00fczdeki sene engelli ve engelsiz kat\u0131l\u0131mc\u0131lar\u0131 projemize bekliyoruz\u201d dedi.<\/p>\n<p>Ekipte yer alan \u2018Rusya Tekerlekli Sandalyeli Dans Kupas\u0131\u2019 sahibi dans\u00e7\u0131 Anna Mirkina, kat\u0131l\u0131mc\u0131lara tekerlekli sandalyesiyle dans g\u00f6sterisi yapt\u0131. Mirkina, dans etmeyi asla b\u0131rakmayaca\u011f\u0131n\u0131 s\u00f6yledi. Zihinsel engelli \u00e7ocuklar \u00f6\u011fretmeni Johannes Marseille de tecr\u00fcbelerini kat\u0131l\u0131mc\u0131larla payla\u015ft\u0131.<\/p>\n<p>&#8220;Kendinize g\u00fcvenin&#8221;<\/p>\n<p>Ge\u00e7irdi\u011fi bir operasyon sonucu g\u00f6rme yetisini kaybeden a\u015f\u00e7\u0131 Ahmet \u0130rdel de Akdeniz etab\u0131n\u0131n tamam\u0131nda yer ald\u0131 ve denize a\u00e7\u0131ld\u0131. \u0130rdel, \u201cBen bir \u015feyler yapabilirim, evde oturmakla bir \u015fey olmuyor diye d\u00fc\u015f\u00fcnerek \u2019Ruhun Yelkenleri\u2019 projesine kat\u0131ld\u0131m. Yemek yapabilirim dedim ve bana komple mutfa\u011f\u0131 verdiler. Bula\u015f\u0131\u011f\u0131na kadar ben y\u0131k\u0131yorum. \u015eunu s\u00f6ylemek isterim. Kendinize g\u00fcvenin. Hi\u00e7bir zaman g\u00fcveni eksik etmeyin. Muhakkak yapars\u0131n\u0131z\u201d diye konu\u015ftu.<\/p>\n<p>&#8220;\u00d6zg\u00fcr bir ruhun neler yapabilece\u011fini \u00e7ok g\u00fczel g\u00f6steriyor&#8221;<\/p>\n<p>Seminerin sonunda proje ekibine te\u015fekk\u00fcr eden Mersin Aile \u00c7al\u0131\u015fma ve Sosyal Hizmetler \u0130l M\u00fcd\u00fcr Yard\u0131mc\u0131s\u0131 Cenk Koray Karaka\u015f \u015funlar\u0131 s\u00f6yledi: \u201cB\u00f6yle bir projenin ger\u00e7ekle\u015fiyor olmas\u0131,  bizim de i\u00e7inde yer almam\u0131z bizi \u00e7ok memnun etti. Proje ismiyle tam uyu\u015fmu\u015f. Anna han\u0131m\u0131n yapm\u0131\u015f oldu\u011fu dans, \u00f6zg\u00fcr bir ruhun neler yapabilece\u011fini \u00e7ok g\u00fczel g\u00f6steriyor.\u201d<\/p>\n<p>Kent Konseyi Engelliler Meclisi Ba\u015fkan\u0131 Dursun Arslan ise, \u201c\u00c7ok g\u00fczel bir proje. Biz de Kent Konseyi olarak destekliyoruz. Engelli arkada\u015flar\u0131n sosyal hayata kat\u0131l\u0131m\u0131n\u0131, sosyal hayatta her yerde olmas\u0131n\u0131 istiyoruz. F\u0131rsat verilirse en iyisini yapacaklar\u0131na inan\u0131yoruz\u201d ifadelerini kulland\u0131.<\/p>\n<p>Mersin\u2019deki etkinliklerin ikinci g\u00fcn\u00fcnde ise engelli ve engelsiz olarak 10 ki\u015fiden  olu\u015fan ekip, Fountaine Pajot Helia 44 M Lady Sophie yelken motorlu katamaranla  denize a\u00e7\u0131lacak.<\/p>\n","protected":false},"excerpt":{"rendered":"<p>RUSYA BEYAZ BASTON DERNE\u011e\u0130 TARAFINDAN RUSYA DEVLET ATOM  ENERJ\u0130S\u0130 KURUMU ROSATOM\u2019UN DESTE\u011e\u0130YLE D\u00dcZENLENEN &#8216;RUHUN YELKENLER\u0130&#8217; PROJES\u0130N\u0130N  AKDEN\u0130Z YOLCULU\u011eU, MARMAR\u0130S VE ANTALYA\u2019DAN SONRA MERS\u0130N\u2019DE DEVAM ETT\u0130.<\/p>\n","protected":false},"author":1,"featured_media":205505,"comment_status":"closed","ping_status":"open","sticky":false,"template":"","format":"standard","meta":{"jetpack_post_was_ever_published":false,"_jetpack_newsletter_access":"","_jetpack_dont_email_post_to_subs":false,"_jetpack_newsletter_tier_id":0,"_jetpack_memberships_contains_paywalled_content":false,"_jetpack_memberships_contains_paid_content":false,"footnotes":"","jetpack_publicize_message":"","jetpack_publicize_feature_enabled":true,"jetpack_social_post_already_shared":true,"jetpack_social_options":{"image_generator_settings":{"template":"highway","default_image_id":0,"font":"","enabled":false},"version":2}},"categories":[1],"tags":[389,2948,51897,1324,35535,51896],"class_list":["post-205504","post","type-post","status-publish","format-standard","has-post-thumbnail","hentry","category-genel","tag-bulustu","tag-ekibi","tag-mersinlilerle","tag-projesi","tag-ruhun","tag-yelkenleri"],"jetpack_publicize_connections":[],"jetpack_featured_media_url":"https:\/\/i0.wp.com\/www.tvturk.com\/wp-content\/uploads\/2019\/09\/ruhun-yelkenleri-projesi-ekibi-mersinlilerle-bulustu_ead94f5.jpg?fit=1000%2C562","jetpack_sharing_enabled":true,"jetpack_shortlink":"https:\/\/wp.me\/paKIfm-RsA","_links":{"self":[{"href":"http:\/\/www.tvturk.com\/index.php\/wp-json\/wp\/v2\/posts\/205504","targetHints":{"allow":["GET"]}}],"collection":[{"href":"http:\/\/www.tvturk.com\/index.php\/wp-json\/wp\/v2\/posts"}],"about":[{"href":"http:\/\/www.tvturk.com\/index.php\/wp-json\/wp\/v2\/types\/post"}],"author":[{"embeddable":true,"href":"http:\/\/www.tvturk.com\/index.php\/wp-json\/wp\/v2\/users\/1"}],"replies":[{"embeddable":true,"href":"http:\/\/www.tvturk.com\/index.php\/wp-json\/wp\/v2\/comments?post=205504"}],"version-history":[{"count":0,"href":"http:\/\/www.tvturk.com\/index.php\/wp-json\/wp\/v2\/posts\/205504\/revisions"}],"wp:featuredmedia":[{"embeddable":true,"href":"http:\/\/www.tvturk.com\/index.php\/wp-json\/wp\/v2\/media\/205505"}],"wp:attachment":[{"href":"http:\/\/www.tvturk.com\/index.php\/wp-json\/wp\/v2\/media?parent=205504"}],"wp:term":[{"taxonomy":"category","embeddable":true,"href":"http:\/\/www.tvturk.com\/index.php\/wp-json\/wp\/v2\/categories?post=205504"},{"taxonomy":"post_tag","embeddable":true,"href":"http:\/\/www.tvturk.com\/index.php\/wp-json\/wp\/v2\/tags?post=205504"}],"curies":[{"name":"wp","href":"https:\/\/api.w.org\/{rel}","templated":true}]}}