{"id":205740,"date":"2019-09-21T12:16:22","date_gmt":"2019-09-21T09:16:22","guid":{"rendered":"http:\/\/www.tvturk.com\/index.php\/karbondioksitten-gubre-ureterek-sera-gazini-azaltacaklar\/"},"modified":"2019-09-21T12:16:22","modified_gmt":"2019-09-21T09:16:22","slug":"karbondioksitten-gubre-ureterek-sera-gazini-azaltacaklar","status":"publish","type":"post","link":"http:\/\/www.tvturk.com\/index.php\/karbondioksitten-gubre-ureterek-sera-gazini-azaltacaklar\/","title":{"rendered":"Karbondioksitten g\u00fcbre \u00fcreterek sera gaz\u0131n\u0131 azaltacaklar"},"content":{"rendered":"<p>Gemlik G\u00fcbre Sanayii yeni \u00fcre yat\u0131r\u0131m\u0131n\u0131 hayata ge\u00e7iriyor.<\/p>\n<p>\u00dcre g\u00fcbresinin \u00fcretimi i\u00e7in \u00e7al\u0131\u015fmalar\u0131n\u0131 s\u00fcrd\u00fcren Gemlik G\u00fcbre Sanayii, 250 ki\u015fiye istihdam sa\u011flayacak olan \u00fcre tesisi kuruyor. Gemlik G\u00fcbre, T\u00fcrkiye ekonomisine ve ihracat\u0131na katk\u0131s\u0131n\u0131n yan\u0131 s\u0131ra \u00e7evreci olarak bilinen \u00fcre g\u00fcbresi \u00fcretim tesisi yat\u0131r\u0131m projesinde \u00f6nemli bir a\u015famay\u0131 daha tamamlad\u0131. Firma 250 milyon avroluk anla\u015fma i\u00e7in d\u00fcnyan\u0131n \u0130talyan Maire Tecnimont Spa firmas\u0131yla anla\u015fmaya vard\u0131.<\/p>\n<p>Gemlik G\u00fcbre A.\u015e.Genel M\u00fcd\u00fcr\u00fc Ali Odaba\u015f, &#8220;G\u00fcbre sekt\u00f6r\u00fcnde bir\u00e7ok giri\u015fime \u00f6nderlik yapan Gemlik G\u00fcbre, kurulacak olan tesiste atmosfere at\u0131lan karbondioksit gaz\u0131n\u0131 \u00fcre g\u00fcbresinin \u00fcretiminde ham madde olarak kullanacak. Karbondioksit gaz\u0131n\u0131n geri kazan\u0131lmas\u0131 sa\u011flanarak sera gaz\u0131 emisyonu azalt\u0131lacak. Ayr\u0131ca \u00fclkemizin ihtiyac\u0131 olan y\u0131ll\u0131k 2 milyon ton \u00fcre g\u00fcbresi ihtiyac\u0131n\u0131n yakla\u015f\u0131k y\u00fczde 30\u2019unu yerli \u00fcretimle kar\u015f\u0131layarak, \u00fcre g\u00fcbresi ithalat miktar\u0131n\u0131 ve d\u0131\u015fa ba\u011f\u0131ml\u0131\u011f\u0131 azaltaca\u011f\u0131z&#8221; dedi.<\/p>\n<p>Odaba\u015f, &#8220;Bu \u015fekilde c\u00e2r\u00ee a\u00e7\u0131\u011f\u0131n d\u00fc\u015f\u00fcr\u00fclmesinde \u00f6nemli katk\u0131 sa\u011flayacak olan yat\u0131r\u0131m projesinin teklif de\u011ferlendirme ve m\u00fcteahhit se\u00e7imi s\u00fcrecini ge\u00e7ti\u011fimiz g\u00fcnlerde tamamlad\u0131k. Maire Tecnimont Spa firmas\u0131yla anla\u015fmaya var\u0131ld\u0131. Tesis, \u00fcre g\u00fcbresi \u00fcretimi konusunda d\u00fcnyada mevcut en ileri teknolojiyi \u00fclkemize kazand\u0131racak ve uluslararas\u0131 proses g\u00fcvenlik seviyesine sahip olacak. Yakla\u015f\u0131k 250 milyon avro yat\u0131r\u0131m bedeliyle in\u015fa edilecek tesisin 2023 y\u0131l\u0131n\u0131n ilk \u00e7eyre\u011finde \u00fcretime ba\u015flamas\u0131 beklenmektedir&#8221; dedi.<\/p>\n","protected":false},"excerpt":{"rendered":"<p>GEML\u0130K G\u00dcBRE SANAY\u0130\u2019N\u0130N YEN\u0130 \u00dcRE YATIRIMI HAYATA GE\u00c7\u0130YOR<\/p>\n","protected":false},"author":1,"featured_media":205741,"comment_status":"closed","ping_status":"open","sticky":false,"template":"","format":"standard","meta":{"jetpack_post_was_ever_published":false,"_jetpack_newsletter_access":"","_jetpack_dont_email_post_to_subs":false,"_jetpack_newsletter_tier_id":0,"_jetpack_memberships_contains_paywalled_content":false,"_jetpack_memberships_contains_paid_content":false,"footnotes":"","jetpack_publicize_message":"","jetpack_publicize_feature_enabled":true,"jetpack_social_post_already_shared":true,"jetpack_social_options":{"image_generator_settings":{"template":"highway","default_image_id":0,"font":"","enabled":false},"version":2}},"categories":[19],"tags":[51950,51949,5287,25932,2012,10910],"class_list":["post-205740","post","type-post","status-publish","format-standard","has-post-thumbnail","hentry","category-ekonomi","tag-azaltacaklar","tag-gazini","tag-gubre","tag-karbondioksitten","tag-sera","tag-ureterek"],"jetpack_publicize_connections":[],"jetpack_featured_media_url":"https:\/\/i0.wp.com\/www.tvturk.com\/wp-content\/uploads\/2019\/09\/karbondioksitten-gubre-ureterek-sera-gazini-azaltacaklar_cf0d2f7.jpg?fit=664%2C354","jetpack_sharing_enabled":true,"jetpack_shortlink":"https:\/\/wp.me\/paKIfm-Rwo","_links":{"self":[{"href":"http:\/\/www.tvturk.com\/index.php\/wp-json\/wp\/v2\/posts\/205740","targetHints":{"allow":["GET"]}}],"collection":[{"href":"http:\/\/www.tvturk.com\/index.php\/wp-json\/wp\/v2\/posts"}],"about":[{"href":"http:\/\/www.tvturk.com\/index.php\/wp-json\/wp\/v2\/types\/post"}],"author":[{"embeddable":true,"href":"http:\/\/www.tvturk.com\/index.php\/wp-json\/wp\/v2\/users\/1"}],"replies":[{"embeddable":true,"href":"http:\/\/www.tvturk.com\/index.php\/wp-json\/wp\/v2\/comments?post=205740"}],"version-history":[{"count":0,"href":"http:\/\/www.tvturk.com\/index.php\/wp-json\/wp\/v2\/posts\/205740\/revisions"}],"wp:featuredmedia":[{"embeddable":true,"href":"http:\/\/www.tvturk.com\/index.php\/wp-json\/wp\/v2\/media\/205741"}],"wp:attachment":[{"href":"http:\/\/www.tvturk.com\/index.php\/wp-json\/wp\/v2\/media?parent=205740"}],"wp:term":[{"taxonomy":"category","embeddable":true,"href":"http:\/\/www.tvturk.com\/index.php\/wp-json\/wp\/v2\/categories?post=205740"},{"taxonomy":"post_tag","embeddable":true,"href":"http:\/\/www.tvturk.com\/index.php\/wp-json\/wp\/v2\/tags?post=205740"}],"curies":[{"name":"wp","href":"https:\/\/api.w.org\/{rel}","templated":true}]}}