{"id":205776,"date":"2019-09-21T13:02:18","date_gmt":"2019-09-21T10:02:18","guid":{"rendered":"http:\/\/www.tvturk.com\/index.php\/dunyanin-copu-insanlarin-ellerinde\/"},"modified":"2019-09-21T13:02:18","modified_gmt":"2019-09-21T10:02:18","slug":"dunyanin-copu-insanlarin-ellerinde","status":"publish","type":"post","link":"http:\/\/www.tvturk.com\/index.php\/dunyanin-copu-insanlarin-ellerinde\/","title":{"rendered":"D\u00fcnyan\u0131n \u00e7\u00f6p\u00fc insanlar\u0131n \u2019ellerinde\u2019"},"content":{"rendered":"<p>Eski\u015fehir\u2019de, Avrupa Hareketlilik Haftas\u0131 kapsam\u0131nda Tepeba\u015f\u0131 Belediyesinin destekleri ve \u00e7ok say\u0131da sivil toplum kurulu\u015funun yan\u0131 s\u0131ra \u00f6\u011frencilerin de kat\u0131l\u0131m\u0131yla \u2018Let\u2019s do it\u2019 (Hadi Yapal\u0131m) etkinli\u011fi d\u00fczenlendi. Etkinlikte T\u00fcrkiye\u2019nin 81 ilinde, d\u00fcnyada ise 157 \u00fclkede e\u015f zamanl\u0131 temizlik yap\u0131larak \u2018D\u00fcnya Temizli\u011fi\u2019 konusunda fark\u0131ndal\u0131k olu\u015fturuldu.<\/p>\n<p>D\u00fcnyan\u0131n her yerinden g\u00f6n\u00fcll\u00fc gruplar ve \u00e7e\u015fitli kurulu\u015flar, 157 \u00fclkede do\u011faya at\u0131lm\u0131\u015f \u00e7\u00f6pleri temizlemek ve toplum fark\u0131ndal\u0131\u011f\u0131n\u0131 art\u0131rmak i\u00e7in \u2018D\u00fcnya Temizli\u011fi\u2019 ad\u0131 alt\u0131nda bir uluslararas\u0131 hareket ba\u015flatt\u0131. 2008 y\u0131l\u0131nda Estonya\u2019da filizlenen Let\u2019s Do It (Hadi Yapal\u0131m) temizlik modeli bug\u00fcne kadar toplam 100\u2019den fazla \u00fclkede hayata ge\u00e7erken 9 milyon g\u00f6n\u00fcll\u00fc bu etkinliklerde yer ald\u0131. B\u00f6ylece \u015fimdiye dek 100 bin ton at\u0131k topland\u0131. Let\u2019s Do It\u2019in Eski\u015fehir aya\u011f\u0131 olarak \u00e7e\u015fitli sivil toplum kurulu\u015flar\u0131 bir araya gelip D\u00fcnya Temizlik G\u00fcn\u00fc\u2019nde Tepeba\u015f\u0131 Belediyesinin deste\u011fiyle Muttal\u0131p \u00c7ay\u0131r\u0131 civar\u0131ndaki at\u0131klar\u0131 toplad\u0131. Yap\u0131lan temizlikte 7\u2019den 70\u2019e onlarca ki\u015fi binlerce \u00e7\u00f6p toplad\u0131. Toplanan \u00e7\u00f6pler aras\u0131nda geri d\u00f6n\u00fc\u015f\u00fcme gidecekler ayr\u0131\u015ft\u0131r\u0131larak kalanlar bir araya getirildi. \u00c7evre duyarl\u0131l\u0131\u011f\u0131na vurgu yap\u0131lan etkinlikte, baz\u0131 \u00e7ocuklar g\u00f6rd\u00fckleri manzara kar\u015f\u0131s\u0131nda \u201cHayat\u0131mda hi\u00e7 bu kadar kirli yer g\u00f6rmedim\u201d dedi.<\/p>\n<p>\u201cT\u00fcrkiye\u2019de 81 ilde ayn\u0131 anda yery\u00fcz\u00fcnde de 157 \u00fclkede D\u00fcnya Temizlik G\u00fcn\u00fc etkinli\u011fi ba\u015flad\u0131\u201d<\/p>\n<p>Ger\u00e7ekle\u015fen etkinlik hakk\u0131nda konu\u015fan Co\u011frafya \u00d6\u011fretmeni Alev \u00c7elik, \u201cG\u00f6rd\u00fc\u011f\u00fcn\u00fcz \u00fczere bug\u00fcn \u00e7ok farkl\u0131 bir enerji i\u00e7in bir araya geldik. 21 Eyl\u00fcl Cumartesi saat 11.00 itibari ile T\u00fcrkiye\u2019de 81 ilde ayn\u0131 anda yery\u00fcz\u00fcnde de 157 \u00fclkede D\u00fcnya Temizlik G\u00fcn\u00fc etkinli\u011fi ba\u015flad\u0131. Bu kapsamda t\u00fcm sivil toplum kurulu\u015flar\u0131 bir araya gelerek bulundu\u011fumuz alanlardaki at\u0131klar\u0131, \u00e7\u00f6pleri topluyoruz. Toplanan \u00e7\u00f6pler yine geri d\u00f6n\u00fc\u015f\u00fcm \u015feklinde plastik, ka\u011f\u0131t ve cam \u015feklinde ayr\u0131\u015ft\u0131r\u0131lacak. Ayr\u0131\u015ft\u0131r\u0131lan \u00e7\u00f6plerin b\u00fcy\u00fck \u00e7o\u011funlu\u011fu geri d\u00f6n\u00fc\u015f\u00fcme gidecek. Hatta toplanan geri d\u00f6n\u00fc\u015f\u00fcm at\u0131klar\u0131n\u0131n bir k\u0131sm\u0131 da sanatsal faaliyetlere aktar\u0131lacak\u201d ifadelerini kulland\u0131.<\/p>\n<p>\u201cT\u00fcrkiye\u2019nin alan\u0131n\u0131n 5 kat\u0131 b\u00fcy\u00fckl\u00fc\u011f\u00fcnde bir plastik ada ortaya \u00e7\u0131kt\u0131\u201d<\/p>\n<p>Ayr\u0131ca \u00c7elik, son y\u0131llarda ortaya \u00e7\u0131kan at\u0131klar\u0131n b\u00fcy\u00fckl\u00fc\u011f\u00fcne de vurgu yaparak, \u201cBiz bunun i\u00e7in buraday\u0131z. Bug\u00fcn maalesef 7\u2019nci K\u0131ta Bienali\u2019nin temas\u0131nda da ayn\u0131 konu mevcut. Biliyoruz ki Havaii Adalar\u0131nda, Pasifik Okyanusu \u00fczerinde d\u00fcnyan\u0131n b\u00fct\u00fcn plastik at\u0131klar\u0131n\u0131n toplanarak T\u00fcrkiye\u2019nin alan\u0131n\u0131n 5 kat\u0131 b\u00fcy\u00fckl\u00fc\u011f\u00fcnde bir ada yani bir at\u0131k adas\u0131, plastik ada ortaya \u00e7\u0131kt\u0131. Biz de bu duyarl\u0131l\u0131kla bug\u00fcn buraday\u0131z. Ben \u00f6\u011frencilerimi toplad\u0131m, beraber geldik. Hepsi b\u00fcy\u00fck bir hevesle alandan \u00e7\u00f6pleri toplamaya ba\u015flad\u0131lar. Bu t\u00fcr etkinliklerin devam\u0131n\u0131 diliyorum. Ayn\u0131 zamanda da \u00e7evre duyarl\u0131l\u0131\u011f\u0131n\u0131n b\u00fct\u00fcn insanlar aras\u0131nda yayg\u0131nla\u015fmas\u0131n\u0131 temenni ediyorum. \u00c7\u00fcnk\u00fc s\u00fcrd\u00fcr\u00fclebilir bir yery\u00fcz\u00fc, s\u00fcrd\u00fcr\u00fclebilir bir kalk\u0131nma i\u00e7in b\u00fct\u00fcn insanlar\u0131n elini ta\u015f\u0131n alt\u0131na koymas\u0131 gerekiyor\u201d \u015feklinde konu\u015ftu.<\/p>\n<p>\u201cYani ne ararsan\u0131z var gibi bir \u015fey\u201d<\/p>\n<p>D\u00fcnya Temizlik G\u00fcn\u00fc etkinli\u011fine kat\u0131lan lise \u00f6\u011frencisi G\u00f6kay \u00d6zel, \u201cD\u00fcnyam\u0131z i\u00e7in, T\u00fcrkiye i\u00e7in en az\u0131ndan Eski\u015fehir i\u00e7in daha temiz bir yer olmas\u0131 ad\u0131na bu g\u00f6revi yap\u0131yoruz. \u00c7evre \u00e7ok pis \u00f6ncelikle. Yani ne ararsan\u0131z var gibi bir \u015fey. Ben araba far\u0131 buldum, mermer buldum, alkol ve soda \u015fi\u015feleri \u00e7ok fazla var. Mesela direkt yere atmak yerine 5-10 dakika elinde tutup \u00e7\u00f6pe atabilirler\u201d diye konu\u015ftu.<\/p>\n<p>\u201cHi\u00e7 bu kadar kirli bir yer g\u00f6rmemi\u015ftim\u201d<\/p>\n<p>Temizlik \u00e7al\u0131\u015fmalar\u0131na kat\u0131lan ortaokul \u00f6\u011frencisi Eyl\u00fcl Koyu ise \u201cBuraya geldi\u011fimde \u00e7ok heyecanlanm\u0131\u015ft\u0131m. Bir s\u00fcr\u00fc pet \u015fi\u015fe vard\u0131 onlar\u0131 toplad\u0131m. Bir s\u00fcr\u00fc cam vard\u0131 onlardan biraz koydum. Bir de \u00e7ok fazla sigara po\u015fetleri vard\u0131 onlar\u0131 koydum. Hi\u00e7 bu kadar kirli bir yer g\u00f6rmemi\u015ftim. Yani \u00e7ok kirliydi\u201d dedi.<\/p>\n","protected":false},"excerpt":{"rendered":"<p>YAPILAN TEM\u0130ZL\u0130KTE 7\u2019DEN 70\u2019E ONLARCA K\u0130\u015e\u0130 B\u0130NLERCE \u00c7\u00d6P TOP TOPLADI<\/p>\n","protected":false},"author":1,"featured_media":205777,"comment_status":"closed","ping_status":"open","sticky":false,"template":"","format":"standard","meta":{"jetpack_post_was_ever_published":false,"_jetpack_newsletter_access":"","_jetpack_dont_email_post_to_subs":false,"_jetpack_newsletter_tier_id":0,"_jetpack_memberships_contains_paywalled_content":false,"_jetpack_memberships_contains_paid_content":false,"footnotes":"","jetpack_publicize_message":"","jetpack_publicize_feature_enabled":true,"jetpack_social_post_already_shared":true,"jetpack_social_options":{"image_generator_settings":{"template":"highway","default_image_id":0,"font":"","enabled":false},"version":2}},"categories":[1],"tags":[51959,1197,1058,13467],"class_list":["post-205776","post","type-post","status-publish","format-standard","has-post-thumbnail","hentry","category-genel","tag-copu","tag-dunyanin","tag-ellerinde","tag-insanlarin"],"jetpack_publicize_connections":[],"jetpack_featured_media_url":"https:\/\/i0.wp.com\/www.tvturk.com\/wp-content\/uploads\/2019\/09\/dunyanin-copu-insanlarin-ellerinde_bbba95c.jpg?fit=1000%2C666","jetpack_sharing_enabled":true,"jetpack_shortlink":"https:\/\/wp.me\/paKIfm-RwY","_links":{"self":[{"href":"http:\/\/www.tvturk.com\/index.php\/wp-json\/wp\/v2\/posts\/205776","targetHints":{"allow":["GET"]}}],"collection":[{"href":"http:\/\/www.tvturk.com\/index.php\/wp-json\/wp\/v2\/posts"}],"about":[{"href":"http:\/\/www.tvturk.com\/index.php\/wp-json\/wp\/v2\/types\/post"}],"author":[{"embeddable":true,"href":"http:\/\/www.tvturk.com\/index.php\/wp-json\/wp\/v2\/users\/1"}],"replies":[{"embeddable":true,"href":"http:\/\/www.tvturk.com\/index.php\/wp-json\/wp\/v2\/comments?post=205776"}],"version-history":[{"count":0,"href":"http:\/\/www.tvturk.com\/index.php\/wp-json\/wp\/v2\/posts\/205776\/revisions"}],"wp:featuredmedia":[{"embeddable":true,"href":"http:\/\/www.tvturk.com\/index.php\/wp-json\/wp\/v2\/media\/205777"}],"wp:attachment":[{"href":"http:\/\/www.tvturk.com\/index.php\/wp-json\/wp\/v2\/media?parent=205776"}],"wp:term":[{"taxonomy":"category","embeddable":true,"href":"http:\/\/www.tvturk.com\/index.php\/wp-json\/wp\/v2\/categories?post=205776"},{"taxonomy":"post_tag","embeddable":true,"href":"http:\/\/www.tvturk.com\/index.php\/wp-json\/wp\/v2\/tags?post=205776"}],"curies":[{"name":"wp","href":"https:\/\/api.w.org\/{rel}","templated":true}]}}