{"id":205800,"date":"2019-09-21T13:32:28","date_gmt":"2019-09-21T10:32:28","guid":{"rendered":"http:\/\/www.tvturk.com\/index.php\/ormana-atilan-cansiz-manken-ve-lastikler-cop-toplayan-cocuklari-saskina-cevirdi\/"},"modified":"2019-09-21T13:32:28","modified_gmt":"2019-09-21T10:32:28","slug":"ormana-atilan-cansiz-manken-ve-lastikler-cop-toplayan-cocuklari-saskina-cevirdi","status":"publish","type":"post","link":"http:\/\/www.tvturk.com\/index.php\/ormana-atilan-cansiz-manken-ve-lastikler-cop-toplayan-cocuklari-saskina-cevirdi\/","title":{"rendered":"Ormana at\u0131lan cans\u0131z manken ve lastikler \u00e7\u00f6p toplayan \u00e7ocuklar\u0131 \u015fa\u015fk\u0131na \u00e7evirdi"},"content":{"rendered":"<p>D\u00fcnya Temizlik G\u00fcn\u00fc nedeniyle Kay\u0131\u015fda\u011f\u0131 Orman\u0131\u2019nda \u00e7ok say\u0131da \u00e7ocuk ve vatanda\u015f\u0131n kat\u0131l\u0131m\u0131yla \u00e7\u00f6p topland\u0131. Ormana at\u0131lan cans\u0131z manken, lastik ve \u015fi\u015feler \u00e7ocuklar\u0131 \u015fa\u015fk\u0131na \u00e7evirirken, yar\u0131m saatte kilolarca \u00e7\u00f6p topland\u0131.<\/p>\n<p>Ata\u015fehir Belediyesi taraf\u0131ndan 21 Eyl\u00fcl D\u00fcnya Temizlik G\u00fcn\u00fc\u2019nde Kay\u0131\u015fda\u011f\u0131 Orman\u0131\u2019nda \u00e7\u00f6p toplama etkinli\u011fi d\u00fczenlendi. D\u00fcnya ile ayn\u0131 anda ger\u00e7ekle\u015fen \u00e7\u00f6p toplama etkinli\u011fine Ata\u015fehir Belediye Ba\u015fkan Yard\u0131mc\u0131s\u0131 Ekrem K\u00f6se,  \u00e7ok say\u0131da \u00e7ocuk ve sporcu kat\u0131ld\u0131. \u00c7ocuklar ormana da\u011f\u0131larak kendilerine e\u015flik eden velilerle \u00e7\u00f6p toplad\u0131. Orman i\u00e7inde kar\u015f\u0131lar\u0131na \u00e7\u0131kan bir manzara ise \u00e7ocuklar\u0131 \u015fa\u015fk\u0131na \u00e7evirdi. Piknik\u00e7ilerin b\u0131rakt\u0131\u011f\u0131 \u00e7\u00f6plerin yan\u0131 s\u0131ra cans\u0131z manken ve lastik g\u00f6ren \u00e7ocuklar manzara kar\u015f\u0131s\u0131nda \u015fa\u015fk\u0131na d\u00f6nd\u00fc. Etkinli\u011fin sonunda kilolarca \u00e7\u00f6p toplan\u0131rken, kat\u0131lanlar toplad\u0131klar\u0131 \u00e7\u00f6plerin yan\u0131nda foto\u011fraf \u00e7ektirdi.<\/p>\n<p>&#8220;Temizlik alan\u0131nda \u00e7\u00f6p toplamada ben de var\u0131m&#8221; diyen Ata\u015fehir Belediye Ba\u015fkan Yard\u0131mc\u0131s\u0131 Ekrem K\u00f6se, \u2018\u2019Her sene belediyemizin geleneksel olarak d\u00fczenledi\u011fi bir etkinlik. D\u00fcnya Temizlik G\u00fcn\u00fc. Bug\u00fcn de daha \u00e7ok ya\u015f\u0131 k\u00fc\u00e7\u00fck olan \u00e7ocuklar\u0131m\u0131za, sporcu karde\u015flerimizle, \u00fcniversiteden gelen arkada\u015flar\u0131m\u0131zla, gen\u00e7lik bilim merkeziyle birlikte yapt\u0131k bu etkinli\u011fi. \u00c7ok g\u00fczel bir fark\u0131ndal\u0131k oldu\u011funu d\u00fc\u015f\u00fcn\u00fcyorum. Ormanlar\u0131n ne kadar pis b\u0131rak\u0131ld\u0131\u011f\u0131n\u0131 bir kez daha g\u00f6rm\u00fc\u015f bulunmaktay\u0131z. Bunun i\u00e7in eme\u011fi ge\u00e7en herkese te\u015fekk\u00fcr ederiz&#8221; ifadelerini kulland\u0131.<\/p>\n<p>\u00c7ocuklar ise &#8220;B\u00fcy\u00fcklerimiz \u00e7\u00f6p atmas\u0131nlar. \u00c7\u00f6plerin \u00e7\u00f6p kutusuna ats\u0131nlar. Do\u011fay\u0131 koruyal\u0131m&#8221; dedi.<\/p>\n<p>Daha temiz bir \u00e7evre ad\u0131na \u2019Haydi Ata\u015fehir, sen de kat\u0131l\u2019 slogan\u0131yla Kay\u0131\u015fda\u011f\u0131 ormanl\u0131k alan\u0131n\u0131n b\u00fcy\u00fck bir b\u00f6l\u00fcm\u00fcnde temizlik \u00e7al\u0131\u015fmas\u0131 yap\u0131ld\u0131.<\/p>\n","protected":false},"excerpt":{"rendered":"<p>D\u00dcNYA TEM\u0130ZL\u0130K G\u00dcN\u00dc NEDEN\u0130YLE KAYI\u015eDA\u011eI ORMANI&#8217;NDA \u00c7OK SAYIDA \u00c7OCUK VE VATANDA\u015eIN KATILIMIYLA \u00c7\u00d6P TOPLANDI. ORMANA ATILAN CANSIZ MANKEN, LAST\u0130K VE \u015e\u0130\u015eELER \u00c7OCUKLARI \u015eA\u015eKINA \u00c7EV\u0130R\u0130RKEN, YARIM SAATTE K\u0130LOLARCA \u00c7\u00d6P TOPLANDI.<\/p>\n","protected":false},"author":1,"featured_media":205801,"comment_status":"closed","ping_status":"open","sticky":false,"template":"","format":"standard","meta":{"jetpack_post_was_ever_published":false,"_jetpack_newsletter_access":"","_jetpack_dont_email_post_to_subs":false,"_jetpack_newsletter_tier_id":0,"_jetpack_memberships_contains_paywalled_content":false,"_jetpack_memberships_contains_paid_content":false,"footnotes":"","jetpack_publicize_message":"","jetpack_publicize_feature_enabled":true,"jetpack_social_post_already_shared":true,"jetpack_social_options":{"image_generator_settings":{"template":"highway","default_image_id":0,"font":"","enabled":false},"version":2}},"categories":[1],"tags":[8028,6742,2979,139,5448,22458,22188,4427,18821,13933],"class_list":["post-205800","post","type-post","status-publish","format-standard","has-post-thumbnail","hentry","category-genel","tag-atilan","tag-cansiz","tag-cevirdi","tag-cocuklari","tag-cop","tag-lastikler","tag-manken","tag-ormana","tag-saskina","tag-toplayan"],"jetpack_publicize_connections":[],"jetpack_featured_media_url":"https:\/\/i0.wp.com\/www.tvturk.com\/wp-content\/uploads\/2019\/09\/ormana-atilan-cansiz-manken-ve-lastikler-cop-toplayan-cocuklari-saskina-cevirdi_a540cbc.jpg?fit=1000%2C750","jetpack_sharing_enabled":true,"jetpack_shortlink":"https:\/\/wp.me\/paKIfm-Rxm","_links":{"self":[{"href":"http:\/\/www.tvturk.com\/index.php\/wp-json\/wp\/v2\/posts\/205800","targetHints":{"allow":["GET"]}}],"collection":[{"href":"http:\/\/www.tvturk.com\/index.php\/wp-json\/wp\/v2\/posts"}],"about":[{"href":"http:\/\/www.tvturk.com\/index.php\/wp-json\/wp\/v2\/types\/post"}],"author":[{"embeddable":true,"href":"http:\/\/www.tvturk.com\/index.php\/wp-json\/wp\/v2\/users\/1"}],"replies":[{"embeddable":true,"href":"http:\/\/www.tvturk.com\/index.php\/wp-json\/wp\/v2\/comments?post=205800"}],"version-history":[{"count":0,"href":"http:\/\/www.tvturk.com\/index.php\/wp-json\/wp\/v2\/posts\/205800\/revisions"}],"wp:featuredmedia":[{"embeddable":true,"href":"http:\/\/www.tvturk.com\/index.php\/wp-json\/wp\/v2\/media\/205801"}],"wp:attachment":[{"href":"http:\/\/www.tvturk.com\/index.php\/wp-json\/wp\/v2\/media?parent=205800"}],"wp:term":[{"taxonomy":"category","embeddable":true,"href":"http:\/\/www.tvturk.com\/index.php\/wp-json\/wp\/v2\/categories?post=205800"},{"taxonomy":"post_tag","embeddable":true,"href":"http:\/\/www.tvturk.com\/index.php\/wp-json\/wp\/v2\/tags?post=205800"}],"curies":[{"name":"wp","href":"https:\/\/api.w.org\/{rel}","templated":true}]}}