{"id":205802,"date":"2019-09-21T13:32:40","date_gmt":"2019-09-21T10:32:40","guid":{"rendered":"http:\/\/www.tvturk.com\/index.php\/dunya-temizlik-gununde-caddeleri-karis-karis-temizlediler\/"},"modified":"2019-09-21T13:32:40","modified_gmt":"2019-09-21T10:32:40","slug":"dunya-temizlik-gununde-caddeleri-karis-karis-temizlediler","status":"publish","type":"post","link":"http:\/\/www.tvturk.com\/index.php\/dunya-temizlik-gununde-caddeleri-karis-karis-temizlediler\/","title":{"rendered":"D\u00fcnya Temizlik G\u00fcn\u00fc\u2019nde caddeleri kar\u0131\u015f kar\u0131\u015f temizlediler"},"content":{"rendered":"<p>Edirne\u2019de 21 Eyl\u00fcl D\u00fcnya Temizlik G\u00fcn\u00fc etkinlikleri kapsam\u0131nda, \u00fcniversite \u00f6\u011frencileri kentin sokak ve caddelerini kar\u0131\u015f kar\u0131\u015f temizledi.<\/p>\n<p>Edirne Sara\u00e7lar Caddesi Atat\u00fcrk An\u0131t\u0131 \u00f6n\u00fcnde toplanan \u00fcniversite \u00f6\u011frencilerine, Edirne Belediyesi ba\u015fkan yard\u0131mc\u0131lar\u0131 ve meclis \u00fcyeleri de e\u015flik etti. Sar\u0131 eldivenlerini takan kat\u0131l\u0131mc\u0131lar, kentin en i\u015flek caddesi olan Sara\u00e7lar\u2019\u0131 kar\u0131\u015f kar\u0131\u015f gezerek temizlik yapt\u0131. 21 Eyl\u00fcl D\u00fcnya Temizlik G\u00fcn\u00fc etkinlikleri kapsam\u0131nda, bir fark\u0131ndal\u0131k olu\u015fturmak istediklerini dile getiren \u00fcniversite \u00f6\u011frencileri, belirledikleri g\u00fczergahlarda g\u00fcn boyu temizlik \u00e7al\u0131\u015fmas\u0131 yapacaklar\u0131n\u0131 belirtti.<\/p>\n<p>Edirne Belediye Ba\u015fkan Yard\u0131mc\u0131s\u0131 Dr. Ertu\u011frul Tanr\u0131kulu da hem ba\u015fkan yard\u0131mc\u0131lar\u0131 hem de meclis \u00fcyeleri olarak 21 Eyl\u00fcl D\u00fcnya Temizlik G\u00fcn\u00fc etkinliklerinde \u00fcniversite \u00f6\u011frencilerinin yan\u0131nda olduklar\u0131n\u0131 belirterek, Edirneli vatanda\u015flar\u0131 \u00e7\u00f6p konusunda duyarl\u0131 ve hassas olmaya davet etti.<\/p>\n","protected":false},"excerpt":{"rendered":"<p>ED\u0130RNE BELED\u0130YE BA\u015eKAN YARDIMCISI DR. ERTU\u011eRUL TANRIKULU<\/p>\n","protected":false},"author":1,"featured_media":205803,"comment_status":"closed","ping_status":"open","sticky":false,"template":"","format":"standard","meta":{"jetpack_post_was_ever_published":false,"_jetpack_newsletter_access":"","_jetpack_dont_email_post_to_subs":false,"_jetpack_newsletter_tier_id":0,"_jetpack_memberships_contains_paywalled_content":false,"_jetpack_memberships_contains_paid_content":false,"footnotes":"","jetpack_publicize_message":"","jetpack_publicize_feature_enabled":true,"jetpack_social_post_already_shared":true,"jetpack_social_options":{"image_generator_settings":{"template":"highway","default_image_id":0,"font":"","enabled":false},"version":2}},"categories":[1],"tags":[349,12957,2246,11772,26881,4285],"class_list":["post-205802","post","type-post","status-publish","format-standard","has-post-thumbnail","hentry","category-genel","tag-dunya","tag-caddeleri","tag-gununde","tag-karis","tag-temizlediler","tag-temizlik"],"jetpack_publicize_connections":[],"jetpack_featured_media_url":"https:\/\/i0.wp.com\/www.tvturk.com\/wp-content\/uploads\/2019\/09\/dunya-temizlik-gununde-caddeleri-karis-karis-temizlediler_f66ddb7.jpg?fit=1000%2C666","jetpack_sharing_enabled":true,"jetpack_shortlink":"https:\/\/wp.me\/paKIfm-Rxo","_links":{"self":[{"href":"http:\/\/www.tvturk.com\/index.php\/wp-json\/wp\/v2\/posts\/205802","targetHints":{"allow":["GET"]}}],"collection":[{"href":"http:\/\/www.tvturk.com\/index.php\/wp-json\/wp\/v2\/posts"}],"about":[{"href":"http:\/\/www.tvturk.com\/index.php\/wp-json\/wp\/v2\/types\/post"}],"author":[{"embeddable":true,"href":"http:\/\/www.tvturk.com\/index.php\/wp-json\/wp\/v2\/users\/1"}],"replies":[{"embeddable":true,"href":"http:\/\/www.tvturk.com\/index.php\/wp-json\/wp\/v2\/comments?post=205802"}],"version-history":[{"count":0,"href":"http:\/\/www.tvturk.com\/index.php\/wp-json\/wp\/v2\/posts\/205802\/revisions"}],"wp:featuredmedia":[{"embeddable":true,"href":"http:\/\/www.tvturk.com\/index.php\/wp-json\/wp\/v2\/media\/205803"}],"wp:attachment":[{"href":"http:\/\/www.tvturk.com\/index.php\/wp-json\/wp\/v2\/media?parent=205802"}],"wp:term":[{"taxonomy":"category","embeddable":true,"href":"http:\/\/www.tvturk.com\/index.php\/wp-json\/wp\/v2\/categories?post=205802"},{"taxonomy":"post_tag","embeddable":true,"href":"http:\/\/www.tvturk.com\/index.php\/wp-json\/wp\/v2\/tags?post=205802"}],"curies":[{"name":"wp","href":"https:\/\/api.w.org\/{rel}","templated":true}]}}