{"id":205814,"date":"2019-09-21T14:02:27","date_gmt":"2019-09-21T11:02:27","guid":{"rendered":"http:\/\/www.tvturk.com\/index.php\/dogu-karadenizin-yuksek-kesimlerine-mevsimin-ilk-kari-yagdi\/"},"modified":"2019-09-21T14:02:27","modified_gmt":"2019-09-21T11:02:27","slug":"dogu-karadenizin-yuksek-kesimlerine-mevsimin-ilk-kari-yagdi","status":"publish","type":"post","link":"http:\/\/www.tvturk.com\/index.php\/dogu-karadenizin-yuksek-kesimlerine-mevsimin-ilk-kari-yagdi\/","title":{"rendered":"Do\u011fu Karadeniz\u2019in y\u00fcksek kesimlerine mevsimin ilk kar\u0131 ya\u011fd\u0131"},"content":{"rendered":"<p>Hava s\u0131cakl\u0131klar\u0131n\u0131n d\u00fcn ak\u015famdan bu yana Do\u011fu Karadeniz B\u00f6lgesi\u2019nde hissedilir d\u00fc\u015fmesi ile birlikte b\u00f6lgenin y\u00fcksek kesimlerine mevsimin ilk kar\u0131 ya\u011fd\u0131.<\/p>\n<p>Bulut Denizi ile me\u015fhur yerli ve yabanc\u0131 turistlerin son y\u0131llarda yo\u011fun \u015fekilde ziyaret etti\u011fi Rize\u2019nin \u00c7aml\u0131hem\u015fin il\u00e7esine ba\u011fl\u0131 2320 metre y\u00fcksekli\u011findeki Huser Yaylas\u0131 bug\u00fcn sabah saatlerinden itibaren hava s\u0131cakl\u0131\u011f\u0131n\u0131n -1 derecelere d\u00fc\u015fmesi ile birlikte beyaza b\u00fcr\u00fcnd\u00fc. Y\u00f6re sakinleri kar ya\u011f\u0131\u015f\u0131n\u0131 ve yaylay\u0131 cep telefonlar\u0131 ile g\u00f6r\u00fcnt\u00fcledi. Vatanda\u015flar\u0131n bulut denizine kar\u015f\u0131 sallanarak foto\u011fraf \u00e7ektirdikleri sal\u0131ncaklar da karla birlikte bo\u015f kald\u0131.<\/p>\n<p>Kar ya\u011f\u0131\u015f\u0131 hava s\u0131cakl\u0131klar\u0131n\u0131n b\u00f6lge genelinde d\u00fc\u015fmesi ile birlikte G\u00fcm\u00fc\u015fhane\u2019nin 2140 metre rak\u0131ml\u0131 Ta\u015fk\u00f6pr\u00fc Yaylas\u0131\u2019nda da etkili oldu. Ta\u015fk\u00f6pr\u00fc Yaylas\u0131\u2019nda da vatanda\u015flar o anlar\u0131 cep telefonlar\u0131 ile g\u00f6r\u00fcnt\u00fcledi.<\/p>\n","protected":false},"excerpt":{"rendered":"<p>BULUT DEN\u0130Z\u0130 \u0130LE ME\u015eHUR YERL\u0130 VE YABANCI TUR\u0130STLER\u0130N SON YILLARDA YO\u011eUN \u015eEK\u0130LDE Z\u0130YARET ETT\u0130\u011e\u0130 R\u0130ZE&#8217;N\u0130N \u00c7AMLIHEM\u015e\u0130N \u0130L\u00c7ES\u0130NE BA\u011eLI 2320 METRE Y\u00dcKSEKL\u0130\u011e\u0130NDEK\u0130 HUSER YAYLASI BUG\u00dcN SABAH SAATLER\u0130NDEN \u0130T\u0130BAREN HAVA SICAKLI\u011eININ -1 DERECELERE D\u00dc\u015eMES\u0130 \u0130LE B\u0130RL\u0130KTE BEYAZA B\u00dcR\u00dcND\u00dc. Y\u00d6RE SAK\u0130NLER\u0130 KAR YA\u011eI\u015eINI VE YAYLAYI CEP TELEFONLARI \u0130LE G\u00d6R\u00dcNT\u00dcLED\u0130.<\/p>\n","protected":false},"author":1,"featured_media":205815,"comment_status":"closed","ping_status":"open","sticky":false,"template":"","format":"standard","meta":{"jetpack_post_was_ever_published":false,"_jetpack_newsletter_access":"","_jetpack_dont_email_post_to_subs":false,"_jetpack_newsletter_tier_id":0,"_jetpack_memberships_contains_paywalled_content":false,"_jetpack_memberships_contains_paid_content":false,"footnotes":"","jetpack_publicize_message":"","jetpack_publicize_feature_enabled":true,"jetpack_social_post_already_shared":true,"jetpack_social_options":{"image_generator_settings":{"template":"highway","default_image_id":0,"font":"","enabled":false},"version":2}},"categories":[1],"tags":[2476,37,37978,21957,31922,51973,6375,3448],"class_list":["post-205814","post","type-post","status-publish","format-standard","has-post-thumbnail","hentry","category-genel","tag-dogu","tag-ilk","tag-karadenizin","tag-kari","tag-kesimlerine","tag-mevsimin","tag-yagdi","tag-yuksek"],"jetpack_publicize_connections":[],"jetpack_featured_media_url":"https:\/\/i0.wp.com\/www.tvturk.com\/wp-content\/uploads\/2019\/09\/dogu-karadenizin-yuksek-kesimlerine-mevsimin-ilk-kari-yagdi_d83ec06.jpg?fit=562%2C1000","jetpack_sharing_enabled":true,"jetpack_shortlink":"https:\/\/wp.me\/paKIfm-RxA","_links":{"self":[{"href":"http:\/\/www.tvturk.com\/index.php\/wp-json\/wp\/v2\/posts\/205814","targetHints":{"allow":["GET"]}}],"collection":[{"href":"http:\/\/www.tvturk.com\/index.php\/wp-json\/wp\/v2\/posts"}],"about":[{"href":"http:\/\/www.tvturk.com\/index.php\/wp-json\/wp\/v2\/types\/post"}],"author":[{"embeddable":true,"href":"http:\/\/www.tvturk.com\/index.php\/wp-json\/wp\/v2\/users\/1"}],"replies":[{"embeddable":true,"href":"http:\/\/www.tvturk.com\/index.php\/wp-json\/wp\/v2\/comments?post=205814"}],"version-history":[{"count":0,"href":"http:\/\/www.tvturk.com\/index.php\/wp-json\/wp\/v2\/posts\/205814\/revisions"}],"wp:featuredmedia":[{"embeddable":true,"href":"http:\/\/www.tvturk.com\/index.php\/wp-json\/wp\/v2\/media\/205815"}],"wp:attachment":[{"href":"http:\/\/www.tvturk.com\/index.php\/wp-json\/wp\/v2\/media?parent=205814"}],"wp:term":[{"taxonomy":"category","embeddable":true,"href":"http:\/\/www.tvturk.com\/index.php\/wp-json\/wp\/v2\/categories?post=205814"},{"taxonomy":"post_tag","embeddable":true,"href":"http:\/\/www.tvturk.com\/index.php\/wp-json\/wp\/v2\/tags?post=205814"}],"curies":[{"name":"wp","href":"https:\/\/api.w.org\/{rel}","templated":true}]}}