{"id":205995,"date":"2019-09-21T20:47:26","date_gmt":"2019-09-21T17:47:26","guid":{"rendered":"http:\/\/www.tvturk.com\/index.php\/pirat-avrupa-yelken-sampiyonasinda-birinci-almanya\/"},"modified":"2019-09-21T20:47:26","modified_gmt":"2019-09-21T17:47:26","slug":"pirat-avrupa-yelken-sampiyonasinda-birinci-almanya","status":"publish","type":"post","link":"http:\/\/www.tvturk.com\/index.php\/pirat-avrupa-yelken-sampiyonasinda-birinci-almanya\/","title":{"rendered":"Pirat Avrupa Yelken \u015eampiyonas\u0131\u2019nda birinci Almanya"},"content":{"rendered":"<p>EUROSAF 2019 Avrupa Pirat \u015eampiyonas\u0131 yar\u0131\u015flar\u0131 Kocaeli\u2019nin Dar\u0131ca il\u00e7esinde tamamland\u0131. \u015eampiyonda dereceye giren 3 tak\u0131m Almanya temsilcileri oldu.<\/p>\n<p>7 \u00fclkeden 116 sporcunun kat\u0131ld\u0131\u011f\u0131 EUROSAF 2019 Avrupa Pirat \u015eampiyonas\u0131 yar\u0131\u015flar\u0131 Kocaeli\u2019nin Dar\u0131ca il\u00e7esinde tamamland\u0131. Ge\u00e7ti\u011fimiz hafta sporcular\u0131n T\u00fcrkiye\u2019ye gelmesiyle verilen parti ile ba\u015flayan \u015fampiyona k\u0131yas\u0131ya yar\u0131\u015flara ev sahipli\u011fi yapt\u0131.<\/p>\n<p>Zaman zaman r\u00fczgar\u0131n azalmas\u0131yla zor anlar ya\u015fayan tak\u0131mlar 4 g\u00fcn s\u00fcren yar\u0131\u015fmalar\u0131n ard\u0131ndan \u00f6d\u00fcllerini d\u00fczenlenen t\u00f6renle ald\u0131. 14 y\u0131l aradan sonra T\u00fcrkiye\u2019de d\u00fczenlenen EUROSAF 2019 Avrupa Pirat \u015eampiyonas\u0131 dereceye giren ilk \u00fc\u00e7 isimde Almanya temsilcilerinden olu\u015ftu. Yar\u0131\u015fma sonu\u00e7lar\u0131na g\u00f6re birinci Fr\u0131eder B\u0131llerbeck &#8211; Julius Ra\u0131thel, ikinci Svenja Thoroe &#8211; Karsten Bredt, \u00fc\u00e7\u00fcnc\u00fc ise Lukas Buruning &#8211; Femke Gosch oldu. Yar\u0131\u015fmalarda en y\u00fcksek dereceyi alan T\u00fcrk ekibi ise Haluk Suntay-\u0130rfan Gezici\u2019nin olu\u015fturdu\u011fu tak\u0131m oldu. T\u00fcrk ekibi yar\u0131\u015fmay\u0131 dokuzuncu tamamlad\u0131.<\/p>\n<p>\u201c\u015eampiyona \u00e7ok \u00e7eki\u015fmeli oldu\u201d<\/p>\n<p>\u015eampiyonada en y\u00fcksek dereceyi yapan T\u00fcrk ekibinden milli sporcu Haluk Suntay yapt\u0131\u011f\u0131 a\u00e7\u0131klamada, \u201cAvrupa \u015eampiyonas\u0131\u2019nda dokuzuncu olduk. \u0130\u015fin a\u00e7\u0131k\u00e7as\u0131 daha iyi bir derece bekliyorduk ama dokuzunculukla yetinmek zorunda kald\u0131k. \u015eampiyona olduk\u00e7a \u00e7eki\u015fmeli oldu. Hava birazc\u0131k zorlay\u0131c\u0131yd\u0131. \u0130lk g\u00fcnlerde \u00e7ok d\u00fc\u015f\u00fck esti. Sonras\u0131nda ise \u00e7ok \u015fiddetli esti. Biraz zorland\u0131k. \u00c7ok daha iyi bir sonu\u00e7 bekliyorduk. Ama olmad\u0131. Genel olarak ba\u015far\u0131l\u0131 bir \u015fampiyona oldu. Kat\u0131lan \u00fclkeler \u015fampiyonan\u0131n kalitesinden olduk\u00e7a memnunlar\u201d dedi.<\/p>\n<p>Gezici: \u201cDerecemiz biraz daha y\u00fckseldi\u201d<\/p>\n<p>\u015eampiyonadan dokuzuncu olarak ayr\u0131lan milli sporcu \u0130rfan Gezici ise, \u201c\u015eartlar zordu. Daha iyi bir derece bekliyorduk ama g\u00fczel m\u00fcsabakalar olduk. Daha \u00f6nce kat\u0131ld\u0131\u011f\u0131m\u0131z Avrupa \u015eampiyonalar\u0131na g\u00f6re derecemiz biraz daha y\u00fckseldi. Daha iyi ko\u015fullarda olabilirdik. Fakat buda g\u00fczel\u201d dedi.<\/p>\n","protected":false},"excerpt":{"rendered":"<p>EUROSAF 2019 AVRUPA P\u0130RAT \u015eAMP\u0130YONASI YARI\u015eLARI KOCAEL\u0130\u2019N\u0130N DARICA \u0130L\u00c7ES\u0130NDE TAMAMLANDI. \u015eAMP\u0130YONDA DERECEYE G\u0130REN 3 TAKIM ALMANYA TEMS\u0130LC\u0130LER\u0130 OLDU.<\/p>\n","protected":false},"author":1,"featured_media":205996,"comment_status":"closed","ping_status":"open","sticky":false,"template":"","format":"standard","meta":{"jetpack_post_was_ever_published":false,"_jetpack_newsletter_access":"","_jetpack_dont_email_post_to_subs":false,"_jetpack_newsletter_tier_id":0,"_jetpack_memberships_contains_paywalled_content":false,"_jetpack_memberships_contains_paid_content":false,"footnotes":"","jetpack_publicize_message":"","jetpack_publicize_feature_enabled":true,"jetpack_social_post_already_shared":true,"jetpack_social_options":{"image_generator_settings":{"template":"highway","default_image_id":0,"font":"","enabled":false},"version":2}},"categories":[657],"tags":[42,392,93,51569,13384,30722],"class_list":["post-205995","post","type-post","status-publish","format-standard","has-post-thumbnail","hentry","category-spor","tag-almanya","tag-avrupa","tag-birinci","tag-pirat","tag-sampiyonasinda","tag-yelken"],"jetpack_publicize_connections":[],"jetpack_featured_media_url":"https:\/\/i0.wp.com\/www.tvturk.com\/wp-content\/uploads\/2019\/09\/pirat-avrupa-yelken-sampiyonasinda-birinci-almanya_e78f80b.jpg?fit=1000%2C666","jetpack_sharing_enabled":true,"jetpack_shortlink":"https:\/\/wp.me\/paKIfm-RAv","_links":{"self":[{"href":"http:\/\/www.tvturk.com\/index.php\/wp-json\/wp\/v2\/posts\/205995","targetHints":{"allow":["GET"]}}],"collection":[{"href":"http:\/\/www.tvturk.com\/index.php\/wp-json\/wp\/v2\/posts"}],"about":[{"href":"http:\/\/www.tvturk.com\/index.php\/wp-json\/wp\/v2\/types\/post"}],"author":[{"embeddable":true,"href":"http:\/\/www.tvturk.com\/index.php\/wp-json\/wp\/v2\/users\/1"}],"replies":[{"embeddable":true,"href":"http:\/\/www.tvturk.com\/index.php\/wp-json\/wp\/v2\/comments?post=205995"}],"version-history":[{"count":0,"href":"http:\/\/www.tvturk.com\/index.php\/wp-json\/wp\/v2\/posts\/205995\/revisions"}],"wp:featuredmedia":[{"embeddable":true,"href":"http:\/\/www.tvturk.com\/index.php\/wp-json\/wp\/v2\/media\/205996"}],"wp:attachment":[{"href":"http:\/\/www.tvturk.com\/index.php\/wp-json\/wp\/v2\/media?parent=205995"}],"wp:term":[{"taxonomy":"category","embeddable":true,"href":"http:\/\/www.tvturk.com\/index.php\/wp-json\/wp\/v2\/categories?post=205995"},{"taxonomy":"post_tag","embeddable":true,"href":"http:\/\/www.tvturk.com\/index.php\/wp-json\/wp\/v2\/tags?post=205995"}],"curies":[{"name":"wp","href":"https:\/\/api.w.org\/{rel}","templated":true}]}}