{"id":206069,"date":"2019-09-22T09:46:32","date_gmt":"2019-09-22T06:46:32","guid":{"rendered":"http:\/\/www.tvturk.com\/index.php\/ozel-engelli-vatandaslardan-chp-genel-merkezi-onunde-aclik-grevi\/"},"modified":"2019-09-22T09:46:32","modified_gmt":"2019-09-22T06:46:32","slug":"ozel-engelli-vatandaslardan-chp-genel-merkezi-onunde-aclik-grevi","status":"publish","type":"post","link":"http:\/\/www.tvturk.com\/index.php\/ozel-engelli-vatandaslardan-chp-genel-merkezi-onunde-aclik-grevi\/","title":{"rendered":"(\u00d6zel) Engelli vatanda\u015flardan CHP Genel Merkezi \u00f6n\u00fcnde a\u00e7l\u0131k grevi"},"content":{"rendered":"<p>Adana\u2019da engelli vatanda\u015flar\u0131n kullan\u0131m\u0131na a\u00e7\u0131laca\u011f\u0131 s\u00f6z\u00fc verilen gen\u00e7lik ve spor merkezinin a\u00e7\u0131lmad\u0131\u011f\u0131n\u0131 iddia eden iki engelli vatanda\u015f, CHP Genel Merkezi \u00f6n\u00fcnde a\u00e7l\u0131k grevi ba\u015flatt\u0131.<\/p>\n<p>Adana\u2019da engelli vatanda\u015flar\u0131n kullan\u0131m\u0131na sunulmak \u00fczere a\u00e7\u0131lmas\u0131 s\u00f6z\u00fc verilen gen\u00e7lik ve spor merkezinin a\u00e7\u0131lmad\u0131\u011f\u0131n\u0131 iddia eden engelli Celal Karado\u011fan ve Ramazan U\u00e7ar, CHP Genel Merkezi \u00f6n\u00fcnde a\u00e7l\u0131k grevine ba\u015flad\u0131. Adana\u2019dan gelerek CHP \u00f6n\u00fcnde a\u00e7l\u0131k grevine ba\u015flayan Celal Karado\u011fan, Adana\u2019daki Gen\u00e7 Engelliler Gen\u00e7lik ve Spor Kul\u00fcb\u00fc\u2019n\u00fcn kurucular\u0131ndan oldu\u011funu dile getirdi. CHP \u00f6n\u00fcnde \u0130HA\u2019ya a\u00e7\u0131klamalarda bulunan Karado\u011fan, &#8220;Adana\u2019dan Gen\u00e7 Engelliler Gen\u00e7lik ve Spor Kul\u00fcb\u00fc ad\u0131na buraday\u0131z. CHP Genel Ba\u015fkan\u0131 Kemal K\u0131l\u0131\u00e7daro\u011flu\u2019nun 12 Mart 2017 tarihinde temelini att\u0131\u011f\u0131, Gen\u00e7 Engelliler Gen\u00e7lik ve Spor Kul\u00fcb\u00fcn\u00fcn y\u00fczde 70\u2019ini kendi kaynaklar\u0131yla tamamlad\u0131\u011f\u0131 gen\u00e7lik merkezinin a\u00e7\u0131lamamas\u0131 \u00fczerine buraday\u0131z\u201d dedi.<\/p>\n<p>\u201cEngelli sporcular\u0131n \u00fc\u00e7 y\u0131ld\u0131r Seyhan Belediyesinden yak\u0131t alarak kulland\u0131\u011f\u0131 arac\u0131n yak\u0131t\u0131n\u0131 kesti\u201d<\/p>\n<p>Seyhan Belediye Ba\u015fkan\u0131 Akif Akay\u2019\u0131n engelli sporcular\u0131n \u00fc\u00e7 y\u0131ld\u0131r Seyhan Belediyesinden yak\u0131t alarak kulland\u0131\u011f\u0131 arac\u0131n yak\u0131t\u0131n\u0131 kesti\u011fini iddia eden Karado\u011fan, &#8220;31 Mart se\u00e7imlerinden sonra Seyhan Belediye Ba\u015fkan\u0131 Akif Akay hi\u00e7bir gerek\u00e7e g\u00f6stermeden engelli sporcular\u0131n \u00fc\u00e7 y\u0131ld\u0131r Seyhan Belediyesinden yak\u0131t alarak kulland\u0131\u011f\u0131 arac\u0131n yak\u0131t\u0131n\u0131 kesti. Bu sebeple yakla\u015f\u0131k 4,5 ayd\u0131r engelli arkada\u015flar\u0131m\u0131z evden \u00e7\u0131kam\u0131yorlar, antrenmanlar\u0131na gidemiyorlar. Daha da fenas\u0131 1 Haziran-1 Eyl\u00fcl aras\u0131nda yapaca\u011f\u0131m\u0131z t\u00fcm deniz ve havuz aktivitelerinden mahrum b\u0131rak\u0131ld\u0131lar&#8221; ifadelerini kulland\u0131.<\/p>\n<p>Karado\u011fan, &#8220;Ayr\u0131ca, \u00c7ukurova Belediyesinin prosed\u00fcrleri yerine getirmemesinden dolay\u0131 yakla\u015f\u0131k bir bu\u00e7uk ay \u00f6nce elektriklerimiz de kesildi&#8221; dedi.<\/p>\n<p>\u201cA\u011fza al\u0131nmayacak hakaretlerde bulunuldu\u201d<\/p>\n<p>Ya\u015fanan bu durumu \u00e7\u00f6z\u00fcme kavu\u015fturmak \u00fczere CHP Adana \u0130l Ba\u015fkan\u0131 Mehmet \u00c7elebi\u2019yi arad\u0131\u011f\u0131n\u0131 dile getiren Karado\u011fan, \u201cBu konuyu konu\u015fmak i\u00e7in arad\u0131\u011f\u0131m\u0131z CHP Adana \u0130l Ba\u015fkan\u0131 Mehmet \u00c7elebi, \u2019Benim belediyelere s\u00f6z\u00fcm ge\u00e7miyor. Benim yapacak bir \u015feyim yok\u2019 dedi. Ben de kendisine, \u2019O zaman istifa edin, o makamda bulunmay\u0131n kendi belediyelerinize s\u00f6z\u00fcn\u00fcz ge\u00e7miyorsa\u2019 dedi\u011fimde a\u011fza al\u0131nmayacak hakaretlerde bulunuldu\u201d \u015feklinde konu\u015ftu.<\/p>\n<p>Karado\u011fan, Cuma g\u00fcn\u00fc CHP\u2019ye geldiklerini belirterek, &#8220;Cuma g\u00fcn\u00fc bar\u0131\u015f\u00e7\u0131l bir dille geldik, CHP Genel Ba\u015fkan\u0131 Kemal K\u0131l\u0131\u00e7daro\u011flu\u2019nun Ba\u015fdan\u0131\u015fman\u0131 Deniz Demir ile g\u00f6r\u00fc\u015ft\u00fck. Kendisi bize mutlaka g\u00f6r\u00fc\u015fme ayarlayaca\u011f\u0131n\u0131, bu konunun hi\u00e7 eyleme gerek olmadan \u00e7\u00f6z\u00fclece\u011finin s\u00f6z\u00fcn\u00fc verdi fakat buraya geldi\u011fimizde ise \u2019Bana ilettiklerinizi \u00f6zel kaleme ilettim\u2019 dedi. Normalde biz bu eylemi hafta i\u00e7i de yapabilirdik ama bug\u00fcn \u015fu anda hava s\u0131cakl\u0131\u011f\u0131 5 derece ve hafta sonu burada hi\u00e7 kimse yok&#8221; ifadelerini kulland\u0131.<\/p>\n<p>\u201cEngelli gen\u00e7lerin haklar\u0131n\u0131 almak i\u00e7in sonuna kadar kararl\u0131y\u0131z\u201d<\/p>\n<p>Karado\u011fan, &#8220;Biz engelli gen\u00e7lerin haklar\u0131n\u0131 almak i\u00e7in sonuna kadar kararl\u0131y\u0131z. S\u00fcresiz ve d\u00f6n\u00fc\u015f\u00fcms\u00fcz a\u00e7l\u0131k grevi eylemine 16.30 itibariyle ba\u015flad\u0131k&#8221; dedi.<\/p>\n<p>Bu eylemin engelli yurtta\u015flar i\u00e7in bir \u00f6rnek olmas\u0131 gerekti\u011fini d\u00fc\u015f\u00fcnd\u00fc\u011f\u00fcn\u00fc dile getiren Karado\u011fan, \u201cEngelli insanlar dilenerek de\u011fil, direnerek de haklar\u0131n\u0131 kazanabilirler. Umar\u0131m bu eylem, di\u011fer haks\u0131zl\u0131\u011fa u\u011frayan engelli yurtta\u015flar i\u00e7in de bir \u00f6rnek olur\u201d \u015feklinde konu\u015ftu.<\/p>\n<p>A\u00e7l\u0131k grevini sonland\u0131r\u0131p sonland\u0131rmayacaklar\u0131 sorusu \u00fczerine ise Karado\u011fan, &#8220;CHP Genel Ba\u015fkan\u0131 Kemal K\u0131l\u0131\u00e7daro\u011flu\u2019ndan \u0131slak imzal\u0131 bir taahh\u00fctname almadan buradan ayr\u0131lmayaca\u011f\u0131z. Haklar\u0131m\u0131z\u0131 sonuna kadar savunaca\u011f\u0131z&#8221; ifadelerini kulland\u0131.<\/p>\n<p>CHP Lideri K\u0131l\u0131\u00e7daro\u011flu\u2019na seslenen Karado\u011fan, &#8220;Acaba \u015fu anda rahat uyuyor mu, biz burada d\u00f6rt derecede otururken? Tek sormak istedi\u011fim bu. \u00dcstelik ihale istemiyoruz, b\u00fcfe istemiyoruz, rant istemiyoruz. Sadece engelli \u00e7ocuklar\u0131n daha iyi ortamda \u00e7al\u0131\u015fabilece\u011fi bir alan talebimiz var&#8221; dedi.<\/p>\n<p>A\u00e7l\u0131k grevi yapmalar\u0131n\u0131n amac\u0131n\u0131 da a\u00e7\u0131klayan Karado\u011fan, \u015funlar\u0131 kaydetti:<\/p>\n<p>\u201cBeklentimiz Adana\u2019da o tesisin a\u00e7\u0131lmas\u0131, Seyhan Belediyesinin yak\u0131t\u0131 tekrar vermesi. \u00c7ukurova Belediyesinin elektriklerini a\u00e7mas\u0131 ve a\u00e7\u0131lacak tesiste her y\u0131l yakla\u015f\u0131k 10 bin yoksul \u00e7ocu\u011fa \u00fccretsiz spor imkan\u0131 olu\u015fturmak. Beklentimiz, amac\u0131m\u0131z, hedefimiz budur.&#8221;<\/p>\n<p>\u201cT\u00fcrkiye\u2019nin ilk sosyal giri\u015fim odakl\u0131 gen\u00e7lik merkezi a\u00e7\u0131lacak bu sayede\u201d<\/p>\n<p>A\u00e7\u0131lmas\u0131n\u0131 istedikleri gen\u00e7lik merkezi ile ilgili konu\u015fan Karado\u011fan, \u201cT\u00fcrkiye\u2019nin ilk sosyal giri\u015fim odakl\u0131 gen\u00e7lik merkezi a\u00e7\u0131lacak bu sayede. G\u00fcnd\u00fczleri dezavantajl\u0131 \u00e7ocuklar i\u00e7in spor akademisi kurulacak, ak\u015famlar\u0131 da hal\u0131 saha i\u015fletmesi kuraca\u011f\u0131z. \u015eeffafl\u0131k ilkesi ile bu hal\u0131 saha i\u015fletmesinde engelliler \u00e7al\u0131\u015facak. Buradan elde etti\u011fimiz gelirle de g\u00fcnd\u00fcz \u00fccretsiz yapt\u0131\u011f\u0131m\u0131z \u00e7al\u0131\u015fmalara, antren\u00f6r, psikolog, sosyolog ne gerekiyorsa profesyonel meslek olarak bunlar\u0131 temin edece\u011fiz&#8221; ifadelerini kulland\u0131.<\/p>\n<p>Celal Karado\u011fan ve Ramazan U\u00e7ar, geceyi de CHP \u00f6n\u00fcnde ge\u00e7irdi. \u0130kili, a\u00e7l\u0131k grevlerini s\u00fcrd\u00fcr\u00fcyor.<\/p>\n","protected":false},"excerpt":{"rendered":"<p>ADANA\u2019DA ENGELL\u0130 VATANDA\u015eLARIN KULLANIMINA SUNULMAK \u00dcZERE A\u00c7ILMASI S\u00d6Z\u00dc VER\u0130LEN GEN\u00c7L\u0130K VE SPOR MERKEZ\u0130N\u0130N A\u00c7ILMADI\u011eINI \u0130DD\u0130A EDEN \u0130K\u0130 ENGELL\u0130 VATANDA\u015e, CHP GENEL MERKEZ\u0130 \u00d6N\u00dcNDE S\u00dcRES\u0130Z VE D\u00d6N\u00dc\u015e\u00dcMS\u00dcZ A\u00c7LIK GREV\u0130NE BA\u015eLADI.<\/p>\n","protected":false},"author":1,"featured_media":206070,"comment_status":"closed","ping_status":"open","sticky":false,"template":"","format":"standard","meta":{"jetpack_post_was_ever_published":false,"_jetpack_newsletter_access":"","_jetpack_dont_email_post_to_subs":false,"_jetpack_newsletter_tier_id":0,"_jetpack_memberships_contains_paywalled_content":false,"_jetpack_memberships_contains_paid_content":false,"footnotes":"","jetpack_publicize_message":"","jetpack_publicize_feature_enabled":true,"jetpack_social_post_already_shared":true,"jetpack_social_options":{"image_generator_settings":{"template":"highway","default_image_id":0,"font":"","enabled":false},"version":2}},"categories":[1],"tags":[1073,19956,30,1784,869,47901,295,3565,9436],"class_list":["post-206069","post","type-post","status-publish","format-standard","has-post-thumbnail","hentry","category-genel","tag-ozel","tag-aclik","tag-chp","tag-engelli","tag-genel","tag-grevi","tag-merkezi","tag-onunde","tag-vatandaslardan"],"jetpack_publicize_connections":[],"jetpack_featured_media_url":"https:\/\/i0.wp.com\/www.tvturk.com\/wp-content\/uploads\/2019\/09\/ozel-engelli-vatandaslardan-chp-genel-merkezi-onunde-aclik-grevi_9677a59.jpg?fit=1000%2C750","jetpack_sharing_enabled":true,"jetpack_shortlink":"https:\/\/wp.me\/paKIfm-RBH","_links":{"self":[{"href":"http:\/\/www.tvturk.com\/index.php\/wp-json\/wp\/v2\/posts\/206069","targetHints":{"allow":["GET"]}}],"collection":[{"href":"http:\/\/www.tvturk.com\/index.php\/wp-json\/wp\/v2\/posts"}],"about":[{"href":"http:\/\/www.tvturk.com\/index.php\/wp-json\/wp\/v2\/types\/post"}],"author":[{"embeddable":true,"href":"http:\/\/www.tvturk.com\/index.php\/wp-json\/wp\/v2\/users\/1"}],"replies":[{"embeddable":true,"href":"http:\/\/www.tvturk.com\/index.php\/wp-json\/wp\/v2\/comments?post=206069"}],"version-history":[{"count":0,"href":"http:\/\/www.tvturk.com\/index.php\/wp-json\/wp\/v2\/posts\/206069\/revisions"}],"wp:featuredmedia":[{"embeddable":true,"href":"http:\/\/www.tvturk.com\/index.php\/wp-json\/wp\/v2\/media\/206070"}],"wp:attachment":[{"href":"http:\/\/www.tvturk.com\/index.php\/wp-json\/wp\/v2\/media?parent=206069"}],"wp:term":[{"taxonomy":"category","embeddable":true,"href":"http:\/\/www.tvturk.com\/index.php\/wp-json\/wp\/v2\/categories?post=206069"},{"taxonomy":"post_tag","embeddable":true,"href":"http:\/\/www.tvturk.com\/index.php\/wp-json\/wp\/v2\/tags?post=206069"}],"curies":[{"name":"wp","href":"https:\/\/api.w.org\/{rel}","templated":true}]}}